{"id":69467,"date":"2026-01-26T10:24:50","date_gmt":"2026-01-26T14:24:50","guid":{"rendered":"https:\/\/inces.gob.ve\/?p=69467"},"modified":"2026-01-26T10:25:37","modified_gmt":"2026-01-26T14:25:37","slug":"amazonas-jefa-de-formacion-profesional-realiza-encuentro-con-coordinadores-y-responsables-de-ambito","status":"publish","type":"post","link":"https:\/\/inces.gob.ve\/index.php\/2026\/01\/26\/amazonas-jefa-de-formacion-profesional-realiza-encuentro-con-coordinadores-y-responsables-de-ambito\/","title":{"rendered":"AMAZONAS | Jefa de formaci\u00f3n profesional realiza encuentro con coordinadores y responsables de \u00e1mbito"},"content":{"rendered":"<p style=\"text-align: justify;\"><span style=\"font-family: helvetica, arial, sans-serif; font-size: 18px;\"><em><strong>** Coordinadores y responsable de \u00e1mbitos del Inces realizan mesa de trabajo estrat\u00e9gica\u00a0<\/strong><\/em><\/span><br \/>\n<span style=\"font-family: helvetica, arial, sans-serif; font-size: 18px;\"><!--more--><\/span><\/p>\n<div dir=\"auto\" style=\"text-align: justify;\"><span style=\"font-family: helvetica, arial, sans-serif; font-size: 18px;\">\u200e<\/span><\/div>\n<div dir=\"auto\"><\/div>\n<div dir=\"auto\" style=\"text-align: justify;\"><span style=\"font-family: helvetica, arial, sans-serif; font-size: 18px;\">\u200eEl Centro de Formaci\u00f3n Socialista (CFS) Cacique Aramare del Instituto Nacional de Capacitaci\u00f3n y Educaci\u00f3n Socialista (Inces) en el estado Amazonas, fue el lugar de encuentro donde se llev\u00f3 a cabo una mesa de trabajo con los coordinadores y responsables de los \u00e1mbitos formativos: CFS, Comunas, Misiones y Grandes Misiones, Entidades de Trabajos, Resocializaci\u00f3n, Seguridad y Defensa, unidades educativas as\u00ed como tambi\u00e9n las coordinadoras del Programa Nacional de Aprendizaje (PNA) y el programa Bachillerato Productivo, esto con el fin de establecer directrices como parte de la planificacion de los procesos de formaci\u00f3n durante el a\u00f1o 2026, siguiendo las orientaciones del gerente regional, Tom\u00e1s Vivas\u00a0 con los lineamientos nacionales del presidente del Inces, Wuikelman Angel Paredes.<\/span><\/div>\n<div dir=\"auto\"><\/div>\n<div dir=\"auto\" style=\"text-align: justify;\"><span style=\"font-family: helvetica, arial, sans-serif; font-size: 18px;\">\u200e<\/span><\/div>\n<div dir=\"auto\" style=\"text-align: justify;\"><span style=\"font-family: helvetica, arial, sans-serif; font-size: 18px;\">\u200eEsta importante jornada cont\u00f3 con la participaci\u00f3n activa de la jefa de Formaci\u00f3n Profesional, Yuviri Silva, acompa\u00f1ado por el jefe de centro, Jhonny Vivas, la cual permiti\u00f3 revisar avances e identificar debilidades, con el objetivo de articular acciones que permitan garantizar el exito total de nuestra\u00a0 meta para este a\u00f1o 2026.<\/span><\/div>\n<div dir=\"auto\"><\/div>\n<div dir=\"auto\" style=\"text-align: justify;\"><span style=\"font-family: helvetica, arial, sans-serif; font-size: 18px;\">\u200e<\/span><\/div>\n<div dir=\"auto\" style=\"text-align: justify;\"><span style=\"font-family: helvetica, arial, sans-serif; font-size: 18px;\">\u200eYuviri Silva, jefa de Formaci\u00f3n Profesional, destac\u00f3 la importancia de estos espacios: \u201cDamos inicio a este nuevo periodo institucional 2026, para abrir puertas a hombres y mujeres dispuestos a formarse en las diferentes formaciones que promueven nuestra instituci\u00f3n. Tenemos como meta transformar el conocimiento en herramientas indispensable para el trabajo productivo regional\u201d. Menciono.\u00a0<\/span><\/div>\n<div dir=\"auto\"><\/div>\n<div dir=\"auto\" style=\"text-align: justify;\"><span style=\"font-family: helvetica, arial, sans-serif; font-size: 18px;\">\u200e<\/span><\/div>\n<div dir=\"auto\" style=\"text-align: justify;\"><span style=\"font-family: helvetica, arial, sans-serif; font-size: 18px;\">\u200ePor su parte, los coordinadores en cada \u00e1mbito, resaltaron el valor del trabajo colaborativo como tambi\u00e9n la necesidad de seguir fortaleciendo el v\u00ednculo entre la formaci\u00f3n t\u00e9cnica profesional en los diferentes ambientes formativos.<\/span><\/div>\n","protected":false},"excerpt":{"rendered":"<p>** Coordinadores y responsable de \u00e1mbitos del Inces realizan mesa de trabajo estrat\u00e9gica\u00a0<\/p>\n","protected":false},"author":15,"featured_media":69468,"comment_status":"closed","ping_status":"closed","sticky":false,"template":"","format":"standard","meta":{"footnotes":""},"categories":[2],"tags":[],"class_list":["post-69467","post","type-post","status-publish","format-standard","has-post-thumbnail","hentry","category-blog"],"_links":{"self":[{"href":"https:\/\/inces.gob.ve\/index.php\/wp-json\/wp\/v2\/posts\/69467","targetHints":{"allow":["GET"]}}],"collection":[{"href":"https:\/\/inces.gob.ve\/index.php\/wp-json\/wp\/v2\/posts"}],"about":[{"href":"https:\/\/inces.gob.ve\/index.php\/wp-json\/wp\/v2\/types\/post"}],"author":[{"embeddable":true,"href":"https:\/\/inces.gob.ve\/index.php\/wp-json\/wp\/v2\/users\/15"}],"replies":[{"embeddable":true,"href":"https:\/\/inces.gob.ve\/index.php\/wp-json\/wp\/v2\/comments?post=69467"}],"version-history":[{"count":1,"href":"https:\/\/inces.gob.ve\/index.php\/wp-json\/wp\/v2\/posts\/69467\/revisions"}],"predecessor-version":[{"id":69469,"href":"https:\/\/inces.gob.ve\/index.php\/wp-json\/wp\/v2\/posts\/69467\/revisions\/69469"}],"wp:featuredmedia":[{"embeddable":true,"href":"https:\/\/inces.gob.ve\/index.php\/wp-json\/wp\/v2\/media\/69468"}],"wp:attachment":[{"href":"https:\/\/inces.gob.ve\/index.php\/wp-json\/wp\/v2\/media?parent=69467"}],"wp:term":[{"taxonomy":"category","embeddable":true,"href":"https:\/\/inces.gob.ve\/index.php\/wp-json\/wp\/v2\/categories?post=69467"},{"taxonomy":"post_tag","embeddable":true,"href":"https:\/\/inces.gob.ve\/index.php\/wp-json\/wp\/v2\/tags?post=69467"}],"curies":[{"name":"wp","href":"https:\/\/api.w.org\/{rel}","templated":true}]}}