{"id":69477,"date":"2026-01-26T10:39:41","date_gmt":"2026-01-26T14:39:41","guid":{"rendered":"https:\/\/inces.gob.ve\/?p=69477"},"modified":"2026-01-26T10:45:33","modified_gmt":"2026-01-26T14:45:33","slug":"aragua-inces-dinamiza-la-economia-local-con-mas-de-500-formaciones-tecnicas-puestas-en-marcha","status":"publish","type":"post","link":"https:\/\/inces.gob.ve\/index.php\/2026\/01\/26\/aragua-inces-dinamiza-la-economia-local-con-mas-de-500-formaciones-tecnicas-puestas-en-marcha\/","title":{"rendered":"ARAGUA | Inces dinamiza la econom\u00eda local con m\u00e1s de 500 formaciones t\u00e9cnicas puestas en marcha"},"content":{"rendered":"<div dir=\"auto\" style=\"text-align: justify;\"><span style=\"font-family: helvetica, arial, sans-serif; font-size: 18px;\"><em><strong>** La sede regonal reafirm\u00f3 el compromiso con la patria a trav\u00e9s de la capacitaci\u00f3n de todos los participantes inscritos en diversas \u00e1reas de alta demanda para generar soluciones productivas en las comunidades.<\/strong><\/em><\/span><\/div>\n<p><!--more--><\/p>\n<div dir=\"auto\" style=\"text-align: justify;\"><\/div>\n<div dir=\"auto\"><\/div>\n<div dir=\"auto\" style=\"text-align: justify;\"><span style=\"font-family: helvetica, arial, sans-serif; font-size: 18px;\">NINOSKA PATRIZ\u00a0<\/span><\/div>\n<div dir=\"auto\" style=\"text-align: justify;\"><\/div>\n<div dir=\"auto\" style=\"text-align: justify;\"><span style=\"font-family: helvetica, arial, sans-serif; font-size: 18px;\">El Inces Aragua dio inicio formal a su cronograma formativo correspondiente al a\u00f1o 2026, reafirmando su rol estrat\u00e9gico en la capacitaci\u00f3n t\u00e9cnica profesional. Siguiendo las directrices de la presidenta encargada de la Rep\u00fablica Delcy Rodr\u00edguez y la gerente regional Alba Galindo, la instituci\u00f3n busca dotar a los ciudadanos de herramientas que generen soluciones productivas inmediatas en sus comunidades.<\/span><\/div>\n<div dir=\"auto\"><\/div>\n<div dir=\"auto\" style=\"text-align: justify;\"><\/div>\n<div dir=\"auto\" style=\"text-align: justify;\"><span style=\"font-family: helvetica, arial, sans-serif; font-size: 18px;\">Para este primer ciclo, la oferta acad\u00e9mica es amplia y diversa, con m\u00e1s de 500 formaciones abiertas al p\u00fablico. Este despliegue responde a la alta demanda de mano de obra calificada en sectores clave, permitiendo que los participantes se integren r\u00e1pidamente al aparato econ\u00f3mico del estado Aragua a trav\u00e9s del conocimiento pr\u00e1ctico.<\/span><\/div>\n<div dir=\"auto\"><\/div>\n<div dir=\"auto\" style=\"text-align: justify;\"><\/div>\n<div dir=\"auto\" style=\"text-align: justify;\"><span style=\"font-family: helvetica, arial, sans-serif; font-size: 18px;\">La infraestructura educativa se encuentra operativa en su totalidad, destacando la participaci\u00f3n de centros emblem\u00e1ticos como el Centro de Formaci\u00f3n Socialista Polivalente Berm\u00fadez, Cagua, Metalminero y Comercial La Victoria. Asimismo, se sumaron a este esfuerzo formativo los centros Colonia Tovar, el Metalminero Maracay, Villa de Cura y el Centro Educativo Metalmec\u00e1nico Automotriz (CEMA).<\/span><\/div>\n<div dir=\"auto\"><\/div>\n<div dir=\"auto\" style=\"text-align: justify;\"><\/div>\n<div dir=\"auto\" style=\"text-align: justify;\"><span style=\"font-family: helvetica, arial, sans-serif; font-size: 18px;\">Hasta el momento, la instituci\u00f3n registr\u00f3 una matr\u00edcula aproximada inicial de m\u00e1s de 300 participantes ya inscritos en las distintas formaciones. Entre las opciones ofertadas para este primer trimestre destacan ocupaciones como Electricidad, Mec\u00e1nica y Refrigeraci\u00f3n de aires acondicionados. De igual manera, se mantienen abiertas las inscripciones para \u00e1reas de servicios y emprendimiento, incluyendo Pasteler\u00eda, Reposter\u00eda, Barber\u00eda, Peluquer\u00eda y formaciones en Oratoria.<\/span><\/div>\n","protected":false},"excerpt":{"rendered":"<p>** La sede regonal reafirm\u00f3 el compromiso con la patria a trav\u00e9s de la capacitaci\u00f3n de todos los participantes inscritos en diversas \u00e1reas de alta demanda para generar soluciones productivas en las comunidades.<\/p>\n","protected":false},"author":15,"featured_media":69478,"comment_status":"closed","ping_status":"closed","sticky":false,"template":"","format":"standard","meta":{"footnotes":""},"categories":[2],"tags":[],"class_list":["post-69477","post","type-post","status-publish","format-standard","has-post-thumbnail","hentry","category-blog"],"_links":{"self":[{"href":"https:\/\/inces.gob.ve\/index.php\/wp-json\/wp\/v2\/posts\/69477","targetHints":{"allow":["GET"]}}],"collection":[{"href":"https:\/\/inces.gob.ve\/index.php\/wp-json\/wp\/v2\/posts"}],"about":[{"href":"https:\/\/inces.gob.ve\/index.php\/wp-json\/wp\/v2\/types\/post"}],"author":[{"embeddable":true,"href":"https:\/\/inces.gob.ve\/index.php\/wp-json\/wp\/v2\/users\/15"}],"replies":[{"embeddable":true,"href":"https:\/\/inces.gob.ve\/index.php\/wp-json\/wp\/v2\/comments?post=69477"}],"version-history":[{"count":3,"href":"https:\/\/inces.gob.ve\/index.php\/wp-json\/wp\/v2\/posts\/69477\/revisions"}],"predecessor-version":[{"id":69481,"href":"https:\/\/inces.gob.ve\/index.php\/wp-json\/wp\/v2\/posts\/69477\/revisions\/69481"}],"wp:featuredmedia":[{"embeddable":true,"href":"https:\/\/inces.gob.ve\/index.php\/wp-json\/wp\/v2\/media\/69478"}],"wp:attachment":[{"href":"https:\/\/inces.gob.ve\/index.php\/wp-json\/wp\/v2\/media?parent=69477"}],"wp:term":[{"taxonomy":"category","embeddable":true,"href":"https:\/\/inces.gob.ve\/index.php\/wp-json\/wp\/v2\/categories?post=69477"},{"taxonomy":"post_tag","embeddable":true,"href":"https:\/\/inces.gob.ve\/index.php\/wp-json\/wp\/v2\/tags?post=69477"}],"curies":[{"name":"wp","href":"https:\/\/api.w.org\/{rel}","templated":true}]}}