{"id":69500,"date":"2026-01-27T10:32:43","date_gmt":"2026-01-27T14:32:43","guid":{"rendered":"https:\/\/inces.gob.ve\/?p=69500"},"modified":"2026-01-27T10:36:23","modified_gmt":"2026-01-27T14:36:23","slug":"merida-inces-afina-detalles-para-el-inicio-de-la-formacion-2026","status":"publish","type":"post","link":"https:\/\/inces.gob.ve\/index.php\/2026\/01\/27\/merida-inces-afina-detalles-para-el-inicio-de-la-formacion-2026\/","title":{"rendered":"M\u00c9RIDA | Inces afina detalles para el inicio de la formaci\u00f3n 2026"},"content":{"rendered":"<p style=\"text-align: justify;\"><span style=\"font-family: helvetica, arial, sans-serif; font-size: 18px;\">*<em><strong>** Con una asamblea general que reuni\u00f3 a trabajadores, maestros\u00a0 y personal administrativo, se establecieron las l\u00edneas pedag\u00f3gicas y organizativas para el primer trimestre del a\u00f1o,\u00a0 priorizando la vinculaci\u00f3n de la formaci\u00f3n con los motores productivos<\/strong><\/em><\/span><\/p>\n<p style=\"text-align: justify;\"><span style=\"font-family: helvetica, arial, sans-serif; font-size: 18px;\"><!--more--><\/span><\/p>\n<p style=\"text-align: justify;\"><span style=\"font-family: helvetica, arial, sans-serif; font-size: 18px;\">NADIA LOBO\u00a0<\/span><br \/>\n<span style=\"font-family: helvetica, arial, sans-serif; font-size: 18px;\">Con el\u00a0 objetivo de garantizar una formaci\u00f3n t\u00e9cnica profesional de calidad, la gerente regional del Instituto Nacional de Capacitaci\u00f3n y Educaci\u00f3n Socialista (Inces) en M\u00e9rida,\u00a0 Camila Moros, desarroll\u00f3 una intensa agenda de trabajo denominada \u00abAfinando la Maquinaria 2026\u00bb, de cara al comienzo de las actividades educativas y productivas en esta entidad andina.<\/span><\/p>\n<p style=\"text-align: justify;\"><span style=\"font-family: helvetica, arial, sans-serif; font-size: 18px;\">En este sentido, la gerente regional desarroll\u00f3 varias asambleas con los trabajadores y trabajadoras en sus diferentes centros de formaci\u00f3n, que le permitieron verificar la capacidad t\u00e9cnica y humana disponible al servicio del pueblo meride\u00f1o, para el inicio de la formaci\u00f3n ofertada para el a\u00f1o 2026.<\/span><\/p>\n<p style=\"text-align: justify;\"><span style=\"font-family: helvetica, arial, sans-serif; font-size: 18px;\">La titular del Inces, destac\u00f3 que este tipo de encuentros adem\u00e1s de escuchar las propuestas, inquietudes y sugerencias del personal, permite evaluar las condiciones de talleres, laboratorios, aulas y ambientes de formaci\u00f3n dispuestos para la formaci\u00f3n t\u00e9cnica profesional.<\/span><\/p>\n<p style=\"text-align: justify;\"><img loading=\"lazy\" decoding=\"async\" class=\"aligncenter wp-image-69503 size-full\" src=\"https:\/\/inces.gob.ve\/wp-content\/uploads\/2026\/01\/IMG_20260124_135214_507-e1769524300134.jpg\" alt=\"\" width=\"800\" height=\"547\" \/><\/p>\n<p style=\"text-align: justify;\"><span style=\"font-family: helvetica, arial, sans-serif; font-size: 18px;\">Explic\u00f3 que tanto los espacios, como el personal de maestros y maestras, adem\u00e1s de corregir los procedimientos, busca afinar los \u00faltimos detalles con el objetivo de atender de manera integral, las demandas formativas en sus diferentes \u00e1mbitos y motores productivos.<\/span><\/p>\n<p style=\"text-align: justify;\"><span style=\"font-family: helvetica, arial, sans-serif; font-size: 18px;\">Los encuentros se\u00a0 desarrollaron en los cinco Centros de Formaci\u00f3n Socialista Eli\u00e9zer Otaiza, Comercial M\u00e9rida, Bicentenario (municipio Libertador); Polivalente (municipio Alberto Adriani) y el centro de formaci\u00f3m Agr\u00edcola La Azulita (municipio Andr\u00e9s Bello), del estado M\u00e9rida.<\/span><\/p>\n<div class=\"yj6qo\" style=\"text-align: justify;\"><\/div>\n","protected":false},"excerpt":{"rendered":"<p>*** Con una asamblea general que reuni\u00f3 a trabajadores, maestros\u00a0 y personal administrativo, se establecieron las l\u00edneas pedag\u00f3gicas y organizativas para el primer trimestre del a\u00f1o,\u00a0 priorizando la vinculaci\u00f3n de la formaci\u00f3n con los motores productivos<\/p>\n","protected":false},"author":15,"featured_media":69502,"comment_status":"closed","ping_status":"closed","sticky":false,"template":"","format":"standard","meta":{"footnotes":""},"categories":[2],"tags":[],"class_list":["post-69500","post","type-post","status-publish","format-standard","has-post-thumbnail","hentry","category-blog"],"_links":{"self":[{"href":"https:\/\/inces.gob.ve\/index.php\/wp-json\/wp\/v2\/posts\/69500","targetHints":{"allow":["GET"]}}],"collection":[{"href":"https:\/\/inces.gob.ve\/index.php\/wp-json\/wp\/v2\/posts"}],"about":[{"href":"https:\/\/inces.gob.ve\/index.php\/wp-json\/wp\/v2\/types\/post"}],"author":[{"embeddable":true,"href":"https:\/\/inces.gob.ve\/index.php\/wp-json\/wp\/v2\/users\/15"}],"replies":[{"embeddable":true,"href":"https:\/\/inces.gob.ve\/index.php\/wp-json\/wp\/v2\/comments?post=69500"}],"version-history":[{"count":7,"href":"https:\/\/inces.gob.ve\/index.php\/wp-json\/wp\/v2\/posts\/69500\/revisions"}],"predecessor-version":[{"id":69510,"href":"https:\/\/inces.gob.ve\/index.php\/wp-json\/wp\/v2\/posts\/69500\/revisions\/69510"}],"wp:featuredmedia":[{"embeddable":true,"href":"https:\/\/inces.gob.ve\/index.php\/wp-json\/wp\/v2\/media\/69502"}],"wp:attachment":[{"href":"https:\/\/inces.gob.ve\/index.php\/wp-json\/wp\/v2\/media?parent=69500"}],"wp:term":[{"taxonomy":"category","embeddable":true,"href":"https:\/\/inces.gob.ve\/index.php\/wp-json\/wp\/v2\/categories?post=69500"},{"taxonomy":"post_tag","embeddable":true,"href":"https:\/\/inces.gob.ve\/index.php\/wp-json\/wp\/v2\/tags?post=69500"}],"curies":[{"name":"wp","href":"https:\/\/api.w.org\/{rel}","templated":true}]}}