{"id":69511,"date":"2026-01-28T10:02:35","date_gmt":"2026-01-28T14:02:35","guid":{"rendered":"https:\/\/inces.gob.ve\/?p=69511"},"modified":"2026-01-28T11:38:19","modified_gmt":"2026-01-28T15:38:19","slug":"continuan-las-inscripciones-en-el-inces-descubre-mas-de-800-formaciones-disponibles","status":"publish","type":"post","link":"https:\/\/inces.gob.ve\/index.php\/2026\/01\/28\/continuan-las-inscripciones-en-el-inces-descubre-mas-de-800-formaciones-disponibles\/","title":{"rendered":"\u00a1Contin\u00faan las inscripciones en el Inces! Descubre m\u00e1s de 800 formaciones disponibles."},"content":{"rendered":"<p style=\"text-align: justify;\"><span style=\"font-family: helvetica, arial, sans-serif; font-size: 18px;\"><em><strong>** Uniendo la educaci\u00f3n con el trabajo se forma al hombre nuevo, se dignifica al trabajador y se sirve a la naci\u00f3n, uno de los mensajes Luis Beltr\u00e1n Prieto Figueroa<\/strong><\/em><!--more--><\/span><\/p>\n<p>&nbsp;<\/p>\n<p style=\"text-align: justify;\"><span style=\"font-family: helvetica, arial, sans-serif; font-size: 18px;\"><em>Dimas P\u00e1ez<\/em><\/span><\/p>\n<p style=\"text-align: justify;\"><span style=\"font-family: helvetica, arial, sans-serif; font-size: 18px;\">En la emisi\u00f3n N.\u00ba 344 del programa\u00a0<em>Somos Inces Radio<\/em>\u00a0se destac\u00f3 un tema de gran importancia: el proceso de inscripci\u00f3n para las diversas unidades curriculares que ofrece el Instituto Nacional de Capacitaci\u00f3n y Educaci\u00f3n Socialista (Inces).<\/span><\/p>\n<p>&nbsp;<\/p>\n<p style=\"text-align: justify;\"><span style=\"font-family: helvetica, arial, sans-serif; font-size: 18px;\">Transmitido desde Radio Miraflores, el programa permiti\u00f3 el contacto directo con los asesores comunicacionales del Inces Atilia Cort\u00e9z (Carabobo), Luis Freites (Anzo\u00e1tegui) y F\u00e9lix Ru\u00edz (Amazonas).<\/span><\/p>\n<p>&nbsp;<\/p>\n<p style=\"text-align: justify;\"><span style=\"font-family: helvetica, arial, sans-serif; font-size: 18px;\">El Inces brinda al pueblo m\u00e1s de ochocientas unidades curriculares de formaci\u00f3n t\u00e9cnica profesional, con el objetivo de dotar a los participantes de las herramientas necesarias para desempe\u00f1arse en una ocupaci\u00f3n productiva y contribuir al desarrollo de la patria.<\/span><\/p>\n<p>&nbsp;<\/p>\n<p style=\"text-align: justify;\"><span style=\"font-family: helvetica, arial, sans-serif; font-size: 18px;\">Los asesores comunicacionales conversaron con varias personas interesadas en formarse en el Inces. Desde Carabobo, la asesora Atilia Cort\u00e9z entrevist\u00f3 a Isa Parada, quien explic\u00f3 que se est\u00e1 inscribiendo en el perfil productivo Gu\u00eda de Protocolo, en la unidad de Oratoria. Parada invit\u00f3 a los j\u00f3venes a acercarse al Centro de Formaci\u00f3n Socialista (CFS) \u00abLuis Beltr\u00e1n Prieto Figueroa\u00bb en Valencia para realizar su inscripci\u00f3n.<\/span><\/p>\n<p>&nbsp;<\/p>\n<p style=\"text-align: justify;\"><span style=\"font-family: helvetica, arial, sans-serif; font-size: 18px;\">En el CFS Bicentenario, ubicado en el sector La Quezanda de Carabobo, el futuro participante Gabriel Torres tambi\u00e9n extendi\u00f3 una invitaci\u00f3n a inscribirse en diversas \u00e1reas como peluquer\u00eda, herrer\u00eda, refrigeraci\u00f3n, electricidad y administraci\u00f3n.<\/span><\/p>\n<p>1600<\/p>\n<p style=\"text-align: justify;\"><span style=\"font-family: helvetica, arial, sans-serif; font-size: 18px;\">Desde Amazonas, Eric Gonz\u00e1lez, perteneciente al pueblo ind\u00edgena Aroa, manifest\u00f3 su satisfacci\u00f3n por haberse inscrito e hizo un llamado general a la poblaci\u00f3n para que se sumen a estas formaciones, adquieran conocimientos y los apliquen en sus futuros campos de ejercicio.<\/span><\/p>\n<p>&nbsp;<\/p>\n<p style=\"text-align: justify;\"><span style=\"font-family: helvetica, arial, sans-serif; font-size: 18px;\">Por su parte, Luis Freites, desde el estado Anzo\u00e1tegui, coment\u00f3: \u00abHoy nos encontramos desplegados haciendo seguimiento al proceso de formaci\u00f3n t\u00e9cnica en nuestra regi\u00f3n\u00bb. En ese momento lo acompa\u00f1aba Suli \u00c1ngeles Col\u00e1ngelo, quien se inscrib\u00eda en la formaci\u00f3n de Secretariado Administrativo. \u00abEs un gusto ver a la juventud y al pueblo sum\u00e1ndose al conocimiento productivo\u00bb, a\u00f1adi\u00f3 Freites.<\/span><\/p>\n<p>&nbsp;<\/p>\n<p style=\"text-align: justify;\"><span style=\"font-family: helvetica, arial, sans-serif; font-size: 18px;\">El Inces dispone de 147 Centros de Formaci\u00f3n Socialista en todo el pa\u00eds y ofrece m\u00e1s de ochocientas unidades curriculares para la formaci\u00f3n t\u00e9cnica profesional del pueblo venezolano.<\/span><\/p>\n<p style=\"text-align: justify;\"><span style=\"font-family: helvetica, arial, sans-serif; font-size: 18px;\">\u00bfY t\u00fa, quieres ser un profesional? No pierdas m\u00e1s tiempo. El futuro est\u00e1 en ti, de la mano del Inces.<\/span><\/p>\n","protected":false},"excerpt":{"rendered":"<p>** Uniendo la educaci\u00f3n con el trabajo se forma al hombre nuevo, se dignifica al trabajador y se sirve a la naci\u00f3n, uno de los mensajes Luis Beltr\u00e1n Prieto Figueroa<\/p>\n","protected":false},"author":15,"featured_media":64806,"comment_status":"closed","ping_status":"closed","sticky":false,"template":"","format":"standard","meta":{"footnotes":""},"categories":[2],"tags":[],"class_list":["post-69511","post","type-post","status-publish","format-standard","has-post-thumbnail","hentry","category-blog"],"_links":{"self":[{"href":"https:\/\/inces.gob.ve\/index.php\/wp-json\/wp\/v2\/posts\/69511","targetHints":{"allow":["GET"]}}],"collection":[{"href":"https:\/\/inces.gob.ve\/index.php\/wp-json\/wp\/v2\/posts"}],"about":[{"href":"https:\/\/inces.gob.ve\/index.php\/wp-json\/wp\/v2\/types\/post"}],"author":[{"embeddable":true,"href":"https:\/\/inces.gob.ve\/index.php\/wp-json\/wp\/v2\/users\/15"}],"replies":[{"embeddable":true,"href":"https:\/\/inces.gob.ve\/index.php\/wp-json\/wp\/v2\/comments?post=69511"}],"version-history":[{"count":2,"href":"https:\/\/inces.gob.ve\/index.php\/wp-json\/wp\/v2\/posts\/69511\/revisions"}],"predecessor-version":[{"id":69513,"href":"https:\/\/inces.gob.ve\/index.php\/wp-json\/wp\/v2\/posts\/69511\/revisions\/69513"}],"wp:featuredmedia":[{"embeddable":true,"href":"https:\/\/inces.gob.ve\/index.php\/wp-json\/wp\/v2\/media\/64806"}],"wp:attachment":[{"href":"https:\/\/inces.gob.ve\/index.php\/wp-json\/wp\/v2\/media?parent=69511"}],"wp:term":[{"taxonomy":"category","embeddable":true,"href":"https:\/\/inces.gob.ve\/index.php\/wp-json\/wp\/v2\/categories?post=69511"},{"taxonomy":"post_tag","embeddable":true,"href":"https:\/\/inces.gob.ve\/index.php\/wp-json\/wp\/v2\/tags?post=69511"}],"curies":[{"name":"wp","href":"https:\/\/api.w.org\/{rel}","templated":true}]}}