{"id":69520,"date":"2026-01-28T12:07:09","date_gmt":"2026-01-28T16:07:09","guid":{"rendered":"https:\/\/inces.gob.ve\/?p=69520"},"modified":"2026-01-29T12:35:27","modified_gmt":"2026-01-29T16:35:27","slug":"escuela-de-medios-inces-celebra-el-dia-nacional-del-cine-con-el-estreno-mundial-de-dos-cortometrajes-en-su-canal-de-youtube","status":"publish","type":"post","link":"https:\/\/inces.gob.ve\/index.php\/2026\/01\/28\/escuela-de-medios-inces-celebra-el-dia-nacional-del-cine-con-el-estreno-mundial-de-dos-cortometrajes-en-su-canal-de-youtube\/","title":{"rendered":"Escuela de Medios Inces celebra el D\u00eda Nacional del Cine con el estreno mundial de dos cortometrajes en su canal de YouTube"},"content":{"rendered":"<p style=\"text-align: justify;\"><span style=\"font-family: helvetica, arial, sans-serif; font-size: 18px;\"><em><strong>** Los cortometrajes La negra encadenada y Leer entre l\u00edneas est\u00e1n disponibles a partir de este 28 de enero en el canal inces_ve<\/strong> <\/em><\/span><!--more--><\/p>\n<p>&nbsp;<\/p>\n<p style=\"text-align: justify;\"><strong><span style=\"font-family: helvetica, arial, sans-serif; font-size: 18px;\">ZULMA GAL\u00cdNDEZ<\/span><\/strong><\/p>\n<p style=\"text-align: justify;\"><strong><span style=\"font-family: helvetica, arial, sans-serif; font-size: 18px;\">F\/Archivo EMCI<\/span><\/strong><\/p>\n<p style=\"text-align: justify;\"><span style=\"font-family: helvetica, arial, sans-serif; font-size: 18px;\">Para celebrar el D\u00eda Nacional del Cine, la Escuela de Medios y Comunicaci\u00f3n del Inces (EMCI) pone a disposici\u00f3n del p\u00fablico dos cortometrajes de ficci\u00f3n: La negra encadenada y Leer entre l\u00edneas, dirigidos por Gabriel Salamanca y Carlos Su\u00e1rez, ambos egresados de la escuela.<\/span><\/p>\n<p>&nbsp;<\/p>\n<p>&nbsp;<\/p>\n<p style=\"text-align: justify;\"><span style=\"font-family: helvetica, arial, sans-serif; font-size: 18px;\">El estreno mundial en YouTube podr\u00e1 disfrutarse a trav\u00e9s del canal oficial del Instituto Nacional de Capacitaci\u00f3n y Educaci\u00f3n Socialista (Inces) inces_ve, a partir de este 28 de enero.<\/span><\/p>\n<p>&nbsp;<\/p>\n<p>&nbsp;<\/p>\n<p style=\"text-align: justify;\"><span style=\"font-family: helvetica, arial, sans-serif; font-size: 18px;\">Estos cortometrajes son el resultado del Taller Largo de Cine, una formaci\u00f3n anual de la EMCI que busca impulsar nuevos talentos y contribuir al crecimiento del cine venezolano.<\/span><\/p>\n<p>&nbsp;<\/p>\n<p>&nbsp;<\/p>\n<p style=\"text-align: justify;\"><span style=\"font-family: helvetica, arial, sans-serif; font-size: 18px;\">Durante el taller, los participantes adquieren herramientas profesionales en guion, producci\u00f3n audiovisual, direcci\u00f3n, c\u00e1mara, direcci\u00f3n de arte e iluminaci\u00f3n, entre otras \u00e1reas, bajo la gu\u00eda de destacados profesores. Esta preparaci\u00f3n les permite desarrollar productos audiovisuales aficionados, pero con un nivel de calidad significativo.<\/span><\/p>\n<p>&nbsp;<\/p>\n<p>&nbsp;<\/p>\n<p style=\"text-align: justify;\"><span style=\"font-family: helvetica, arial, sans-serif; font-size: 18px;\">Para la realizaci\u00f3n de las dos piezas audiovisuales, se coordin\u00f3 un trabajo que involucr\u00f3 a la directora de la EMCI, Jessica Lugo, al coordinador de la escuela, Winder Rivero, a los profesores Veruscka Cavallaro, Ricardo Mart\u00ednez, Manuel P\u00e9rez, Cherry Tovar y Ad\u00e1n \u201cPaisano\u201d Garc\u00eda, as\u00ed como los 24 egresados del Taller Largo de Cine, edici\u00f3n 2024.<\/span><\/p>\n<p>&nbsp;<\/p>\n<p>&nbsp;<\/p>\n<p style=\"text-align: justify;\"><span style=\"font-family: helvetica, arial, sans-serif; font-size: 18px;\">Cabe destacar que <em>La negra encadenada<\/em> particip\u00f3 en 2025 en el Movie Fal Festival, el Festival de Cine de Los Llanos y el Festival de Cine Cumbe San Agust\u00edn. Por su parte, <em>Entre l\u00edneas<\/em> tambi\u00e9n fue seleccionado en este \u00faltimo, as\u00ed como en el Festival Nacional de Cortometrajes Guayana en Cortos. Adem\u00e1s, ambos formaron parte de la 2.\u00aa edici\u00f3n de Encuentro En Cortos (2025), una iniciativa de la Fundaci\u00f3n Cinemateca Nacional.<\/span><\/p>\n<p>&nbsp;<\/p>\n<p>&nbsp;<\/p>\n<p style=\"text-align: justify;\"><span style=\"font-family: helvetica, arial, sans-serif; font-size: 18px;\">\u00abNosotros en la EMCI no solo impartimos clases sobre cine; creamos una comunidad de apasionados que busca llevar lo aprendido en las aulas a la realidad. A trav\u00e9s del taller de cinematograf\u00eda, acompa\u00f1amos a los alumnos a realizar su primera producci\u00f3n, la cual, sumada a los saberes adquiridos, sienta las bases para realizar su primer trabajo profesional\u00bb, destac\u00f3 Rivero.<\/span><\/p>\n<p style=\"text-align: justify;\"><span style=\"font-family: helvetica, arial, sans-serif; font-size: 18px;\">Hasta la fecha, la escuela de medios, siguiendo esta pr\u00e1ctica, ha realizado seis cortometrajes: <em>Hotel Limbo, Elena, La negra encadenada<\/em>, K. Los primeros cuatro en You Tube y los dos \u00faltimos est\u00e1n esperando fecha de estreno para el primer trimestre de 2026.<\/span><\/p>\n<p>&nbsp;<\/p>\n<p>&nbsp;<\/p>\n<p style=\"text-align: justify;\"><span style=\"font-family: helvetica, arial, sans-serif; font-size: 18px;\"><strong>\u00bfQu\u00e9 veremos en YouTube?<\/strong><\/span><\/p>\n<p style=\"text-align: justify;\"><span style=\"font-family: helvetica, arial, sans-serif; font-size: 18px;\"><em>La negra encadenada<\/em> cuenta la historia de un traficante de arte que contrata a un \u201cgrupo \u00e9lite\u201d para robar la Acci\u00f3n Encadenada, escultura de Aristides Maillol que se erige en la entrada de la sede principal de Inces, mientras que <em>Leer entre l\u00edneas<\/em> gira en torno a un joven que se enamora de su profesora de Literatura. Juntos leen a Margueritte Duras, escritora, cineasta y dramaturga francesa, autora de las l\u00edneas entre las que esta pareja se enamora.<\/span><\/p>\n<p>&nbsp;<\/p>\n<p style=\"text-align: justify;\"><span style=\"font-family: helvetica, arial, sans-serif; font-size: 18px;\">El primero suspenso y comedia, el segundo una historia de amor salpicada con circunstancias desgarradoras: dos trabajos realizados por noveles creadores audiovisuales que quieren formar parte del acervo cinematogr\u00e1fico de nuestros pa\u00eds.<\/span><\/p>\n","protected":false},"excerpt":{"rendered":"<p>** Los cortometrajes La negra encadenada y Leer entre l\u00edneas est\u00e1n disponibles a partir de este 28 de enero en el canal inces_ve<\/p>\n","protected":false},"author":4,"featured_media":69521,"comment_status":"closed","ping_status":"closed","sticky":false,"template":"","format":"standard","meta":{"footnotes":""},"categories":[2],"tags":[],"class_list":["post-69520","post","type-post","status-publish","format-standard","has-post-thumbnail","hentry","category-blog"],"_links":{"self":[{"href":"https:\/\/inces.gob.ve\/index.php\/wp-json\/wp\/v2\/posts\/69520","targetHints":{"allow":["GET"]}}],"collection":[{"href":"https:\/\/inces.gob.ve\/index.php\/wp-json\/wp\/v2\/posts"}],"about":[{"href":"https:\/\/inces.gob.ve\/index.php\/wp-json\/wp\/v2\/types\/post"}],"author":[{"embeddable":true,"href":"https:\/\/inces.gob.ve\/index.php\/wp-json\/wp\/v2\/users\/4"}],"replies":[{"embeddable":true,"href":"https:\/\/inces.gob.ve\/index.php\/wp-json\/wp\/v2\/comments?post=69520"}],"version-history":[{"count":3,"href":"https:\/\/inces.gob.ve\/index.php\/wp-json\/wp\/v2\/posts\/69520\/revisions"}],"predecessor-version":[{"id":69534,"href":"https:\/\/inces.gob.ve\/index.php\/wp-json\/wp\/v2\/posts\/69520\/revisions\/69534"}],"wp:featuredmedia":[{"embeddable":true,"href":"https:\/\/inces.gob.ve\/index.php\/wp-json\/wp\/v2\/media\/69521"}],"wp:attachment":[{"href":"https:\/\/inces.gob.ve\/index.php\/wp-json\/wp\/v2\/media?parent=69520"}],"wp:term":[{"taxonomy":"category","embeddable":true,"href":"https:\/\/inces.gob.ve\/index.php\/wp-json\/wp\/v2\/categories?post=69520"},{"taxonomy":"post_tag","embeddable":true,"href":"https:\/\/inces.gob.ve\/index.php\/wp-json\/wp\/v2\/tags?post=69520"}],"curies":[{"name":"wp","href":"https:\/\/api.w.org\/{rel}","templated":true}]}}