{"id":70267,"date":"2026-03-02T10:59:06","date_gmt":"2026-03-02T14:59:06","guid":{"rendered":"https:\/\/inces.gob.ve\/?p=70267"},"modified":"2026-03-02T10:59:15","modified_gmt":"2026-03-02T14:59:15","slug":"amazonas-estudiantes-del-6to-periodo-del-inces-transforman-espacios-medicos-en-el-cfs-cacique-aramare","status":"publish","type":"post","link":"https:\/\/inces.gob.ve\/index.php\/2026\/03\/02\/amazonas-estudiantes-del-6to-periodo-del-inces-transforman-espacios-medicos-en-el-cfs-cacique-aramare\/","title":{"rendered":"AMAZONAS | Estudiantes del 6to periodo del Inces transforman espacios m\u00e9dicos en el CFS Cacique Aramare"},"content":{"rendered":"<div dir=\"auto\"><span style=\"font-size: 18px; font-family: helvetica, arial, sans-serif;\"><em><strong>** Estudiantes del programa bachillerato productivo presenta proyecto que beneficia a trabajadores Inces<\/strong><\/em><\/span><\/div>\n<p><span style=\"font-size: 18px; font-family: helvetica, arial, sans-serif;\"><!--more--><\/span><\/p>\n<div dir=\"auto\"><\/div>\n<div dir=\"auto\"><\/div>\n<div dir=\"auto\"><span style=\"font-size: 18px; font-family: helvetica, arial, sans-serif;\">F\u00c9LIX RUIZ<\/span><\/div>\n<div dir=\"auto\">\n<div dir=\"auto\"><span style=\"font-size: 18px; font-family: helvetica, arial, sans-serif;\">Como parte de las exigencias acad\u00e9micas y el compromiso social del programa Bachillerato Productivo, las estudiantes del 6to periodo del Instituto Nacional de Capacitaci\u00f3n y Educaci\u00f3n Socialista (Inces) culminaron con \u00e9xito las labores de\u00a0reacondicionamiento de los espacios del Servicio M\u00e9dico Primario en el Centro de Formaci\u00f3n Socialista (CFS) Cacique Aramare.<\/span><\/div>\n<div dir=\"auto\"><\/div>\n<\/div>\n<div dir=\"auto\"><\/div>\n<div dir=\"auto\"><img loading=\"lazy\" decoding=\"async\" class=\"aligncenter wp-image-70270 \" src=\"https:\/\/inces.gob.ve\/wp-content\/uploads\/2026\/03\/1001375433-e1772463344942.jpg\" alt=\"\" width=\"623\" height=\"656\" srcset=\"https:\/\/inces.gob.ve\/wp-content\/uploads\/2026\/03\/1001375433-e1772463344942.jpg 719w, https:\/\/inces.gob.ve\/wp-content\/uploads\/2026\/03\/1001375433-e1772463344942-285x300.jpg 285w\" sizes=\"auto, (max-width: 623px) 100vw, 623px\" \/><\/div>\n<div dir=\"auto\"><\/div>\n<div dir=\"auto\">\n<div dir=\"auto\"><span style=\"font-size: 18px; font-family: helvetica, arial, sans-serif;\">Los estudiantes realizaron labores de mantenimiento preventivo, pintaron en \u00e1reas espec\u00edficas y realizaron una dotaci\u00f3n de insumos m\u00e9dicos b\u00e1sicos, los cuales ser\u00e1n destinados para la atenci\u00f3n del personal de la instituci\u00f3n.\u00a0<\/span><\/div>\n<div dir=\"auto\"><span style=\"font-size: 18px; font-family: helvetica, arial, sans-serif;\">\u200e<\/span><\/div>\n<\/div>\n<div dir=\"auto\"><\/div>\n<div dir=\"auto\">\n<div dir=\"auto\"><span style=\"font-size: 18px; font-family: helvetica, arial, sans-serif;\">Esta actividad cont\u00f3 con la participaci\u00f3n de la jefa de formaci\u00f3n profesional, Yuviri Silva; la directora del Programa Bachillerato Productivo, Ana Tovar y el m\u00e9dico del Inces, doctor Carlos Pulido, quienes, junto a trabajadores de la instituci\u00f3n, presenciaron la reapertura del centro de asistencia.<\/span><\/div>\n<div dir=\"auto\"><\/div>\n<\/div>\n<div dir=\"auto\"><\/div>\n<div dir=\"auto\"><img loading=\"lazy\" decoding=\"async\" class=\"aligncenter wp-image-70269 size-full\" src=\"https:\/\/inces.gob.ve\/wp-content\/uploads\/2026\/03\/1001375434-e1772463428605.jpg\" alt=\"\" width=\"800\" height=\"602\" \/><\/div>\n<div dir=\"auto\"><\/div>\n<div dir=\"auto\">\n<div dir=\"auto\"><span style=\"font-size: 18px; font-family: helvetica, arial, sans-serif;\">Es importante destacar que durante el acto de reapertura, el dcotor Carlos Pulido, m\u00e9dico del Inces, destac\u00f3 la importancia de estas acciones en el bienestar del trabajador: \u00abLa adecuaci\u00f3n de estos espacios no es solo una mejora est\u00e9tica; es una acci\u00f3n fundamental de salud institucional. Al acondicionar esta \u00e1rea de atenci\u00f3n integral a los trabajadores, garantizamos una atenci\u00f3n primaria eficiente y digna; estos j\u00f3venes han demostrado que la formaci\u00f3n t\u00e9cnica va de la mano con el compromiso y la comunidad laboral\u00bb, se\u00f1al\u00f3 el galeno.<\/span><\/div>\n<div dir=\"auto\"><\/div>\n<div dir=\"auto\"><span style=\"font-size: 18px; font-family: helvetica, arial, sans-serif;\">\u200e<\/span><\/div>\n<\/div>\n<div dir=\"auto\"><img loading=\"lazy\" decoding=\"async\" class=\"aligncenter wp-image-70268 size-full\" src=\"https:\/\/inces.gob.ve\/wp-content\/uploads\/2026\/03\/1001375436-e1772463465681.jpg\" alt=\"\" width=\"800\" height=\"602\" \/><\/div>\n<div dir=\"auto\"><\/div>\n<div dir=\"auto\">\n<div dir=\"auto\"><span style=\"font-size: 18px; font-family: helvetica, arial, sans-serif;\">Esta actividad se enmarca en la ejecuci\u00f3n del Proyecto del Perfil Productivo: Inspector de Salud y Seguridad Ocupacional, donde los futuros bachilleres aplican sus conocimientos t\u00e9cnicos para transformar y optimizar los entornos laborales, garantizando el bienestar de los trabajadores y usuarios.<\/span><\/div>\n<div dir=\"auto\"><span style=\"font-size: 18px; font-family: helvetica, arial, sans-serif;\">\u200e<\/span><\/div>\n<div class=\"yj6qo\"><\/div>\n<div class=\"adL\" dir=\"auto\"><\/div>\n<\/div>\n","protected":false},"excerpt":{"rendered":"<p>** Estudiantes del programa bachillerato productivo presenta proyecto que beneficia a trabajadores Inces<\/p>\n","protected":false},"author":15,"featured_media":70271,"comment_status":"closed","ping_status":"closed","sticky":false,"template":"","format":"standard","meta":{"footnotes":""},"categories":[2],"tags":[],"class_list":["post-70267","post","type-post","status-publish","format-standard","has-post-thumbnail","hentry","category-blog"],"_links":{"self":[{"href":"https:\/\/inces.gob.ve\/index.php\/wp-json\/wp\/v2\/posts\/70267","targetHints":{"allow":["GET"]}}],"collection":[{"href":"https:\/\/inces.gob.ve\/index.php\/wp-json\/wp\/v2\/posts"}],"about":[{"href":"https:\/\/inces.gob.ve\/index.php\/wp-json\/wp\/v2\/types\/post"}],"author":[{"embeddable":true,"href":"https:\/\/inces.gob.ve\/index.php\/wp-json\/wp\/v2\/users\/15"}],"replies":[{"embeddable":true,"href":"https:\/\/inces.gob.ve\/index.php\/wp-json\/wp\/v2\/comments?post=70267"}],"version-history":[{"count":1,"href":"https:\/\/inces.gob.ve\/index.php\/wp-json\/wp\/v2\/posts\/70267\/revisions"}],"predecessor-version":[{"id":70272,"href":"https:\/\/inces.gob.ve\/index.php\/wp-json\/wp\/v2\/posts\/70267\/revisions\/70272"}],"wp:featuredmedia":[{"embeddable":true,"href":"https:\/\/inces.gob.ve\/index.php\/wp-json\/wp\/v2\/media\/70271"}],"wp:attachment":[{"href":"https:\/\/inces.gob.ve\/index.php\/wp-json\/wp\/v2\/media?parent=70267"}],"wp:term":[{"taxonomy":"category","embeddable":true,"href":"https:\/\/inces.gob.ve\/index.php\/wp-json\/wp\/v2\/categories?post=70267"},{"taxonomy":"post_tag","embeddable":true,"href":"https:\/\/inces.gob.ve\/index.php\/wp-json\/wp\/v2\/tags?post=70267"}],"curies":[{"name":"wp","href":"https:\/\/api.w.org\/{rel}","templated":true}]}}