{"id":70408,"date":"2026-03-06T13:44:17","date_gmt":"2026-03-06T17:44:17","guid":{"rendered":"https:\/\/inces.gob.ve\/?p=70408"},"modified":"2026-03-07T17:11:42","modified_gmt":"2026-03-07T21:11:42","slug":"bolivar-inces-y-cicpc-imparten-jornadas-de-capacitacion-sobre-sexting-y-delitos-informaticos","status":"publish","type":"post","link":"https:\/\/inces.gob.ve\/index.php\/2026\/03\/06\/bolivar-inces-y-cicpc-imparten-jornadas-de-capacitacion-sobre-sexting-y-delitos-informaticos\/","title":{"rendered":"BOL\u00cdVAR | Inces y CICPC imparten jornadas de capacitaci\u00f3n sobre sexting y delitos inform\u00e1ticos"},"content":{"rendered":"<p style=\"text-align: justify;\"><span style=\"font-family: helvetica, arial, sans-serif; font-size: 18px;\"><em><strong>** La formaci\u00f3n se realiza con el objetivo de fortalecer la seguridad digital y la conciencia ciudadana.<\/strong><\/em><!--more--><\/span><\/p>\n<p>&nbsp;<\/p>\n<p style=\"text-align: justify;\"><span style=\"font-family: helvetica, arial, sans-serif; font-size: 18px;\">En las instalaciones del Centro de Formaci\u00f3n Socialista Tom\u00e1s de Heres del Instituto Nacional de Capacitaci\u00f3n y Educaci\u00f3n Socialista (Inces) ubicado en la comunidad de La Paragua de Ciudad Bol\u00edvar, comenz\u00f3 la primera ronda de jornadas de capacitaci\u00f3n sobre el sexting y delitos inform\u00e1ticos.<\/span><\/p>\n<p>&nbsp;<\/p>\n<p style=\"text-align: justify;\"><span style=\"font-family: helvetica, arial, sans-serif; font-size: 18px;\">La actividad es posible gracias a las alianzas estrat\u00e9gicas que se han establecido entre el Inces Bol\u00edvar y el Cuerpo de Investigaciones Cient\u00edficas, Penales y Criminal\u00edsticas (CICPC) como parte de la agenda de trabajo del primer trimestre del a\u00f1o 2026, que busca informar a todos los estudiantes sobre los riesgos que existen en el ciberespacio y c\u00f3mo prevenirlos.<\/span><\/p>\n<p>&nbsp;<\/p>\n<p style=\"text-align: justify;\"><span style=\"font-family: helvetica, arial, sans-serif; font-size: 18px;\">La jornada fue impartida por expertos de la delegaci\u00f3n municipal del CICPC en acompa\u00f1amiento con los profesionales del \u00e1rea de salud de la instituci\u00f3n formativa. El evento estuvo dirigido tanto al personal administrativo y docente como a los participantes de las diversas unidades curriculares, adem\u00e1s de personas de las comunidades adyacentes.<\/span><\/p>\n<p>&nbsp;<\/p>\n<p style=\"text-align: justify;\"><span style=\"font-family: helvetica, arial, sans-serif; font-size: 18px;\">Entre las participaciones destacadas, encontramos a los detectives Rodman Rojas, Erica Rend\u00f3n y Krislaine Castej\u00f3n, el Inspector agregado Ronimar Blanco, jefe de la divisi\u00f3n criminal\u00edstica, el cual cerr\u00f3 la actividad con la frase \u201cLa seguridad digital es como cerrar con llave la casa o el carro: no detiene a los malos, pero s\u00ed es lo bastante buena, evita los ataques cibern\u00e9ticos\u201d<\/span><br \/>\n<span style=\"font-family: helvetica, arial, sans-serif; font-size: 18px;\">Esta actividad representa la primera de muchas jornadas que se implementaran en los diferentes C.F.S. del estado a lo largo del a\u00f1o 2026.<\/span><\/p>\n","protected":false},"excerpt":{"rendered":"<p>** La formaci\u00f3n se realiza con el objetivo de fortalecer la seguridad digital y la conciencia ciudadana.<\/p>\n","protected":false},"author":15,"featured_media":70409,"comment_status":"closed","ping_status":"closed","sticky":false,"template":"","format":"standard","meta":{"footnotes":""},"categories":[2],"tags":[],"class_list":["post-70408","post","type-post","status-publish","format-standard","has-post-thumbnail","hentry","category-blog"],"_links":{"self":[{"href":"https:\/\/inces.gob.ve\/index.php\/wp-json\/wp\/v2\/posts\/70408","targetHints":{"allow":["GET"]}}],"collection":[{"href":"https:\/\/inces.gob.ve\/index.php\/wp-json\/wp\/v2\/posts"}],"about":[{"href":"https:\/\/inces.gob.ve\/index.php\/wp-json\/wp\/v2\/types\/post"}],"author":[{"embeddable":true,"href":"https:\/\/inces.gob.ve\/index.php\/wp-json\/wp\/v2\/users\/15"}],"replies":[{"embeddable":true,"href":"https:\/\/inces.gob.ve\/index.php\/wp-json\/wp\/v2\/comments?post=70408"}],"version-history":[{"count":3,"href":"https:\/\/inces.gob.ve\/index.php\/wp-json\/wp\/v2\/posts\/70408\/revisions"}],"predecessor-version":[{"id":70442,"href":"https:\/\/inces.gob.ve\/index.php\/wp-json\/wp\/v2\/posts\/70408\/revisions\/70442"}],"wp:featuredmedia":[{"embeddable":true,"href":"https:\/\/inces.gob.ve\/index.php\/wp-json\/wp\/v2\/media\/70409"}],"wp:attachment":[{"href":"https:\/\/inces.gob.ve\/index.php\/wp-json\/wp\/v2\/media?parent=70408"}],"wp:term":[{"taxonomy":"category","embeddable":true,"href":"https:\/\/inces.gob.ve\/index.php\/wp-json\/wp\/v2\/categories?post=70408"},{"taxonomy":"post_tag","embeddable":true,"href":"https:\/\/inces.gob.ve\/index.php\/wp-json\/wp\/v2\/tags?post=70408"}],"curies":[{"name":"wp","href":"https:\/\/api.w.org\/{rel}","templated":true}]}}