{"id":70424,"date":"2026-03-06T15:53:21","date_gmt":"2026-03-06T19:53:21","guid":{"rendered":"https:\/\/inces.gob.ve\/?p=70424"},"modified":"2026-03-09T17:21:08","modified_gmt":"2026-03-09T21:21:08","slug":"anzoategui-inces-impulsa-la-creacion-de-equipos-comunicacionales-en-comunidades-religiosas","status":"publish","type":"post","link":"https:\/\/inces.gob.ve\/index.php\/2026\/03\/06\/anzoategui-inces-impulsa-la-creacion-de-equipos-comunicacionales-en-comunidades-religiosas\/","title":{"rendered":"ANZO\u00c1TEGUI | Inces Impulsa la creaci\u00f3n de equipos comunicacionales en comunidades religiosas"},"content":{"rendered":"<p style=\"text-align: justify;\"><span style=\"font-family: helvetica, arial, sans-serif; font-size: 18px;\"><em><strong>A trav\u00e9s de un despliegue formativo, la instituci\u00f3n brinda herramientas audiovisuales y comunicacionales a la Iglesia Casa de Paz, fortaleciendo el empoderamiento t\u00e9cnico en la regi\u00f3n.<\/strong><\/em><\/span><\/p>\n<p><span style=\"font-family: helvetica, arial, sans-serif; font-size: 18px;\"><!--more--><\/span><\/p>\n<p>&nbsp;<\/p>\n<p style=\"text-align: justify;\"><span style=\"font-family: helvetica, arial, sans-serif; font-size: 18px;\">Como parte de las acciones del Plan de Formaci\u00f3n Integral y el acercamiento a las organizaciones sociales y religiosas del estado, el Instituto Nacional de Capacitaci\u00f3n y Educaci\u00f3n Socialista (Inces) inici\u00f3 un despliegue t\u00e9cnico para la conformaci\u00f3n del equipo comunicacional y audiovisual de la Iglesia Casa de Paz.<\/span><\/p>\n<p><img loading=\"lazy\" decoding=\"async\" class=\"aligncenter wp-image-70529 size-full\" src=\"https:\/\/inces.gob.ve\/wp-content\/uploads\/2026\/03\/95981c48-ce7f-4e12-8227-a0bdf295198d-e1773078648825.jpeg\" alt=\"\" width=\"800\" height=\"478\" \/><\/p>\n<p>&nbsp;<\/p>\n<p><span style=\"font-family: helvetica, arial, sans-serif; font-size: 18px;\">Esta iniciativa busca dotar a los participantes de aprendizaje en \u00e1reas cr\u00edticas como el manejo de c\u00e1maras, edici\u00f3n de video, redacci\u00f3n de contenidos y gesti\u00f3n de redes sociales, permitiendo que la comunidad religiosa cuente con sus propios generadores de contenido y canales de difusi\u00f3n profesional.<\/span><\/p>\n<p>&nbsp;<\/p>\n<p><img loading=\"lazy\" decoding=\"async\" class=\"aligncenter wp-image-70528\" src=\"https:\/\/inces.gob.ve\/wp-content\/uploads\/2026\/03\/68d3bd8f-5850-4eaa-ab77-8fa94a432037-e1773078711301.jpeg\" alt=\"\" width=\"482\" height=\"590\" \/><\/p>\n<p><span style=\"font-family: helvetica, arial, sans-serif; font-size: 18px;\">Al respecto, la gerente regional, Dra. Josdalia Torres, expres\u00f3: \u00abDesde el Inces Anzo\u00e1tegui seguimos lineamientos claros de inclusi\u00f3n y servicio. Con esta atenci\u00f3n a la Iglesia Casa de Paz, no solo estamos ense\u00f1ando t\u00e9cnica audiovisual, estamos democratizando las herramientas de comunicaci\u00f3n para que cada sector del estado tenga voz propia. Es un compromiso de nuestra instituci\u00f3n el acompa\u00f1ar al pueblo en su crecimiento t\u00e9cnico y profesional\u00bb.<\/span><\/p>\n<p>&nbsp;<\/p>\n<p>&nbsp;<\/p>\n<p><span style=\"font-family: helvetica, arial, sans-serif; font-size: 18px;\">Las formaciones est\u00e1n siendo impartidas por el asesor comunicacional del Inces Anzo\u00e1tegui, Luis Freites, quien ha dise\u00f1ado un cronograma de aprendizaje pr\u00e1ctico y te\u00f3rico adaptado a las necesidades espec\u00edficas de la congregaci\u00f3n.<\/span><\/p>\n<p>&nbsp;<\/p>\n<p><img loading=\"lazy\" decoding=\"async\" class=\"aligncenter wp-image-70527 \" src=\"https:\/\/inces.gob.ve\/wp-content\/uploads\/2026\/03\/1d80a1ee-af4a-46ab-8ae7-1f0583ff0c64-e1773078757732-894x1024.jpeg\" alt=\"\" width=\"504\" height=\"577\" \/><\/p>\n<p><span style=\"font-family: helvetica, arial, sans-serif; font-size: 18px;\">Con estas acciones, el Inces reafirma su compromiso de seguir formando a la clase trabajadora y a las comunidades organizadas, consolidando la educaci\u00f3n como el motor principal para el desarrollo del pa\u00eds.<\/span><\/p>\n<p>&nbsp;<\/p>\n","protected":false},"excerpt":{"rendered":"<p>A trav\u00e9s de un despliegue formativo, la instituci\u00f3n brinda herramientas audiovisuales y comunicacionales a la Iglesia Casa de Paz, fortaleciendo el empoderamiento t\u00e9cnico en la regi\u00f3n.<\/p>\n","protected":false},"author":15,"featured_media":70530,"comment_status":"closed","ping_status":"closed","sticky":false,"template":"","format":"standard","meta":{"footnotes":""},"categories":[2],"tags":[],"class_list":["post-70424","post","type-post","status-publish","format-standard","has-post-thumbnail","hentry","category-blog"],"_links":{"self":[{"href":"https:\/\/inces.gob.ve\/index.php\/wp-json\/wp\/v2\/posts\/70424","targetHints":{"allow":["GET"]}}],"collection":[{"href":"https:\/\/inces.gob.ve\/index.php\/wp-json\/wp\/v2\/posts"}],"about":[{"href":"https:\/\/inces.gob.ve\/index.php\/wp-json\/wp\/v2\/types\/post"}],"author":[{"embeddable":true,"href":"https:\/\/inces.gob.ve\/index.php\/wp-json\/wp\/v2\/users\/15"}],"replies":[{"embeddable":true,"href":"https:\/\/inces.gob.ve\/index.php\/wp-json\/wp\/v2\/comments?post=70424"}],"version-history":[{"count":5,"href":"https:\/\/inces.gob.ve\/index.php\/wp-json\/wp\/v2\/posts\/70424\/revisions"}],"predecessor-version":[{"id":70531,"href":"https:\/\/inces.gob.ve\/index.php\/wp-json\/wp\/v2\/posts\/70424\/revisions\/70531"}],"wp:featuredmedia":[{"embeddable":true,"href":"https:\/\/inces.gob.ve\/index.php\/wp-json\/wp\/v2\/media\/70530"}],"wp:attachment":[{"href":"https:\/\/inces.gob.ve\/index.php\/wp-json\/wp\/v2\/media?parent=70424"}],"wp:term":[{"taxonomy":"category","embeddable":true,"href":"https:\/\/inces.gob.ve\/index.php\/wp-json\/wp\/v2\/categories?post=70424"},{"taxonomy":"post_tag","embeddable":true,"href":"https:\/\/inces.gob.ve\/index.php\/wp-json\/wp\/v2\/tags?post=70424"}],"curies":[{"name":"wp","href":"https:\/\/api.w.org\/{rel}","templated":true}]}}