{"id":70443,"date":"2026-03-07T17:22:39","date_gmt":"2026-03-07T21:22:39","guid":{"rendered":"https:\/\/inces.gob.ve\/?p=70443"},"modified":"2026-03-07T17:22:39","modified_gmt":"2026-03-07T21:22:39","slug":"carabobo-mas-de-300-trabajadores-fueron-certificados-por-inces","status":"publish","type":"post","link":"https:\/\/inces.gob.ve\/index.php\/2026\/03\/07\/carabobo-mas-de-300-trabajadores-fueron-certificados-por-inces\/","title":{"rendered":"CARABOBO | M\u00e1s de 300 trabajadores fueron certificados por Inces"},"content":{"rendered":"<div dir=\"auto\" style=\"text-align: justify;\"><strong><em><span style=\"font-size: 18px; font-family: helvetica, arial, sans-serif;\">** La formaci\u00f3n educativa, profesional y t\u00e9cnica se ubica principalmente en la T2 Independencia Plena,\u00a0 de las Siete Transformaciones (7T) del Plan de la Patria 2026-2031<\/span><\/em><\/strong><\/div>\n<p><!--more--><\/p>\n<div dir=\"auto\"><\/div>\n<div dir=\"auto\"><\/div>\n<div dir=\"auto\" style=\"text-align: justify;\"><span style=\"font-size: 18px; font-family: helvetica, arial, sans-serif;\">\u00a0<\/span><\/div>\n<div dir=\"auto\" style=\"text-align: justify;\"><span style=\"font-size: 18px; font-family: helvetica, arial, sans-serif;\">Representantes del Instituto Nacional de Capacitaci\u00f3n y Educaci\u00f3n Socialista (Inces), ente adscrito al Ministerio del Poder Popular para el Proceso Social de Trabajo (Mpppst), desde su gerencia regional en Carabobo, certific\u00f3 a 120 ciudadanos como Inspectores de Seguridad y Salud Ocupacional,\u00a0 en un acto desarrollado<\/span><span style=\"font-size: 18px; font-family: helvetica, arial, sans-serif;\">\u00a0en las instalaciones de la C\u00e1mara de Industriales ubicada en el municipio Valencia.\u00a0<\/span><\/div>\n<div dir=\"auto\"><\/div>\n<div dir=\"auto\" style=\"text-align: justify;\"><span style=\"font-size: 18px; font-family: helvetica, arial, sans-serif;\">\u00a0<\/span><\/div>\n<div dir=\"auto\" style=\"text-align: justify;\"><span style=\"font-size: 18px; font-family: helvetica, arial, sans-serif;\">Cabe destacar que esta certificaci\u00f3n cuenta con un compendio de nueve unidades curriculares las cuales se desarrollan en 610 horas acad\u00e9micas. En el mismo sentido, otros 200 trabajadores y trabajadoras de la patria tambi\u00e9n recibieron su certificado en unidades curriculares del perfil Mec\u00e1nico Operador de Montacargas y Formador de Formadores.<\/span><\/div>\n<div dir=\"auto\"><\/div>\n<div dir=\"auto\" style=\"text-align: justify;\"><span style=\"font-size: 18px; font-family: helvetica, arial, sans-serif;\">\u00a0<\/span><\/div>\n<div dir=\"auto\" style=\"text-align: justify;\"><span style=\"font-size: 18px; font-family: helvetica, arial, sans-serif;\">Es importante mencionar que en estas formaciones fueron atendidas aproximadamente 60 entidades de trabajo entre las tuteladas por el Estado y las privadas, una fiel muestra que en el estado Carabobo se est\u00e1 dando cumplimiento al lema \u201cProducir formando y formar produciendo\u201d.<\/span><\/div>\n<div dir=\"auto\"><\/div>\n<div dir=\"auto\" style=\"text-align: justify;\"><span style=\"font-size: 18px; font-family: helvetica, arial, sans-serif;\">\u00a0<\/span><\/div>\n<div dir=\"auto\" style=\"text-align: justify;\"><span style=\"font-size: 18px; font-family: helvetica, arial, sans-serif;\">\u00a0El gerente regional del Inces en Carabobo, licenciado Yorman Rosal, agradeci\u00f3 a los asistentes por confiar en el Ministerio del Trabajo y en el instituto regional que preside.<\/span><\/div>\n<div dir=\"auto\"><\/div>\n<div dir=\"auto\" style=\"text-align: justify;\"><span style=\"font-size: 18px; font-family: helvetica, arial, sans-serif;\">\u00a0<\/span><\/div>\n<div dir=\"auto\" style=\"text-align: justify;\"><span style=\"font-size: 18px; font-family: helvetica, arial, sans-serif;\">Asimismo, el director estadal del Mpppst y tambi\u00e9n jefe del Centro de Encuentro para la Educaci\u00f3n y el Trabajo (Ceet) Valencia, licenciado Jos\u00e9 Rojas record\u00f3 como se inici\u00f3 el proceso de implementar el Sistema de Formaci\u00f3n y Autoformaci\u00f3n de la clase obrera en Venezuela, cuya diligencia ha favorecido en la\u00a0 capacitaci\u00f3n de las y los trabajadores en \u00e1reas pol\u00edticas, t\u00e9cnicas, gerenciales y culturales; adem\u00e1s de la Certificaci\u00f3n de Saberes por Experiencias productivas dentro de las entidades.<\/span><\/div>\n<div dir=\"auto\"><\/div>\n<div dir=\"auto\" style=\"text-align: justify;\"><span style=\"font-size: 18px; font-family: helvetica, arial, sans-serif;\">\u00a0<\/span><\/div>\n<div dir=\"auto\" style=\"text-align: justify;\"><span style=\"font-size: 18px; font-family: helvetica, arial, sans-serif;\">Por su parte, el jefe de la Divisi\u00f3n de Formaci\u00f3n Profesional del Inces en Carabobo, licenciado Rosendo Yllarramendi, inform\u00f3 que tienen 1.500 unidades curriculares y 400 perfiles productivos completamente a disposici\u00f3n de los trabajadores, para que contin\u00faen prepar\u00e1ndose y se certifiquen en el \u00e1rea que lo requieran.<\/span><\/div>\n<div dir=\"auto\"><\/div>\n<div dir=\"auto\" style=\"text-align: justify;\"><span style=\"font-size: 18px; font-family: helvetica, arial, sans-serif;\">\u00a0<\/span><\/div>\n<div dir=\"auto\" style=\"text-align: justify;\"><span style=\"font-size: 18px; font-family: helvetica, arial, sans-serif;\">La formaci\u00f3n educativa, profesional y t\u00e9cnica se ubica principalmente en la T2 Independencia Plena,\u00a0 de las Siete Transformaciones (7T) del Plan de la Patria 2026-2031<\/span><\/div>\n<div dir=\"auto\"><\/div>\n<div dir=\"auto\" style=\"text-align: justify;\"><span style=\"font-size: 18px; font-family: helvetica, arial, sans-serif;\">\u00a0<\/span><\/div>\n<div dir=\"auto\" style=\"text-align: justify;\"><span style=\"font-size: 18px; font-family: helvetica, arial, sans-serif;\">Con estas acciones se cumplen las orientaciones de la presidenta encargada Delcy Rodr\u00edguez, ministro del trabajo Eduardo Pi\u00f1ate y presidente del Inces Wuikelman Angel Paredes, en seguir formando y avanzando en la consolidaci\u00f3n de la Venezuela productiva.<\/span><\/div>\n","protected":false},"excerpt":{"rendered":"<p>** La formaci\u00f3n educativa, profesional y t\u00e9cnica se ubica principalmente en la T2 Independencia Plena,\u00a0 de las Siete Transformaciones (7T) del Plan de la Patria 2026-2031<\/p>\n","protected":false},"author":4,"featured_media":70444,"comment_status":"closed","ping_status":"closed","sticky":false,"template":"","format":"standard","meta":{"footnotes":""},"categories":[2],"tags":[],"class_list":["post-70443","post","type-post","status-publish","format-standard","has-post-thumbnail","hentry","category-blog"],"_links":{"self":[{"href":"https:\/\/inces.gob.ve\/index.php\/wp-json\/wp\/v2\/posts\/70443","targetHints":{"allow":["GET"]}}],"collection":[{"href":"https:\/\/inces.gob.ve\/index.php\/wp-json\/wp\/v2\/posts"}],"about":[{"href":"https:\/\/inces.gob.ve\/index.php\/wp-json\/wp\/v2\/types\/post"}],"author":[{"embeddable":true,"href":"https:\/\/inces.gob.ve\/index.php\/wp-json\/wp\/v2\/users\/4"}],"replies":[{"embeddable":true,"href":"https:\/\/inces.gob.ve\/index.php\/wp-json\/wp\/v2\/comments?post=70443"}],"version-history":[{"count":1,"href":"https:\/\/inces.gob.ve\/index.php\/wp-json\/wp\/v2\/posts\/70443\/revisions"}],"predecessor-version":[{"id":70445,"href":"https:\/\/inces.gob.ve\/index.php\/wp-json\/wp\/v2\/posts\/70443\/revisions\/70445"}],"wp:featuredmedia":[{"embeddable":true,"href":"https:\/\/inces.gob.ve\/index.php\/wp-json\/wp\/v2\/media\/70444"}],"wp:attachment":[{"href":"https:\/\/inces.gob.ve\/index.php\/wp-json\/wp\/v2\/media?parent=70443"}],"wp:term":[{"taxonomy":"category","embeddable":true,"href":"https:\/\/inces.gob.ve\/index.php\/wp-json\/wp\/v2\/categories?post=70443"},{"taxonomy":"post_tag","embeddable":true,"href":"https:\/\/inces.gob.ve\/index.php\/wp-json\/wp\/v2\/tags?post=70443"}],"curies":[{"name":"wp","href":"https:\/\/api.w.org\/{rel}","templated":true}]}}