{"id":70446,"date":"2026-03-07T17:36:53","date_gmt":"2026-03-07T21:36:53","guid":{"rendered":"https:\/\/inces.gob.ve\/?p=70446"},"modified":"2026-03-07T17:36:53","modified_gmt":"2026-03-07T21:36:53","slug":"aragua-inces-impulsa-al-futuro-tecnico-profesional-pna-inicia-nueva-formacion-administrativa","status":"publish","type":"post","link":"https:\/\/inces.gob.ve\/index.php\/2026\/03\/07\/aragua-inces-impulsa-al-futuro-tecnico-profesional-pna-inicia-nueva-formacion-administrativa\/","title":{"rendered":"ARAGUA | Inces impulsa al futuro t\u00e9cnico profesional: PNA inicia nueva formaci\u00f3n administrativa"},"content":{"rendered":"<div dir=\"auto\" style=\"text-align: justify;\"><strong><em><span style=\"font-family: helvetica, arial, sans-serif; font-size: 18px;\">** La alianza estrat\u00e9gica con el Sector Privado Fortalece el Programa Nacional de Aprendizaje<\/span><\/em><\/strong><\/div>\n<p><!--more--><\/p>\n<div dir=\"auto\" style=\"text-align: justify;\"><\/div>\n<div dir=\"auto\" style=\"text-align: justify;\"><\/div>\n<div dir=\"auto\" style=\"text-align: justify;\"><strong><span style=\"font-family: helvetica, arial, sans-serif; font-size: 18px;\">NINOSKA PATRIZ\u00a0<\/span><\/strong><\/div>\n<div dir=\"auto\" style=\"text-align: justify;\"><\/div>\n<div dir=\"auto\" style=\"text-align: justify;\"><\/div>\n<div dir=\"auto\" style=\"text-align: justify;\"><span style=\"font-family: helvetica, arial, sans-serif; font-size: 18px;\">El Inces dio la bienvenida a un nuevo grupo de 25 j\u00f3venes que se integran al \u00e1rea de Asistente Administrativo. Esta iniciativa, enmarcada en el ciclo formativo de 2026 del Programa Nacional de Aprendizaje (PNA), busca dotar a la juventud de herramientas t\u00e9cnicas esenciales para su inserci\u00f3n en el campo laboral actual.<\/span><\/div>\n<div dir=\"auto\"><\/div>\n<div dir=\"auto\" style=\"text-align: justify;\"><\/div>\n<div dir=\"auto\" style=\"text-align: justify;\"><span style=\"font-family: helvetica, arial, sans-serif; font-size: 18px;\">El proceso de formaci\u00f3n est\u00e1 dise\u00f1ado para adolescentes de entre 14 y 18 a\u00f1os, quienes participan en un programa integral dividido en dos etapas fundamentales. La primera fase de dominio te\u00f3rico y la segunda una etapa pr\u00e1ctica en entornos reales de trabajo, con una duraci\u00f3n estimada de doce meses por cada periodo.<\/span><\/div>\n<div dir=\"auto\"><\/div>\n<div dir=\"auto\" style=\"text-align: justify;\"><\/div>\n<div dir=\"auto\" style=\"text-align: justify;\"><span style=\"font-family: helvetica, arial, sans-serif; font-size: 18px;\">La inscripci\u00f3n de estas oportunidades educativas se realiza a trav\u00e9s de la plataforma digital HACER, que luego se confirma en las respectivas oficinas de dicho programa. As\u00ed mismo se destaca, que adem\u00e1s del \u00e1rea de asistente en administraci\u00f3n contable, la oferta acad\u00e9mica incluye especialidades en ofim\u00e1tica y diversos perfiles t\u00e9cnicos adaptados a las exigencias del mercado productivo.<\/span><\/div>\n<div dir=\"auto\"><\/div>\n<div dir=\"auto\" style=\"text-align: justify;\"><\/div>\n<div dir=\"auto\" style=\"text-align: justify;\"><span style=\"font-family: helvetica, arial, sans-serif; font-size: 18px;\">El inicio de clases cont\u00f3 con la presencia de Rossir\u00e9 Medina, como tutora principal, el jefe del Centro de Formaci\u00f3n Socialista Inces Aragua Comercial Maracay, David \u00c1valos y Orlando Guti\u00e9rrez, tambi\u00e9n profesor del PNA. De igual manera, en esta ocasi\u00f3n las autoridades presentes expresaron su satisfacci\u00f3n por la preferencia para formarse y las altas expectativas sobre este grupo, enfatizando el compromiso de la instituci\u00f3n con la excelencia educativa. <\/span><\/div>\n<div dir=\"auto\"><\/div>\n<div dir=\"auto\"><\/div>\n<div dir=\"auto\" style=\"text-align: justify;\"><span style=\"font-family: helvetica, arial, sans-serif; font-size: 18px;\">Este avance es posible gracias al convenio de patrocinio con la empresa CAIEMZ C.A., ubicada en Cagua<\/span><\/div>\n<div dir=\"auto\" style=\"text-align: justify;\"><\/div>\n<div style=\"text-align: justify;\"><\/div>\n","protected":false},"excerpt":{"rendered":"<p>** La alianza estrat\u00e9gica con el Sector Privado Fortalece el Programa Nacional de Aprendizaje<\/p>\n","protected":false},"author":4,"featured_media":70447,"comment_status":"closed","ping_status":"closed","sticky":false,"template":"","format":"standard","meta":{"footnotes":""},"categories":[2],"tags":[],"class_list":["post-70446","post","type-post","status-publish","format-standard","has-post-thumbnail","hentry","category-blog"],"_links":{"self":[{"href":"https:\/\/inces.gob.ve\/index.php\/wp-json\/wp\/v2\/posts\/70446","targetHints":{"allow":["GET"]}}],"collection":[{"href":"https:\/\/inces.gob.ve\/index.php\/wp-json\/wp\/v2\/posts"}],"about":[{"href":"https:\/\/inces.gob.ve\/index.php\/wp-json\/wp\/v2\/types\/post"}],"author":[{"embeddable":true,"href":"https:\/\/inces.gob.ve\/index.php\/wp-json\/wp\/v2\/users\/4"}],"replies":[{"embeddable":true,"href":"https:\/\/inces.gob.ve\/index.php\/wp-json\/wp\/v2\/comments?post=70446"}],"version-history":[{"count":1,"href":"https:\/\/inces.gob.ve\/index.php\/wp-json\/wp\/v2\/posts\/70446\/revisions"}],"predecessor-version":[{"id":70448,"href":"https:\/\/inces.gob.ve\/index.php\/wp-json\/wp\/v2\/posts\/70446\/revisions\/70448"}],"wp:featuredmedia":[{"embeddable":true,"href":"https:\/\/inces.gob.ve\/index.php\/wp-json\/wp\/v2\/media\/70447"}],"wp:attachment":[{"href":"https:\/\/inces.gob.ve\/index.php\/wp-json\/wp\/v2\/media?parent=70446"}],"wp:term":[{"taxonomy":"category","embeddable":true,"href":"https:\/\/inces.gob.ve\/index.php\/wp-json\/wp\/v2\/categories?post=70446"},{"taxonomy":"post_tag","embeddable":true,"href":"https:\/\/inces.gob.ve\/index.php\/wp-json\/wp\/v2\/tags?post=70446"}],"curies":[{"name":"wp","href":"https:\/\/api.w.org\/{rel}","templated":true}]}}