{"id":70449,"date":"2026-03-07T17:59:40","date_gmt":"2026-03-07T21:59:40","guid":{"rendered":"https:\/\/inces.gob.ve\/?p=70449"},"modified":"2026-03-07T17:59:40","modified_gmt":"2026-03-07T21:59:40","slug":"falcon-liceo-inces-recibio-a-322-estudiantes-para-el-nuevo-ano-escolar","status":"publish","type":"post","link":"https:\/\/inces.gob.ve\/index.php\/2026\/03\/07\/falcon-liceo-inces-recibio-a-322-estudiantes-para-el-nuevo-ano-escolar\/","title":{"rendered":"FALC\u00d3N | Liceo Inces recibi\u00f3 a 322 estudiantes para el nuevo a\u00f1o escolar"},"content":{"rendered":"<p style=\"text-align: justify;\" align=\"center\"><em><strong><span style=\"font-family: helvetica, arial, sans-serif; font-size: 18px;\">**La instituci\u00f3n inici\u00f3 el periodo 2025-2026 bajo el esquema del Bachillerato Productivo para formar a j\u00f3venes y adultos de la regi\u00f3n<\/span><\/strong><\/em><!--more--><\/p>\n<p align=\"center\">\n<p align=\"center\">\n<p style=\"text-align: justify;\"><span style=\"font-family: helvetica, arial, sans-serif; font-size: 18px;\"><b>MIRIAM GONZ\u00c1LEZ VILLARROEL<\/b><\/span><\/p>\n<p style=\"text-align: justify;\" align=\"justify\"><span style=\"font-family: helvetica, arial, sans-serif; font-size: 18px;\">El Liceo Inces Falc\u00f3n incorpor\u00f3 a 322 estudiantes de diversos sectores de la entidad para dar inicio al periodo acad\u00e9mico 2025-2026. La actividad dio cumplimiento a las orientaciones del Ministerio del Poder Popular para la Educaci\u00f3n y marc\u00f3 el comienzo de la trayectoria formativa de hombres y mujeres que buscan titularse a trav\u00e9s del programa de Bachillerato Productivo del Instituto Nacional de Capacitaci\u00f3n y Educaci\u00f3n Socialista (Inces).<\/span><\/p>\n<p style=\"text-align: justify;\" align=\"justify\">\n<p style=\"text-align: justify;\" align=\"justify\"><span style=\"font-family: helvetica, arial, sans-serif; font-size: 18px;\">En el acto de bienvenida que se realiz\u00f3 en los espacios del centro de formaci\u00f3n socialista Jos\u00e9 Leonardo Chirino, se encontraban 129 nuevos ingresos y 193 estudiantes de prosecuci\u00f3n de los distintos per\u00edodos escolares. quienes estuvieron acompa\u00f1ados por sus padres y representantes; de igual forma, se cont\u00f3 con la participaci\u00f3n de la directora del Liceo Inces Falc\u00f3n, Masly Espinoza, el jefe de Formaci\u00f3n y Autoformaci\u00f3n Profesional, Jorge Luis Guzm\u00e1n, maestros t\u00e9cnicos productivos y personal administrativo del liceo, estableci\u00e9ndose las orientaciones que generen un entorno propicio para el aprendizaje t\u00e9cnico y human\u00edstico de la nueva matr\u00edcula.<\/span><\/p>\n<p style=\"text-align: justify;\" align=\"justify\">\n<p style=\"text-align: justify;\" align=\"justify\"><span style=\"font-family: helvetica, arial, sans-serif; font-size: 18px;\">Durante la acci\u00f3n, la directora Masly Espinoza destac\u00f3 los objetivos institucionales para este ciclo formativo: \u00abEste a\u00f1o como todos los anteriores, el Liceo Inces Falc\u00f3n, se enfoca en reforzar la formaci\u00f3n integral de sus estudiantes, con compromiso para un desarrollo t\u00e9cnico profesional de excelencia\u00bb.<\/span><\/p>\n<p style=\"text-align: justify;\" align=\"justify\">\n<p style=\"text-align: justify;\" align=\"justify\"><span style=\"font-family: helvetica, arial, sans-serif; font-size: 18px;\">Igualmente, explic\u00f3 los lineamientos disciplinarios basados en las normas de convivencia y las pautas para el uso correcto del uniforme escolar que regir\u00e1n durante el presente a\u00f1o escolar; asimismo sobre las funciones y responsabilidades de los voceros y voceras estudiantiles.<\/span><\/p>\n<p style=\"text-align: justify;\" align=\"justify\">\n<p style=\"text-align: justify;\" align=\"justify\"><span style=\"font-family: helvetica, arial, sans-serif; font-size: 18px;\">El proceso educativo para este lapso 2025-2026 busca consolidar las capacidades de los participantes para forjar un perfil profesional que responda a las necesidades del aparato productivo del Estado. Las autoridades presentes enfatizaron que la formaci\u00f3n t\u00e9cnica integral constituye la base del modelo pedag\u00f3gico que aplica el Inces en la regi\u00f3n falconiana y en todo el pa\u00eds.<\/span><\/p>\n<p style=\"text-align: justify;\" align=\"justify\">\n","protected":false},"excerpt":{"rendered":"<p>**La instituci\u00f3n inici\u00f3 el periodo 2025-2026 bajo el esquema del Bachillerato Productivo para formar a j\u00f3venes y adultos de la regi\u00f3n<\/p>\n","protected":false},"author":4,"featured_media":70450,"comment_status":"closed","ping_status":"closed","sticky":false,"template":"","format":"standard","meta":{"footnotes":""},"categories":[2],"tags":[],"class_list":["post-70449","post","type-post","status-publish","format-standard","has-post-thumbnail","hentry","category-blog"],"_links":{"self":[{"href":"https:\/\/inces.gob.ve\/index.php\/wp-json\/wp\/v2\/posts\/70449","targetHints":{"allow":["GET"]}}],"collection":[{"href":"https:\/\/inces.gob.ve\/index.php\/wp-json\/wp\/v2\/posts"}],"about":[{"href":"https:\/\/inces.gob.ve\/index.php\/wp-json\/wp\/v2\/types\/post"}],"author":[{"embeddable":true,"href":"https:\/\/inces.gob.ve\/index.php\/wp-json\/wp\/v2\/users\/4"}],"replies":[{"embeddable":true,"href":"https:\/\/inces.gob.ve\/index.php\/wp-json\/wp\/v2\/comments?post=70449"}],"version-history":[{"count":1,"href":"https:\/\/inces.gob.ve\/index.php\/wp-json\/wp\/v2\/posts\/70449\/revisions"}],"predecessor-version":[{"id":70451,"href":"https:\/\/inces.gob.ve\/index.php\/wp-json\/wp\/v2\/posts\/70449\/revisions\/70451"}],"wp:featuredmedia":[{"embeddable":true,"href":"https:\/\/inces.gob.ve\/index.php\/wp-json\/wp\/v2\/media\/70450"}],"wp:attachment":[{"href":"https:\/\/inces.gob.ve\/index.php\/wp-json\/wp\/v2\/media?parent=70449"}],"wp:term":[{"taxonomy":"category","embeddable":true,"href":"https:\/\/inces.gob.ve\/index.php\/wp-json\/wp\/v2\/categories?post=70449"},{"taxonomy":"post_tag","embeddable":true,"href":"https:\/\/inces.gob.ve\/index.php\/wp-json\/wp\/v2\/tags?post=70449"}],"curies":[{"name":"wp","href":"https:\/\/api.w.org\/{rel}","templated":true}]}}