{"id":70452,"date":"2026-03-07T19:23:42","date_gmt":"2026-03-07T23:23:42","guid":{"rendered":"https:\/\/inces.gob.ve\/?p=70452"},"modified":"2026-03-07T19:23:42","modified_gmt":"2026-03-07T23:23:42","slug":"la-escuela-de-emprendedores-del-inces-capacita-a-los-emprendedores-con-el-taller-sistema-venezolano-para-la-calidad","status":"publish","type":"post","link":"https:\/\/inces.gob.ve\/index.php\/2026\/03\/07\/la-escuela-de-emprendedores-del-inces-capacita-a-los-emprendedores-con-el-taller-sistema-venezolano-para-la-calidad\/","title":{"rendered":"La Escuela de Emprendedores del Inces capacita a los emprendedores con el taller Sistema Venezolano para la Calidad"},"content":{"rendered":"<p style=\"text-align: justify;\" align=\"justify\"><em><span style=\"font-family: helvetica, arial, sans-serif; font-size: 18px;\"><b>** Si les da las herramientas necesarias a las personas que tengan nuevas metas para el desarrollo del pa\u00eds, obtendremos una patria econ\u00f3micamente invulnerable<\/b><\/span><\/em><!--more--><\/p>\n<p align=\"justify\">\n<p align=\"justify\"><b style=\"font-family: helvetica, arial, sans-serif; font-size: 18px;\">DIMAS P\u00c1EZ<\/b><\/p>\n<p align=\"justify\"><b style=\"font-family: helvetica, arial, sans-serif; font-size: 18px;\">F\/ Rafael Urbina<\/b><\/p>\n<p align=\"justify\">\n<p style=\"text-align: justify;\" align=\"justify\"><span style=\"font-family: helvetica, arial, sans-serif; font-size: 18px;\">El Instituto Nacional de Capacitaci\u00f3n y Educaci\u00f3n Socialista (Inces) a trav\u00e9s de la Escuela de Emprendedores capacita a los peque\u00f1os empresarios con diferentes talleres, los cuales cuentan con personal calificado de diferentes entes p\u00fablicos. La finalidad de que estos se conviertan en emprendedores legalmente constituidos.<\/span><\/p>\n<p align=\"justify\">\n<p style=\"text-align: justify;\" align=\"justify\"><span style=\"font-family: helvetica, arial, sans-serif; font-size: 18px;\">En el sal\u00f3n de usos m\u00faltiples, ubicado en el piso uno\u00a0del edificio anexo\u00a0del Inces,\u00a0fue dictado el taller Sistema Venezolano para la Calidad, la facilitaci\u00f3n estuvo a cargo del coordinador de Formaci\u00f3n Presencial de Sistema Venezolano para la Calidad\u00a0(Sencamer), Wilson Linares, ente adscrito al\u00a0Ministerio del Poder Popular de Comercio Nacional.<\/span><\/p>\n<p align=\"justify\">\n<p align=\"justify\"><img loading=\"lazy\" decoding=\"async\" class=\"aligncenter wp-image-70453 size-large\" src=\"https:\/\/inces.gob.ve\/wp-content\/uploads\/2026\/03\/DSC_2421-1024x685.jpg\" alt=\"\" width=\"640\" height=\"428\" srcset=\"https:\/\/inces.gob.ve\/wp-content\/uploads\/2026\/03\/DSC_2421-1024x685.jpg 1024w, https:\/\/inces.gob.ve\/wp-content\/uploads\/2026\/03\/DSC_2421-300x201.jpg 300w, https:\/\/inces.gob.ve\/wp-content\/uploads\/2026\/03\/DSC_2421-768x514.jpg 768w, https:\/\/inces.gob.ve\/wp-content\/uploads\/2026\/03\/DSC_2421-1536x1028.jpg 1536w, https:\/\/inces.gob.ve\/wp-content\/uploads\/2026\/03\/DSC_2421-2048x1371.jpg 2048w, https:\/\/inces.gob.ve\/wp-content\/uploads\/2026\/03\/DSC_2421-272x182.jpg 272w\" sizes=\"auto, (max-width: 640px) 100vw, 640px\" \/><\/p>\n<p align=\"justify\">\n<p style=\"text-align: justify;\" align=\"justify\"><span style=\"font-family: helvetica, arial, sans-serif; font-size: 18px;\">El Inces siguiendo las instrucciones del gobierno nacional le ofrece a todos los emprendedores su apoyo a trav\u00e9s de su escuela, para hacer un aporte a todas aquellas personas que tengan una idea para invertir en el bienestar econ\u00f3mico del pa\u00eds, para\u00a0que obtengan informaci\u00f3n sobre todos los permisos\u00a0que se necesitan para ser un emprendedor,\u00a0certificados o registros, con los diferentes talleres que dicta el mencionado ente.<\/span><\/p>\n<p align=\"justify\">\n<p style=\"text-align: justify;\" align=\"justify\"><span style=\"font-family: helvetica, arial, sans-serif; font-size: 18px;\">En esta oportunidad, Wilson Linares explic\u00f3 el objetivo del taller y c\u00f3mo los emprendedores lo pueden poner en pr\u00e1ctica para sus emprendimientos: \u201cNosotros buscamos fundamentalmente que los emprendedores consoliden sus proyectos o sus cadenas de producci\u00f3n. En esta oportunidad\u00a0se explicaron las competencias de Sencamer y las funciones que abarcan los subsistemas que conforman el Sistema Venezolano para La Calidad.<\/span><\/p>\n<p align=\"justify\">\n<p align=\"justify\"><img loading=\"lazy\" decoding=\"async\" class=\"aligncenter wp-image-70455 size-large\" src=\"https:\/\/inces.gob.ve\/wp-content\/uploads\/2026\/03\/DSC_2469-1024x685.jpg\" alt=\"\" width=\"640\" height=\"428\" srcset=\"https:\/\/inces.gob.ve\/wp-content\/uploads\/2026\/03\/DSC_2469-1024x685.jpg 1024w, https:\/\/inces.gob.ve\/wp-content\/uploads\/2026\/03\/DSC_2469-300x201.jpg 300w, https:\/\/inces.gob.ve\/wp-content\/uploads\/2026\/03\/DSC_2469-768x514.jpg 768w, https:\/\/inces.gob.ve\/wp-content\/uploads\/2026\/03\/DSC_2469-1536x1028.jpg 1536w, https:\/\/inces.gob.ve\/wp-content\/uploads\/2026\/03\/DSC_2469-2048x1371.jpg 2048w, https:\/\/inces.gob.ve\/wp-content\/uploads\/2026\/03\/DSC_2469-272x182.jpg 272w\" sizes=\"auto, (max-width: 640px) 100vw, 640px\" \/><\/p>\n<p align=\"justify\">\n<p style=\"text-align: justify;\" align=\"justify\"><span style=\"font-family: helvetica, arial, sans-serif; font-size: 18px;\">Agreg\u00f3 Linares: \u201cLa idea\u00a0de\u00a0Sencamer es que cumplan con los requisitos que se estandarizan en las normas y cumplan con la pol\u00edtica legal en la Rep\u00fablica Bolivariana de Venezuela y puedan consolidar sus proyectos, o sus cadenas de producci\u00f3n\u201d.<\/span><\/p>\n<p align=\"justify\">\n<p style=\"text-align: justify;\" align=\"justify\"><span style=\"font-family: helvetica, arial, sans-serif; font-size: 18px;\">El facilitador,\u00a0explic\u00f3 acerca de sus competencias dentro del comercio nacional y la importancia de los subsistemas que conforman el Sistema Venezolano para la Calidad, as\u00ed como tambi\u00e9n los distintos servicios que ofrece la instituci\u00f3n para emprendedores.<\/span><\/p>\n<p align=\"justify\">\n<p style=\"text-align: justify;\" align=\"justify\"><span style=\"font-family: helvetica, arial, sans-serif; font-size: 18px;\">El Ministerio del Poder Popular de Industrias y Comercio Nacional y Sencamer\u00a0y el Inces\u00a0reiteran su compromiso de seguir brindando apoyo t\u00e9cnico y capacitaci\u00f3n en materia de calidad al motor emprendedor, en l\u00ednea con las pol\u00edticas del Gobierno Bolivariano del Presidente Nicol\u00e1s Maduro para fortalecer el sector\u00a0emprendedor.<\/span><\/p>\n","protected":false},"excerpt":{"rendered":"<p>** Si les da las herramientas necesarias a las personas que tengan nuevas metas para el desarrollo del pa\u00eds, obtendremos una patria econ\u00f3micamente invulnerable<\/p>\n","protected":false},"author":4,"featured_media":70454,"comment_status":"closed","ping_status":"closed","sticky":false,"template":"","format":"standard","meta":{"footnotes":""},"categories":[2],"tags":[],"class_list":["post-70452","post","type-post","status-publish","format-standard","has-post-thumbnail","hentry","category-blog"],"_links":{"self":[{"href":"https:\/\/inces.gob.ve\/index.php\/wp-json\/wp\/v2\/posts\/70452","targetHints":{"allow":["GET"]}}],"collection":[{"href":"https:\/\/inces.gob.ve\/index.php\/wp-json\/wp\/v2\/posts"}],"about":[{"href":"https:\/\/inces.gob.ve\/index.php\/wp-json\/wp\/v2\/types\/post"}],"author":[{"embeddable":true,"href":"https:\/\/inces.gob.ve\/index.php\/wp-json\/wp\/v2\/users\/4"}],"replies":[{"embeddable":true,"href":"https:\/\/inces.gob.ve\/index.php\/wp-json\/wp\/v2\/comments?post=70452"}],"version-history":[{"count":1,"href":"https:\/\/inces.gob.ve\/index.php\/wp-json\/wp\/v2\/posts\/70452\/revisions"}],"predecessor-version":[{"id":70456,"href":"https:\/\/inces.gob.ve\/index.php\/wp-json\/wp\/v2\/posts\/70452\/revisions\/70456"}],"wp:featuredmedia":[{"embeddable":true,"href":"https:\/\/inces.gob.ve\/index.php\/wp-json\/wp\/v2\/media\/70454"}],"wp:attachment":[{"href":"https:\/\/inces.gob.ve\/index.php\/wp-json\/wp\/v2\/media?parent=70452"}],"wp:term":[{"taxonomy":"category","embeddable":true,"href":"https:\/\/inces.gob.ve\/index.php\/wp-json\/wp\/v2\/categories?post=70452"},{"taxonomy":"post_tag","embeddable":true,"href":"https:\/\/inces.gob.ve\/index.php\/wp-json\/wp\/v2\/tags?post=70452"}],"curies":[{"name":"wp","href":"https:\/\/api.w.org\/{rel}","templated":true}]}}