{"id":70457,"date":"2026-03-07T19:46:18","date_gmt":"2026-03-07T23:46:18","guid":{"rendered":"https:\/\/inces.gob.ve\/?p=70457"},"modified":"2026-03-07T19:52:05","modified_gmt":"2026-03-07T23:52:05","slug":"inces-rinde-homenaje-a-chavez-y-a-la-mujer-venezolana-con-recital-poetico-y-exposicion-artesanal","status":"publish","type":"post","link":"https:\/\/inces.gob.ve\/index.php\/2026\/03\/07\/inces-rinde-homenaje-a-chavez-y-a-la-mujer-venezolana-con-recital-poetico-y-exposicion-artesanal\/","title":{"rendered":"Inces rinde homenaje a Ch\u00e1vez y a la mujer venezolana con recital po\u00e9tico y exposici\u00f3n artesanal"},"content":{"rendered":"<p style=\"text-align: justify;\"><strong><em><span style=\"font-family: helvetica, arial, sans-serif; font-size: 18px;\">** La Gerencia General de Cultura Deporte Recreaci\u00f3n y participaci\u00f3n Comunal resalt\u00f3 la lectura como herramienta de liberaci\u00f3n, vinculando la formaci\u00f3n t\u00e9cnica con la sensibilidad humanista a trav\u00e9s del estudio de la obra \u201cCh\u00e1vez Feminista\u201d<\/span><\/em><\/strong><!--more--><\/p>\n<p style=\"text-align: justify;\"><span style=\"font-family: helvetica, arial, sans-serif; font-size: 18px;\">En las instalaciones del Caf\u00e9 Galer\u00eda Wadaka, se llev\u00f3 a cabo el club de lectura y declamaci\u00f3n \u201cCh\u00e1vez: MujerES fruto de su siembra feminista\u201d, una actividad cargada de m\u00edstica para conmemorar los 13 a\u00f1os de la siembra del comandante Hugo Ch\u00e1vez y el pr\u00f3ximo D\u00eda Internacional de la Mujer. La jornada, liderada por Francia Marrufo, gerente general de Cultura del Inces, destac\u00f3 la lectura cr\u00edtica como una herramienta de liberaci\u00f3n indispensable para vincular la formaci\u00f3n t\u00e9cnica con la sensibilidad humanista y el pensamiento creativo.<\/span><\/p>\n<p>&nbsp;<\/p>\n<p><img loading=\"lazy\" decoding=\"async\" class=\"aligncenter wp-image-70458 size-full\" src=\"https:\/\/inces.gob.ve\/wp-content\/uploads\/2026\/03\/WhatsApp-Image-2026-03-07-at-12.22.17-PM-1.jpeg\" alt=\"\" width=\"1280\" height=\"856\" srcset=\"https:\/\/inces.gob.ve\/wp-content\/uploads\/2026\/03\/WhatsApp-Image-2026-03-07-at-12.22.17-PM-1.jpeg 1280w, https:\/\/inces.gob.ve\/wp-content\/uploads\/2026\/03\/WhatsApp-Image-2026-03-07-at-12.22.17-PM-1-300x201.jpeg 300w, https:\/\/inces.gob.ve\/wp-content\/uploads\/2026\/03\/WhatsApp-Image-2026-03-07-at-12.22.17-PM-1-1024x685.jpeg 1024w, https:\/\/inces.gob.ve\/wp-content\/uploads\/2026\/03\/WhatsApp-Image-2026-03-07-at-12.22.17-PM-1-768x514.jpeg 768w, https:\/\/inces.gob.ve\/wp-content\/uploads\/2026\/03\/WhatsApp-Image-2026-03-07-at-12.22.17-PM-1-272x182.jpeg 272w\" sizes=\"auto, (max-width: 1280px) 100vw, 1280px\" \/><\/p>\n<p>&nbsp;<\/p>\n<p>&nbsp;<\/p>\n<p style=\"text-align: justify;\"><span style=\"font-family: helvetica, arial, sans-serif; font-size: 18px;\">Durante el evento, las trabajadoras de la instituci\u00f3n protagonizaron un emotivo recital po\u00e9tico feminista, donde se reflexion\u00f3 acerca de la transformaci\u00f3n del rol de la mujer venezolana tras el impulso del liderazgo de Ch\u00e1vez. Ana Mar\u00eda Perera, de la Coordinaci\u00f3n de Mujeres Productivas, resalt\u00f3 que el feminismo actual ha empoderado a la mujer desde el hogar hasta los espacios de producci\u00f3n y toma de decisiones, cerrando su intervenci\u00f3n con la declamaci\u00f3n de la reconocida poetisa Ana Enriqueta Ter\u00e1n.<\/span><\/p>\n<p>&nbsp;<\/p>\n<p><img loading=\"lazy\" decoding=\"async\" class=\"aligncenter wp-image-70460 size-full\" src=\"https:\/\/inces.gob.ve\/wp-content\/uploads\/2026\/03\/WhatsApp-Image-2026-03-07-at-12.22.18-PM-1.jpeg\" alt=\"\" width=\"1280\" height=\"856\" srcset=\"https:\/\/inces.gob.ve\/wp-content\/uploads\/2026\/03\/WhatsApp-Image-2026-03-07-at-12.22.18-PM-1.jpeg 1280w, https:\/\/inces.gob.ve\/wp-content\/uploads\/2026\/03\/WhatsApp-Image-2026-03-07-at-12.22.18-PM-1-300x201.jpeg 300w, https:\/\/inces.gob.ve\/wp-content\/uploads\/2026\/03\/WhatsApp-Image-2026-03-07-at-12.22.18-PM-1-1024x685.jpeg 1024w, https:\/\/inces.gob.ve\/wp-content\/uploads\/2026\/03\/WhatsApp-Image-2026-03-07-at-12.22.18-PM-1-768x514.jpeg 768w, https:\/\/inces.gob.ve\/wp-content\/uploads\/2026\/03\/WhatsApp-Image-2026-03-07-at-12.22.18-PM-1-272x182.jpeg 272w\" sizes=\"auto, (max-width: 1280px) 100vw, 1280px\" \/><\/p>\n<p>&nbsp;<\/p>\n<p>&nbsp;<\/p>\n<p style=\"text-align: justify;\"><span style=\"font-family: helvetica, arial, sans-serif; font-size: 18px;\">La participaci\u00f3n comunitaria tambi\u00e9n se hizo presente con el aporte de Joherlin Azuaje y Edgar Jim\u00e9nez, quienes compartieron versos de autores cubanos y textos de su propia autor\u00eda dedicados al l\u00edder bolivariano. A este tributo se sum\u00f3 Jos\u00e9 \u00abEl Chino\u00bb Parras, quien en representaci\u00f3n del p\u00fablico asistente, declam\u00f3 un poema in\u00e9dito inspirado en el legado del Eterno Camandante, reafirmando el v\u00ednculo afectivo y pol\u00edtico que une al pueblo con la figura de Ch\u00e1vez.<\/span><\/p>\n<p>&nbsp;<\/p>\n<p>&nbsp;<\/p>\n<p><img loading=\"lazy\" decoding=\"async\" class=\"aligncenter wp-image-70467 size-full\" src=\"https:\/\/inces.gob.ve\/wp-content\/uploads\/2026\/03\/WhatsApp-Image-2026-03-07-at-12.22.20-PM-1.jpeg\" alt=\"\" width=\"1280\" height=\"856\" srcset=\"https:\/\/inces.gob.ve\/wp-content\/uploads\/2026\/03\/WhatsApp-Image-2026-03-07-at-12.22.20-PM-1.jpeg 1280w, https:\/\/inces.gob.ve\/wp-content\/uploads\/2026\/03\/WhatsApp-Image-2026-03-07-at-12.22.20-PM-1-300x201.jpeg 300w, https:\/\/inces.gob.ve\/wp-content\/uploads\/2026\/03\/WhatsApp-Image-2026-03-07-at-12.22.20-PM-1-1024x685.jpeg 1024w, https:\/\/inces.gob.ve\/wp-content\/uploads\/2026\/03\/WhatsApp-Image-2026-03-07-at-12.22.20-PM-1-768x514.jpeg 768w, https:\/\/inces.gob.ve\/wp-content\/uploads\/2026\/03\/WhatsApp-Image-2026-03-07-at-12.22.20-PM-1-272x182.jpeg 272w\" sizes=\"auto, (max-width: 1280px) 100vw, 1280px\" \/><\/p>\n<p>&nbsp;<\/p>\n<p style=\"text-align: justify;\"><span style=\"font-family: helvetica, arial, sans-serif; font-size: 18px;\">Como cierre de la actividad, se realiz\u00f3 un recorrido por la exposici\u00f3n \u201cVisi\u00f3n Po\u00e9tica Artesanal\u201d, guiado por Abdusalan Ter\u00e1n. Esta muestra, fruto de la alianza entre el Movimiento Nacional Mu\u00f1equero Amoroso y la Sociedad Cultural Jos\u00e9 Mart\u00ed, utiliza la t\u00e9cnica de mu\u00f1ecos de trapo para representar la amistad hist\u00f3rica entre Cuba y Venezuela. A trav\u00e9s de figuras artesanales, la exhibici\u00f3n rinde homenaje a personajes como Bol\u00edvar, Mart\u00ed, Fidel Castro, Ch\u00e1vez, entre otros personajes hist\u00f3ricos, resaltando una conexi\u00f3n que va m\u00e1s all\u00e1 de la pol\u00edtica para instalarse en lo intelectual y art\u00edstico.<\/span><\/p>\n<p>&nbsp;<\/p>\n<p>&nbsp;<\/p>\n<p><img loading=\"lazy\" decoding=\"async\" class=\"aligncenter wp-image-70463 size-large\" src=\"https:\/\/inces.gob.ve\/wp-content\/uploads\/2026\/03\/WhatsApp-Image-2026-03-07-at-12.22.18-PM-1024x685.jpeg\" alt=\"\" width=\"640\" height=\"428\" srcset=\"https:\/\/inces.gob.ve\/wp-content\/uploads\/2026\/03\/WhatsApp-Image-2026-03-07-at-12.22.18-PM-1024x685.jpeg 1024w, https:\/\/inces.gob.ve\/wp-content\/uploads\/2026\/03\/WhatsApp-Image-2026-03-07-at-12.22.18-PM-300x201.jpeg 300w, https:\/\/inces.gob.ve\/wp-content\/uploads\/2026\/03\/WhatsApp-Image-2026-03-07-at-12.22.18-PM-768x514.jpeg 768w, https:\/\/inces.gob.ve\/wp-content\/uploads\/2026\/03\/WhatsApp-Image-2026-03-07-at-12.22.18-PM-272x182.jpeg 272w, https:\/\/inces.gob.ve\/wp-content\/uploads\/2026\/03\/WhatsApp-Image-2026-03-07-at-12.22.18-PM.jpeg 1280w\" sizes=\"auto, (max-width: 640px) 100vw, 640px\" \/><img loading=\"lazy\" decoding=\"async\" class=\"wp-image-70466 size-large aligncenter\" src=\"https:\/\/inces.gob.ve\/wp-content\/uploads\/2026\/03\/WhatsApp-Image-2026-03-07-at-12.22.19-PM-1024x685.jpeg\" alt=\"\" width=\"640\" height=\"428\" srcset=\"https:\/\/inces.gob.ve\/wp-content\/uploads\/2026\/03\/WhatsApp-Image-2026-03-07-at-12.22.19-PM-1024x685.jpeg 1024w, https:\/\/inces.gob.ve\/wp-content\/uploads\/2026\/03\/WhatsApp-Image-2026-03-07-at-12.22.19-PM-300x201.jpeg 300w, https:\/\/inces.gob.ve\/wp-content\/uploads\/2026\/03\/WhatsApp-Image-2026-03-07-at-12.22.19-PM-768x514.jpeg 768w, https:\/\/inces.gob.ve\/wp-content\/uploads\/2026\/03\/WhatsApp-Image-2026-03-07-at-12.22.19-PM-272x182.jpeg 272w, https:\/\/inces.gob.ve\/wp-content\/uploads\/2026\/03\/WhatsApp-Image-2026-03-07-at-12.22.19-PM.jpeg 1280w\" sizes=\"auto, (max-width: 640px) 100vw, 640px\" \/><\/p>\n<p>&nbsp;<\/p>\n<p style=\"text-align: justify;\"><span style=\"font-family: helvetica, arial, sans-serif; font-size: 18px;\">Finalmente, los voceros presentes invitaron a la clase trabajadora del Inces y a los habitantes de las comunidades aleda\u00f1as a visitar esta exposici\u00f3n, la cual permanecer\u00e1 abierta al p\u00fablico hasta el mes de abril.<\/span><\/p>\n","protected":false},"excerpt":{"rendered":"<p>** La Gerencia General de Cultura Deporte Recreaci\u00f3n y participaci\u00f3n Comunal resalt\u00f3 la lectura como herramienta de liberaci\u00f3n, vinculando la formaci\u00f3n t\u00e9cnica con la sensibilidad humanista a trav\u00e9s del estudio de la obra \u201cCh\u00e1vez Feminista\u201d<\/p>\n","protected":false},"author":4,"featured_media":70462,"comment_status":"closed","ping_status":"closed","sticky":false,"template":"","format":"standard","meta":{"footnotes":""},"categories":[2],"tags":[],"class_list":["post-70457","post","type-post","status-publish","format-standard","has-post-thumbnail","hentry","category-blog"],"_links":{"self":[{"href":"https:\/\/inces.gob.ve\/index.php\/wp-json\/wp\/v2\/posts\/70457","targetHints":{"allow":["GET"]}}],"collection":[{"href":"https:\/\/inces.gob.ve\/index.php\/wp-json\/wp\/v2\/posts"}],"about":[{"href":"https:\/\/inces.gob.ve\/index.php\/wp-json\/wp\/v2\/types\/post"}],"author":[{"embeddable":true,"href":"https:\/\/inces.gob.ve\/index.php\/wp-json\/wp\/v2\/users\/4"}],"replies":[{"embeddable":true,"href":"https:\/\/inces.gob.ve\/index.php\/wp-json\/wp\/v2\/comments?post=70457"}],"version-history":[{"count":7,"href":"https:\/\/inces.gob.ve\/index.php\/wp-json\/wp\/v2\/posts\/70457\/revisions"}],"predecessor-version":[{"id":70476,"href":"https:\/\/inces.gob.ve\/index.php\/wp-json\/wp\/v2\/posts\/70457\/revisions\/70476"}],"wp:featuredmedia":[{"embeddable":true,"href":"https:\/\/inces.gob.ve\/index.php\/wp-json\/wp\/v2\/media\/70462"}],"wp:attachment":[{"href":"https:\/\/inces.gob.ve\/index.php\/wp-json\/wp\/v2\/media?parent=70457"}],"wp:term":[{"taxonomy":"category","embeddable":true,"href":"https:\/\/inces.gob.ve\/index.php\/wp-json\/wp\/v2\/categories?post=70457"},{"taxonomy":"post_tag","embeddable":true,"href":"https:\/\/inces.gob.ve\/index.php\/wp-json\/wp\/v2\/tags?post=70457"}],"curies":[{"name":"wp","href":"https:\/\/api.w.org\/{rel}","templated":true}]}}