{"id":70477,"date":"2026-03-07T19:59:34","date_gmt":"2026-03-07T23:59:34","guid":{"rendered":"https:\/\/inces.gob.ve\/?p=70477"},"modified":"2026-03-11T09:40:51","modified_gmt":"2026-03-11T13:40:51","slug":"luchadores-del-prado-ejemplo-de-formacion-tecnica-en-las-comunas","status":"publish","type":"post","link":"https:\/\/inces.gob.ve\/index.php\/2026\/03\/07\/luchadores-del-prado-ejemplo-de-formacion-tecnica-en-las-comunas\/","title":{"rendered":"Luchadores del Prado: ejemplo de formaci\u00f3n t\u00e9cnica en las comunas"},"content":{"rendered":"<p style=\"text-align: justify;\"><em><strong><span style=\"font-size: 18px; font-family: helvetica, arial, sans-serif;\">** Texto escrito a prop\u00f3sito de la primera Consulta Popular Nacional 2026<\/span><\/strong><\/em><!--more--><\/p>\n<p>&nbsp;<\/p>\n<p><span style=\"font-family: helvetica, arial, sans-serif;\"><strong>LUIS J. GONZ\u00c1LEZ C.<\/strong><\/span><\/p>\n<p style=\"text-align: justify;\"><span style=\"font-size: 18px; font-family: helvetica, arial, sans-serif;\">Coadyuvar a la construcci\u00f3n de espacios m\u00e1s humanos, dignos y al servicio de la sociedad es posible a trav\u00e9s de la formaci\u00f3n t\u00e9cnica profesional, ejecutando la segunda T en el eje denominado \u00abCiudad Humana para el Buen Vivir\u00bb y es que bloque a bloque se levantan los espacios socioproductivos con los hombres y mujeres pertenecientes a la comuna \u201cLuchadores del Prado\u201d en plena avenida Nueva Granada de la ciudad de Caracas, los cuales son acondicionados por miembros de la comunidad y personal del Inces, quienes adem\u00e1s se capacitan en los perfiles de alba\u00f1il, herrero y plomero a trav\u00e9s de la Escuela Popular de Autoconstrucci\u00f3n del Habitat \u201cFruto Vivas\u201d.<\/span><\/p>\n<p>&nbsp;<\/p>\n<p style=\"text-align: justify;\"><span style=\"font-size: 18px; font-family: helvetica, arial, sans-serif;\">A\u00fan retumban las palabras del comandante eterno y l\u00edder de la revoluci\u00f3n bolivariana, Hugo Ch\u00e1vez, exhortando a los venezolanos a construir un nuevo sistema de gesti\u00f3n de gobierno \u201cComuna o nada\u201d y esto lo hacen posible a trav\u00e9s de la ejecuci\u00f3n de los proyectos aprobados a trav\u00e9s de consulta popular el pasado a\u00f1o los seis consejos comunales agrupados en la comuna antes mencionada.<\/span><\/p>\n<p style=\"text-align: justify;\"><span style=\"font-size: 18px; font-family: helvetica, arial, sans-serif;\">Caracas, est\u00e1 dividida territorialmente por 22 parroquias, en las cuales se distribuyen 88 Comunas en Caracas (seg\u00fan datos de la operaci\u00f3n Caracas Sonr\u00ede 2025), agrupados en 41 Circuitos Comunales.<\/span><\/p>\n<p style=\"text-align: justify;\"><span style=\"font-size: 18px; font-family: helvetica, arial, sans-serif;\"><strong>Lucha desde hace tiempo<\/strong><\/span><\/p>\n<p style=\"text-align: justify;\"><span style=\"font-size: 18px; font-family: helvetica, arial, sans-serif;\"><strong>\u00a0<\/strong><\/span><\/p>\n<p style=\"text-align: justify;\"><span style=\"font-size: 18px; font-family: helvetica, arial, sans-serif;\">La perseverancia y lucha constante por los objetivos comunes para ganar espacios para la comunidad ha sido una constante por parte de las 2 mil 700 familias integrantes del circuito 3 de la parroquia Santa Rosal\u00eda, quienes luego de la elecci\u00f3n de los jueces de paz buscaban un espacio para la instalaci\u00f3n de la Sala de Gobierno, \u201cpor ello acudimos al Inces, como instituci\u00f3n cercana y perteneciente al punto y c\u00edrculo para que nos brindaran un espacio donde estar, al principio no se pudo, por tratarse de una instituci\u00f3n educativa, por lo cual hicimos una nueva solicitud de ser acompa\u00f1ados en lo formativo en los espacios en los que actualmente estamos materializando el mapa de sue\u00f1os de nuestra comunidad\u201d as\u00ed lo describe Belkys Solano, miembro de la comuna.<\/span><\/p>\n<p style=\"text-align: justify;\"><span style=\"font-size: 18px; font-family: helvetica, arial, sans-serif;\"><strong>\u00a0<\/strong><\/span><\/p>\n<p style=\"text-align: justify;\"><span style=\"font-size: 18px; font-family: helvetica, arial, sans-serif;\">Solano, recuerda con alegr\u00eda aquel 28 de noviembre de 2025 cuando el propio presidente del Inces, Wuikelman \u00c1ngel se aperson\u00f3 junto a un nutrido equipo de trabajo en el terreno que cuenta con 602 metros cuadrados y dio la orden para que no solo se apoyara en la parte de infraestructura, sino tambi\u00e9n en lo formativo, con la primera clase magistral de la Escuela Popular de Autoconstrucci\u00f3n del Habitat \u201cFruto Vivas\u201d.<\/span><\/p>\n<p style=\"text-align: justify;\"><span style=\"font-size: 18px; font-family: helvetica, arial, sans-serif;\"><strong>\u00a0<\/strong><\/span><\/p>\n<p style=\"text-align: justify;\"><span style=\"font-size: 18px; font-family: helvetica, arial, sans-serif;\">\u201cActualmente nos sentimos escuchados y atendidos por el Inces, quienes nos dieron la mano por primera vez, luego se sum\u00f3 el ministerio del poder popular para Industrias y Comercio Nacional, quienes nos han dotado de material para continuar con la construcci\u00f3n de estos espacios dignos para nuestras familias\u201d, dijo emocionada Solano.<\/span><\/p>\n<p style=\"text-align: justify;\"><span style=\"font-size: 18px; font-family: helvetica, arial, sans-serif;\"><strong>\u00a0<\/strong><\/span><\/p>\n<p style=\"text-align: justify;\"><span style=\"font-size: 18px; font-family: helvetica, arial, sans-serif;\">Y es que el proyecto que arranc\u00f3 solo con la sala de autogobierno, un Infocentro, salones de usos m\u00faltiples,\u00a0 y la construcci\u00f3n de una cancha deportiva, hoy en d\u00eda creci\u00f3, con la dotaci\u00f3n de material recibida por el ministerio antes mencionado, lo har\u00e1 posible la construcci\u00f3n de dos edificios administrativos con un \u00e1rea comercial de potabilizadora de agua, taller de sublimaci\u00f3n, barber\u00eda, bodega comunal, una panader\u00eda y un \u00e1rea para desposte y refrigeraci\u00f3n de reses con cava cuarto.<\/span><\/p>\n<p style=\"text-align: justify;\"><span style=\"font-size: 18px; font-family: helvetica, arial, sans-serif;\"><strong>\u00a0<\/strong><\/span><\/p>\n<p style=\"text-align: justify;\"><span style=\"font-size: 18px; font-family: helvetica, arial, sans-serif;\"><strong>Inces es construcci\u00f3n y formaci\u00f3n<\/strong><\/span><\/p>\n<p style=\"text-align: justify;\"><span style=\"font-size: 18px; font-family: helvetica, arial, sans-serif;\">La gerente general de infraestructura y servicios del Inces, Yessica L\u00f3pez, se\u00f1al\u00f3 que dentro del espacio la instituci\u00f3n educativa ha dispuesto cuatro maestros t\u00e9cnicos voluntarios (ingeniero civil e ingenieros electricistas) quienes no solo supervisan la ejecuci\u00f3n sino facilitan la\u00a0 teoria de la\u00a0 Escuela Popular de Autoconstrucci\u00f3n del Habitat \u201cFruto Vivas\u201d.<\/span><\/p>\n<p style=\"text-align: justify;\"><span style=\"font-size: 18px; font-family: helvetica, arial, sans-serif;\">\u201cEn estos espacios tambi\u00e9n estamos formando a las personas miembros de la comunidad para que junto al Inces se formen en nuestros perfiles del alba\u00f1il, plomero y herrero, y que adem\u00e1s podr\u00e1n ser certificados por nuestra instituci\u00f3n al culminar la obra, adem\u00e1s se fomenta la formaci\u00f3n t\u00e9cnica profesional como una herramienta para las futuras generaciones, dentro de los espacios de nuestra instituci\u00f3n damos la teor\u00eda pero es en el territorio que damos la pr\u00e1ctica\u201d, coment\u00f3 L\u00f3pez.<\/span><\/p>\n<p style=\"text-align: justify;\">\n<p style=\"text-align: justify;\"><span style=\"font-size: 18px; font-family: helvetica, arial, sans-serif;\"><strong>\u00a0<\/strong><\/span><\/p>\n<p style=\"text-align: justify;\"><span style=\"font-size: 18px; font-family: helvetica, arial, sans-serif;\"><strong>\u00a0<\/strong><\/span><\/p>\n<p style=\"text-align: justify;\"><span style=\"font-size: 18px; font-family: helvetica, arial, sans-serif;\"><strong>\u00a0<\/strong><\/span><\/p>\n<p style=\"text-align: justify;\"><span style=\"font-size: 18px; font-family: helvetica, arial, sans-serif;\"><strong>\u00a0<\/strong><\/span><\/p>\n<p style=\"text-align: justify;\">\n","protected":false},"excerpt":{"rendered":"<p>** Texto escrito a prop\u00f3sito de la primera Consulta Popular Nacional 2026<\/p>\n","protected":false},"author":4,"featured_media":70478,"comment_status":"closed","ping_status":"closed","sticky":false,"template":"","format":"standard","meta":{"footnotes":""},"categories":[2],"tags":[],"class_list":["post-70477","post","type-post","status-publish","format-standard","has-post-thumbnail","hentry","category-blog"],"_links":{"self":[{"href":"https:\/\/inces.gob.ve\/index.php\/wp-json\/wp\/v2\/posts\/70477","targetHints":{"allow":["GET"]}}],"collection":[{"href":"https:\/\/inces.gob.ve\/index.php\/wp-json\/wp\/v2\/posts"}],"about":[{"href":"https:\/\/inces.gob.ve\/index.php\/wp-json\/wp\/v2\/types\/post"}],"author":[{"embeddable":true,"href":"https:\/\/inces.gob.ve\/index.php\/wp-json\/wp\/v2\/users\/4"}],"replies":[{"embeddable":true,"href":"https:\/\/inces.gob.ve\/index.php\/wp-json\/wp\/v2\/comments?post=70477"}],"version-history":[{"count":2,"href":"https:\/\/inces.gob.ve\/index.php\/wp-json\/wp\/v2\/posts\/70477\/revisions"}],"predecessor-version":[{"id":70590,"href":"https:\/\/inces.gob.ve\/index.php\/wp-json\/wp\/v2\/posts\/70477\/revisions\/70590"}],"wp:featuredmedia":[{"embeddable":true,"href":"https:\/\/inces.gob.ve\/index.php\/wp-json\/wp\/v2\/media\/70478"}],"wp:attachment":[{"href":"https:\/\/inces.gob.ve\/index.php\/wp-json\/wp\/v2\/media?parent=70477"}],"wp:term":[{"taxonomy":"category","embeddable":true,"href":"https:\/\/inces.gob.ve\/index.php\/wp-json\/wp\/v2\/categories?post=70477"},{"taxonomy":"post_tag","embeddable":true,"href":"https:\/\/inces.gob.ve\/index.php\/wp-json\/wp\/v2\/tags?post=70477"}],"curies":[{"name":"wp","href":"https:\/\/api.w.org\/{rel}","templated":true}]}}