{"id":70480,"date":"2026-03-09T09:11:26","date_gmt":"2026-03-09T13:11:26","guid":{"rendered":"https:\/\/inces.gob.ve\/?p=70480"},"modified":"2026-03-09T09:11:42","modified_gmt":"2026-03-09T13:11:42","slug":"bolivar-inces-lidera-taller-formativo-interinstitucional-sobre-medios-digitales-e-inteligencia-artificial","status":"publish","type":"post","link":"https:\/\/inces.gob.ve\/index.php\/2026\/03\/09\/bolivar-inces-lidera-taller-formativo-interinstitucional-sobre-medios-digitales-e-inteligencia-artificial\/","title":{"rendered":"BOL\u00cdVAR | Inces lidera taller formativo interinstitucional sobre medios digitales e inteligencia artificial"},"content":{"rendered":"<p style=\"font-weight: 400; text-align: justify;\"><span style=\"font-family: helvetica, arial, sans-serif; font-size: 18px;\">**\u00a0<strong><em>A trav\u00e9s del programa \u201cformador de formadores\u201d, el Inces Bol\u00edvar busca suministrar las herramientas pedag\u00f3gicas en el \u00e1rea digital a m\u00e1s de 35 trabajadores pertenecientes a diferentes entidades de trabajo, con la finalidad de hacerlos m\u00e1s eficientes en el \u00e1rea laboral, docente y administrativa.<\/em><\/strong><!--more--><\/span><\/p>\n<p style=\"font-weight: 400; text-align: justify;\"><span style=\"font-family: helvetica, arial, sans-serif; font-size: 18px;\"><strong><em>\u00a0<\/em><\/strong><\/span><\/p>\n<p style=\"font-weight: 400; text-align: justify;\"><span style=\"font-family: helvetica, arial, sans-serif; font-size: 18px;\">Las instalaciones del Centro de Formaci\u00f3n Socialista (CFS) Manuel Carlos Piar, ubicado en Ciudad Guayana, municipio Caron\u00ed, fue la sede escogida para dar inicio al taller Recursos y Medios Digitales, orientado a la capacitaci\u00f3n docente y administrativa de todo el personal Inces, as\u00ed como del talento humano de importantes empresas del estado, en el marco de los hist\u00f3ricos lazos de cooperaci\u00f3n t\u00e9cnica existentes entre la instituci\u00f3n y las diferentes entidades de trabajos de la regi\u00f3n.<\/span><\/p>\n<p>&nbsp;<\/p>\n<p style=\"font-weight: 400; text-align: justify;\"><span style=\"font-family: helvetica, arial, sans-serif; font-size: 18px;\">El taller, cuyo prop\u00f3sito ser\u00e1 brindarles herramientas a los trabajadores que potencien el aprendizaje activo, la colaboraci\u00f3n y la evaluaci\u00f3n continua de sus actividades docentes y administrativas, tendr\u00e1 una duraci\u00f3n de 40 horas te\u00f3rico-pr\u00e1cticas intensivas, en donde aprender\u00e1n el manejo de las \u00faltimas tecnolog\u00edas y aplicaciones digitales, as\u00ed como el uso adecuado de la inteligencia artificial como instrumento clave en la adaptaci\u00f3n de contenidos al ritmo individual, la automatizaci\u00f3n de tareas administrativas y la retroalimentaci\u00f3n inmediata.<\/span><\/p>\n<p>&nbsp;<\/p>\n<p style=\"font-weight: 400; text-align: justify;\"><span style=\"font-family: helvetica, arial, sans-serif; font-size: 18px;\">El facilitador Francisco Molla, egresado del programa Formador de Formadores implementado en el departamento de Obras P\u00fablicas de la alcald\u00eda de Caron\u00ed, es el encargado de impartir este taller, asegurando que \u201clas herramientas digitales son indispensables actualmente para todo el personal laboral de cualquier instituci\u00f3n, ya que estos aumentan la productividad, mejoran la comunicaci\u00f3n en el \u00e1rea de trabajo y facilitan el acceso a la informaci\u00f3n \u00fatil en tiempo real\u201d.<\/span><\/p>\n<p>&nbsp;<\/p>\n<p style=\"font-weight: 400; text-align: justify;\"><span style=\"font-family: helvetica, arial, sans-serif; font-size: 18px;\">Entre los 36 participantes beneficiados por la primera edici\u00f3n de este taller formativo se encuentra parte del talento humano de las empresas Sidor, Carbonorca e IMGC,\u00a0 as\u00ed como el personal Inces de los CFS Manuel Carlos Piar, Diego de Ordaz y Jos\u00e9 Leonardo Chirinos respectivamente.<\/span><\/p>\n","protected":false},"excerpt":{"rendered":"<p>**\u00a0A trav\u00e9s del programa \u201cformador de formadores\u201d, el Inces Bol\u00edvar busca suministrar las herramientas pedag\u00f3gicas en el \u00e1rea digital a m\u00e1s de 35 trabajadores pertenecientes a diferentes entidades de trabajo, con la finalidad de hacerlos m\u00e1s eficientes en el \u00e1rea laboral, docente y administrativa.<\/p>\n","protected":false},"author":15,"featured_media":70481,"comment_status":"closed","ping_status":"closed","sticky":false,"template":"","format":"standard","meta":{"footnotes":""},"categories":[2],"tags":[],"class_list":["post-70480","post","type-post","status-publish","format-standard","has-post-thumbnail","hentry","category-blog"],"_links":{"self":[{"href":"https:\/\/inces.gob.ve\/index.php\/wp-json\/wp\/v2\/posts\/70480","targetHints":{"allow":["GET"]}}],"collection":[{"href":"https:\/\/inces.gob.ve\/index.php\/wp-json\/wp\/v2\/posts"}],"about":[{"href":"https:\/\/inces.gob.ve\/index.php\/wp-json\/wp\/v2\/types\/post"}],"author":[{"embeddable":true,"href":"https:\/\/inces.gob.ve\/index.php\/wp-json\/wp\/v2\/users\/15"}],"replies":[{"embeddable":true,"href":"https:\/\/inces.gob.ve\/index.php\/wp-json\/wp\/v2\/comments?post=70480"}],"version-history":[{"count":1,"href":"https:\/\/inces.gob.ve\/index.php\/wp-json\/wp\/v2\/posts\/70480\/revisions"}],"predecessor-version":[{"id":70482,"href":"https:\/\/inces.gob.ve\/index.php\/wp-json\/wp\/v2\/posts\/70480\/revisions\/70482"}],"wp:featuredmedia":[{"embeddable":true,"href":"https:\/\/inces.gob.ve\/index.php\/wp-json\/wp\/v2\/media\/70481"}],"wp:attachment":[{"href":"https:\/\/inces.gob.ve\/index.php\/wp-json\/wp\/v2\/media?parent=70480"}],"wp:term":[{"taxonomy":"category","embeddable":true,"href":"https:\/\/inces.gob.ve\/index.php\/wp-json\/wp\/v2\/categories?post=70480"},{"taxonomy":"post_tag","embeddable":true,"href":"https:\/\/inces.gob.ve\/index.php\/wp-json\/wp\/v2\/tags?post=70480"}],"curies":[{"name":"wp","href":"https:\/\/api.w.org\/{rel}","templated":true}]}}