{"id":70483,"date":"2026-03-09T09:23:53","date_gmt":"2026-03-09T13:23:53","guid":{"rendered":"https:\/\/inces.gob.ve\/?p=70483"},"modified":"2026-03-09T18:18:41","modified_gmt":"2026-03-09T22:18:41","slug":"falcon-mintrabajo-realizo-presentacion-del-sistema-nacional-de-formacion-y-autoformacion-de-la-clase-trabajadora","status":"publish","type":"post","link":"https:\/\/inces.gob.ve\/index.php\/2026\/03\/09\/falcon-mintrabajo-realizo-presentacion-del-sistema-nacional-de-formacion-y-autoformacion-de-la-clase-trabajadora\/","title":{"rendered":"FALC\u00d3N | MinTrabajo realiz\u00f3 presentaci\u00f3n del Sistema Nacional de Formaci\u00f3n y Autoformaci\u00f3n de la Clase Trabajadora"},"content":{"rendered":"<p style=\"text-align: justify;\" align=\"center\"><span style=\"font-family: helvetica, arial, sans-serif; font-size: 18px;\"><strong><em>**Inces particip\u00f3 en la actividad que estuvo dirigida a los trabajadores de Bariven, filial de Pdvsa<\/em><\/strong><!--more--><\/span><\/p>\n<p style=\"text-align: justify;\" align=\"justify\"><span style=\"font-family: helvetica, arial, sans-serif; font-size: 18px;\"><b>MIRIAM GONZ\u00c1LEZ VILLARROEL<\/b><\/span><\/p>\n<p style=\"text-align: justify;\" align=\"justify\"><span style=\"font-family: helvetica, arial, sans-serif; font-size: 18px;\">El Ministerio del Poder Popular para el Proceso Social del Trabajo (Mpppst) present\u00f3 el Sistema Nacional de Formaci\u00f3n y Autoformaci\u00f3n de la Clase Obrera a los trabajadores de la entidad de trabajo Bariven, S.A. filial de Petr\u00f3leos de Venezuela, S.A. (Pdvsa) en Paraguan\u00e1, acci\u00f3n que se realiz\u00f3 en los espacios del almac\u00e9n de la empresa.<\/span><\/p>\n<p align=\"justify\"><img loading=\"lazy\" decoding=\"async\" class=\"aligncenter wp-image-70484 size-full\" src=\"https:\/\/inces.gob.ve\/wp-content\/uploads\/2026\/03\/MPPPST-2-e1773062512315.jpg\" alt=\"\" width=\"624\" height=\"342\" srcset=\"https:\/\/inces.gob.ve\/wp-content\/uploads\/2026\/03\/MPPPST-2-e1773062512315.jpg 624w, https:\/\/inces.gob.ve\/wp-content\/uploads\/2026\/03\/MPPPST-2-e1773062512315-300x164.jpg 300w, https:\/\/inces.gob.ve\/wp-content\/uploads\/2026\/03\/MPPPST-2-e1773062512315-622x342.jpg 622w\" sizes=\"auto, (max-width: 624px) 100vw, 624px\" \/><\/p>\n<p style=\"text-align: justify;\" align=\"justify\"><span style=\"font-family: helvetica, arial, sans-serif; font-size: 18px;\">En esta iniciativ,a que busca certificar saberes y mejorar competencias productivas directamente en las entidades de trabajo, estuvieron presentes: Aleide Caldera, jefe del Centro de Encuentro para Educaci\u00f3n y Trabajo (CEET) del estado Falc\u00f3n y su equipo de trabajo; por el Inces, Elis Colina, jefe del centro de formaci\u00f3n socialista (CFS) Al\u00ed Primera, ambas instituciones adscritas al Mpppst; adem\u00e1s hicieron acto de presencia autoridades de esta importante filial de Pdvsa que hace vida activa en las instalaciones del Centro de Refinaci\u00f3n Paraguan\u00e1 (CRP).<\/span><\/p>\n<p style=\"text-align: justify;\" align=\"justify\"><span style=\"font-family: helvetica, arial, sans-serif; font-size: 18px;\">Elis Colina inform\u00f3, esta presentaci\u00f3n se llev\u00f3 a cabo cumpliendo con los lineamientos nacionales y regionales del Inces en torno a seguir impulsando el desarrollo t\u00e9cnico y profesional de hombres y mujeres que mueven el motor productivo del Pa\u00eds.<\/span><\/p>\n<p style=\"text-align: justify;\" align=\"justify\"><img loading=\"lazy\" decoding=\"async\" class=\"aligncenter wp-image-70485 size-full\" src=\"https:\/\/inces.gob.ve\/wp-content\/uploads\/2026\/03\/MPPPST-3-e1773062574919.jpg\" alt=\"\" width=\"719\" height=\"466\" srcset=\"https:\/\/inces.gob.ve\/wp-content\/uploads\/2026\/03\/MPPPST-3-e1773062574919.jpg 719w, https:\/\/inces.gob.ve\/wp-content\/uploads\/2026\/03\/MPPPST-3-e1773062574919-300x194.jpg 300w\" sizes=\"auto, (max-width: 719px) 100vw, 719px\" \/><\/p>\n<p style=\"text-align: justify;\" align=\"justify\"><span style=\"font-family: helvetica, arial, sans-serif; font-size: 18px;\">Tambi\u00e9n coment\u00f3, en la presentaci\u00f3n del Sistema Nacional de Formaci\u00f3n y Autoformaci\u00f3n de la Clase Obrera, participan equipos multidisciplinarios de las misiones Robinson, Ribas, Sucre y universidades, con la finalidad de transformar los centros de trabajo en espacios de aprendizaje.<\/span><\/p>\n","protected":false},"excerpt":{"rendered":"<p>**Inces particip\u00f3 en la actividad que estuvo dirigida a los trabajadores de Bariven, filial de Pdvsa<\/p>\n","protected":false},"author":15,"featured_media":70490,"comment_status":"closed","ping_status":"closed","sticky":false,"template":"","format":"standard","meta":{"footnotes":""},"categories":[2],"tags":[],"class_list":["post-70483","post","type-post","status-publish","format-standard","has-post-thumbnail","hentry","category-blog"],"_links":{"self":[{"href":"https:\/\/inces.gob.ve\/index.php\/wp-json\/wp\/v2\/posts\/70483","targetHints":{"allow":["GET"]}}],"collection":[{"href":"https:\/\/inces.gob.ve\/index.php\/wp-json\/wp\/v2\/posts"}],"about":[{"href":"https:\/\/inces.gob.ve\/index.php\/wp-json\/wp\/v2\/types\/post"}],"author":[{"embeddable":true,"href":"https:\/\/inces.gob.ve\/index.php\/wp-json\/wp\/v2\/users\/15"}],"replies":[{"embeddable":true,"href":"https:\/\/inces.gob.ve\/index.php\/wp-json\/wp\/v2\/comments?post=70483"}],"version-history":[{"count":6,"href":"https:\/\/inces.gob.ve\/index.php\/wp-json\/wp\/v2\/posts\/70483\/revisions"}],"predecessor-version":[{"id":70533,"href":"https:\/\/inces.gob.ve\/index.php\/wp-json\/wp\/v2\/posts\/70483\/revisions\/70533"}],"wp:featuredmedia":[{"embeddable":true,"href":"https:\/\/inces.gob.ve\/index.php\/wp-json\/wp\/v2\/media\/70490"}],"wp:attachment":[{"href":"https:\/\/inces.gob.ve\/index.php\/wp-json\/wp\/v2\/media?parent=70483"}],"wp:term":[{"taxonomy":"category","embeddable":true,"href":"https:\/\/inces.gob.ve\/index.php\/wp-json\/wp\/v2\/categories?post=70483"},{"taxonomy":"post_tag","embeddable":true,"href":"https:\/\/inces.gob.ve\/index.php\/wp-json\/wp\/v2\/tags?post=70483"}],"curies":[{"name":"wp","href":"https:\/\/api.w.org\/{rel}","templated":true}]}}