{"id":70494,"date":"2026-03-09T09:47:29","date_gmt":"2026-03-09T13:47:29","guid":{"rendered":"https:\/\/inces.gob.ve\/?p=70494"},"modified":"2026-03-09T18:25:01","modified_gmt":"2026-03-09T22:25:01","slug":"merida-meridenos-aprenden-la-tecnica-en-fotografia-para-redes-sociales","status":"publish","type":"post","link":"https:\/\/inces.gob.ve\/index.php\/2026\/03\/09\/merida-meridenos-aprenden-la-tecnica-en-fotografia-para-redes-sociales\/","title":{"rendered":"M\u00c9RIDA | Meride\u00f1os aprenden la t\u00e9cnica en Fotograf\u00eda para Redes Sociales"},"content":{"rendered":"<p style=\"text-align: justify;\"><span style=\"font-family: helvetica, arial, sans-serif; font-size: 18px;\"><em><strong>*** La EMCI cuenta con un abanico de opciones formativas destinadas a mejorar las habilidades y destrezas en los medios de comunicaci\u00f3n y\u00a0 plataformas tecnolog\u00edas<\/strong><\/em><!--more--><\/span><\/p>\n<p>&nbsp;<\/p>\n<p style=\"text-align: justify;\"><span style=\"font-family: helvetica, arial, sans-serif; font-size: 18px;\">NADIA LOBO<\/span><\/p>\n<p style=\"text-align: justify;\"><span style=\"font-family: helvetica, arial, sans-serif; font-size: 18px;\">Con el objetivo de dominar la t\u00e9cnica, 20 participantes avanzan en el taller de Fotograf\u00eda para Redes Sociales, que ofrece la Escuela de Medios y Comunicaci\u00f3n del Inces (EMCI) de esta entidad andina.<\/span><\/p>\n<p>&nbsp;<\/p>\n<p><img loading=\"lazy\" decoding=\"async\" class=\"aligncenter wp-image-70502 size-full\" src=\"https:\/\/inces.gob.ve\/wp-content\/uploads\/2026\/03\/FOTOGRAFIA-1-1-e1773063819875.jpg\" alt=\"\" width=\"800\" height=\"360\" \/><\/p>\n<p style=\"text-align: justify;\"><span style=\"font-family: helvetica, arial, sans-serif; font-size: 18px;\">Comprender los principios b\u00e1sicos de la fotograf\u00eda, as\u00ed como dominar las t\u00e9cnicas de composici\u00f3n y las tendencias actuales en redes sociales, entre otros temas, forman parte del contenido del taller.<\/span><\/p>\n<p><img loading=\"lazy\" decoding=\"async\" class=\"aligncenter wp-image-70498 size-full\" src=\"https:\/\/inces.gob.ve\/wp-content\/uploads\/2026\/03\/FOTO-2-e1773063868309.jpg\" alt=\"\" width=\"800\" height=\"600\" \/><\/p>\n<p style=\"text-align: justify;\"><span style=\"font-family: helvetica, arial, sans-serif; font-size: 18px;\">En este sentido, el facilitador Carlos Su\u00e1rez, destac\u00f3 la importancia de conocer los tipos de fotograf\u00eda para diferentes plataformas, as\u00ed como la creatividad, el color y la luz de cada composici\u00f3n.<\/span><\/p>\n<p>&nbsp;<\/p>\n<p><img loading=\"lazy\" decoding=\"async\" class=\"aligncenter wp-image-70499 size-full\" src=\"https:\/\/inces.gob.ve\/wp-content\/uploads\/2026\/03\/FOTOGRAFIA-3-e1773063899691.jpg\" alt=\"\" width=\"800\" height=\"360\" \/><\/p>\n<p style=\"text-align: justify;\"><span style=\"font-family: helvetica, arial, sans-serif; font-size: 18px;\">El grupo est\u00e1 conformado por estudiantes, emprendedores, periodistas, dise\u00f1adores gr\u00e1ficos, as\u00ed como personal de la Imprenta de M\u00e9rida (Immeca), quienes reciben formaci\u00f3n te\u00f3rica y pr\u00e1ctica, utilizando los celulares personales.<\/span><\/p>\n<p><img loading=\"lazy\" decoding=\"async\" class=\"aligncenter wp-image-70501 size-full\" src=\"https:\/\/inces.gob.ve\/wp-content\/uploads\/2026\/03\/FOTOGRAFIA-4-1-e1773063976775.jpg\" alt=\"\" width=\"800\" height=\"360\" \/><\/p>\n<p style=\"text-align: justify;\">\n","protected":false},"excerpt":{"rendered":"<p>*** La EMCI cuenta con un abanico de opciones formativas destinadas a mejorar las habilidades y destrezas en los medios de comunicaci\u00f3n y\u00a0 plataformas tecnolog\u00edas<\/p>\n","protected":false},"author":15,"featured_media":70500,"comment_status":"closed","ping_status":"closed","sticky":false,"template":"","format":"standard","meta":{"footnotes":""},"categories":[2],"tags":[],"class_list":["post-70494","post","type-post","status-publish","format-standard","has-post-thumbnail","hentry","category-blog"],"_links":{"self":[{"href":"https:\/\/inces.gob.ve\/index.php\/wp-json\/wp\/v2\/posts\/70494","targetHints":{"allow":["GET"]}}],"collection":[{"href":"https:\/\/inces.gob.ve\/index.php\/wp-json\/wp\/v2\/posts"}],"about":[{"href":"https:\/\/inces.gob.ve\/index.php\/wp-json\/wp\/v2\/types\/post"}],"author":[{"embeddable":true,"href":"https:\/\/inces.gob.ve\/index.php\/wp-json\/wp\/v2\/users\/15"}],"replies":[{"embeddable":true,"href":"https:\/\/inces.gob.ve\/index.php\/wp-json\/wp\/v2\/comments?post=70494"}],"version-history":[{"count":4,"href":"https:\/\/inces.gob.ve\/index.php\/wp-json\/wp\/v2\/posts\/70494\/revisions"}],"predecessor-version":[{"id":70534,"href":"https:\/\/inces.gob.ve\/index.php\/wp-json\/wp\/v2\/posts\/70494\/revisions\/70534"}],"wp:featuredmedia":[{"embeddable":true,"href":"https:\/\/inces.gob.ve\/index.php\/wp-json\/wp\/v2\/media\/70500"}],"wp:attachment":[{"href":"https:\/\/inces.gob.ve\/index.php\/wp-json\/wp\/v2\/media?parent=70494"}],"wp:term":[{"taxonomy":"category","embeddable":true,"href":"https:\/\/inces.gob.ve\/index.php\/wp-json\/wp\/v2\/categories?post=70494"},{"taxonomy":"post_tag","embeddable":true,"href":"https:\/\/inces.gob.ve\/index.php\/wp-json\/wp\/v2\/tags?post=70494"}],"curies":[{"name":"wp","href":"https:\/\/api.w.org\/{rel}","templated":true}]}}