{"id":70517,"date":"2026-03-09T10:07:04","date_gmt":"2026-03-09T14:07:04","guid":{"rendered":"https:\/\/inces.gob.ve\/?p=70517"},"modified":"2026-03-09T10:14:04","modified_gmt":"2026-03-09T14:14:04","slug":"anzoategui-inces-egresa-36-nuevos-comunicadores-populares-en-barcelona","status":"publish","type":"post","link":"https:\/\/inces.gob.ve\/index.php\/2026\/03\/09\/anzoategui-inces-egresa-36-nuevos-comunicadores-populares-en-barcelona\/","title":{"rendered":"ANZO\u00c1TEGUI  | Inces egresa 36 nuevos comunicadores populares en Barcelona"},"content":{"rendered":"<div dir=\"auto\" style=\"text-align: justify;\"><span style=\"font-family: helvetica, arial, sans-serif; font-size: 18px;\"><strong><em>** El acto de entrega de diplomas de la Escuela de Medios y Comunicaci\u00f3n (EMCI) 2025\/2026, fortalece la creaci\u00f3n de equipos audiovisuales comunitarios en la zona norte del estado<\/em><\/strong><\/span><\/div>\n<p style=\"text-align: justify;\"><span style=\"font-family: helvetica, arial, sans-serif; font-size: 18px;\"><!--more--><\/span><\/p>\n<div dir=\"auto\" style=\"text-align: justify;\"><\/div>\n<div dir=\"auto\" style=\"text-align: justify;\"><span style=\"font-family: helvetica, arial, sans-serif; font-size: 18px;\">En un ambiente de j\u00fabilo y compromiso productivo, el Instituto Nacional de Capacitaci\u00f3n y Educaci\u00f3n Socialista (Inces) en Anzo\u00e1tegui, llev\u00f3 a cabo la entrega de diplomas a 36 sujetos de aprendizaje de la Escuela de Medios y Comunicaci\u00f3n (EMCI). El evento tuvo lugar en las instalaciones de la Iglesia Casa de Paz Nuevo Remanente Escogido de Jehov\u00e1, ubicada en la ciudad de Barcelona.<\/span><\/div>\n<div dir=\"auto\" style=\"text-align: justify;\"><\/div>\n<div dir=\"auto\" style=\"text-align: justify;\"><\/div>\n<div dir=\"auto\" style=\"text-align: justify;\"><span style=\"font-family: helvetica, arial, sans-serif; font-size: 18px;\">La actividad cont\u00f3 con la presencia del asesor comunicacional de la Gerencia Regional del Inces Anzo\u00e1tegui; Luis Freites, quien asisti\u00f3 en representaci\u00f3n de la gerente regional, Josdalia Torres. Durante el acto, se destac\u00f3 que esta alianza estrat\u00e9gica con la congregaci\u00f3n tiene como objetivo fundamental la conformaci\u00f3n de un equipo audiovisual consolidado dentro de la iglesia, permitiendo que los conocimientos t\u00e9cnicos adquiridos se traduzcan en herramientas de comunicaci\u00f3n efectiva para la comunidad.<\/span><\/div>\n<div dir=\"auto\" style=\"text-align: justify;\"><\/div>\n<div dir=\"auto\" style=\"text-align: justify;\"><\/div>\n<div dir=\"auto\" style=\"text-align: justify;\"><span style=\"font-family: helvetica, arial, sans-serif; font-size: 18px;\">Uno de los momentos m\u00e1s destacados de la jornada fue la premiaci\u00f3n de los proyectos finales, donde se evalu\u00f3 la calidad t\u00e9cnica y el mensaje de las piezas producidas por los estudiantes. Se otorgaron galardones a los tres primeros lugares en las siguientes categor\u00edas:<\/span><\/div>\n<div dir=\"auto\" style=\"text-align: justify;\"><\/div>\n<div dir=\"auto\" style=\"text-align: justify;\"><span style=\"font-family: helvetica, arial, sans-serif; font-size: 18px;\">Video m\u00e1s creativo.<\/span><\/div>\n<div dir=\"auto\" style=\"text-align: justify;\"><span style=\"font-family: helvetica, arial, sans-serif; font-size: 18px;\">Video m\u00e1s original.<\/span><\/div>\n<div dir=\"auto\" style=\"text-align: justify;\"><span style=\"font-family: helvetica, arial, sans-serif; font-size: 18px;\">Video m\u00e1s ompactante.<\/span><\/div>\n<div dir=\"auto\" style=\"text-align: justify;\"><\/div>\n<div dir=\"auto\" style=\"text-align: justify;\"><\/div>\n<div dir=\"auto\" style=\"text-align: justify;\"><span style=\"font-family: helvetica, arial, sans-serif; font-size: 18px;\">Estos premios resaltan el alto nivel de formaci\u00f3n alcanzado por los egresados de la zona norte de la entidad, quienes ahora cuentan con competencias en \u00e1reas cr\u00edticas del mundo digital y los medios impresos y audiovisuales.<\/span><\/div>\n<div dir=\"auto\" style=\"text-align: justify;\"><\/div>\n<div dir=\"auto\" style=\"text-align: justify;\"><\/div>\n<div dir=\"auto\" style=\"text-align: justify;\"><span style=\"font-family: helvetica, arial, sans-serif; font-size: 18px;\">Por su parte, el pastor juvenil de la iglesia, Brandon Acosta, expres\u00f3 su satisfacci\u00f3n por el logro alcanzado: \u00abEste es un paso trascendental para nuestra juventud. Agradecemos al Inces por traer estas herramientas que no solo forman, sino que empoderan a nuestra congregaci\u00f3n para comunicar con excelencia y valores\u00bb, afirm\u00f3 durante su intervenci\u00f3n.<\/span><\/div>\n","protected":false},"excerpt":{"rendered":"<p>** El acto de entrega de diplomas de la Escuela de Medios y Comunicaci\u00f3n (EMCI) 2025\/2026, fortalece la creaci\u00f3n de equipos audiovisuales comunitarios en la zona norte del estado<\/p>\n","protected":false},"author":15,"featured_media":70518,"comment_status":"closed","ping_status":"closed","sticky":false,"template":"","format":"standard","meta":{"footnotes":""},"categories":[2],"tags":[],"class_list":["post-70517","post","type-post","status-publish","format-standard","has-post-thumbnail","hentry","category-blog"],"_links":{"self":[{"href":"https:\/\/inces.gob.ve\/index.php\/wp-json\/wp\/v2\/posts\/70517","targetHints":{"allow":["GET"]}}],"collection":[{"href":"https:\/\/inces.gob.ve\/index.php\/wp-json\/wp\/v2\/posts"}],"about":[{"href":"https:\/\/inces.gob.ve\/index.php\/wp-json\/wp\/v2\/types\/post"}],"author":[{"embeddable":true,"href":"https:\/\/inces.gob.ve\/index.php\/wp-json\/wp\/v2\/users\/15"}],"replies":[{"embeddable":true,"href":"https:\/\/inces.gob.ve\/index.php\/wp-json\/wp\/v2\/comments?post=70517"}],"version-history":[{"count":1,"href":"https:\/\/inces.gob.ve\/index.php\/wp-json\/wp\/v2\/posts\/70517\/revisions"}],"predecessor-version":[{"id":70519,"href":"https:\/\/inces.gob.ve\/index.php\/wp-json\/wp\/v2\/posts\/70517\/revisions\/70519"}],"wp:featuredmedia":[{"embeddable":true,"href":"https:\/\/inces.gob.ve\/index.php\/wp-json\/wp\/v2\/media\/70518"}],"wp:attachment":[{"href":"https:\/\/inces.gob.ve\/index.php\/wp-json\/wp\/v2\/media?parent=70517"}],"wp:term":[{"taxonomy":"category","embeddable":true,"href":"https:\/\/inces.gob.ve\/index.php\/wp-json\/wp\/v2\/categories?post=70517"},{"taxonomy":"post_tag","embeddable":true,"href":"https:\/\/inces.gob.ve\/index.php\/wp-json\/wp\/v2\/tags?post=70517"}],"curies":[{"name":"wp","href":"https:\/\/api.w.org\/{rel}","templated":true}]}}