{"id":70520,"date":"2026-03-09T10:21:26","date_gmt":"2026-03-09T14:21:26","guid":{"rendered":"https:\/\/inces.gob.ve\/?p=70520"},"modified":"2026-03-09T13:32:57","modified_gmt":"2026-03-09T17:32:57","slug":"merida-camareras-del-sector-de-salud-se-forman-en-orientacion-al-usuario","status":"publish","type":"post","link":"https:\/\/inces.gob.ve\/index.php\/2026\/03\/09\/merida-camareras-del-sector-de-salud-se-forman-en-orientacion-al-usuario\/","title":{"rendered":"M\u00c9RIDA | Camareras del sector de salud se forman  en Orientaci\u00f3n al Usuario"},"content":{"rendered":"<p style=\"text-align: justify;\"><em><strong>*<span style=\"font-family: helvetica, arial, sans-serif; font-size: 18px;\">** La formaci\u00f3n se desarroll\u00f3 en el Ambulatorio Tipo III El Arenal, donde 96 trabajadores de este centro asistencial, estar\u00e1n recibiendo capacitaci\u00f3n en varios perfiles productivos<\/span><\/strong><\/em><br \/>\n<span style=\"font-family: helvetica, arial, sans-serif; font-size: 18px;\">\u00a0<!--more--><\/span><\/p>\n<p style=\"text-align: justify;\"><span style=\"font-family: helvetica, arial, sans-serif; font-size: 18px;\">El Instituto Nacional de Capacitaci\u00f3n y Educaci\u00f3n Socialista (Inces) a trav\u00e9s del Programa Turismo, egres\u00f3 a 12 camareras del Ambulatorio Tipo III El Arenal, ubicado en el municipio Libertador del estado M\u00e9rida, quienes recibieron formaci\u00f3n t\u00e9cnica en las unidades curriculares: Excelencia en la Calidad de Ventas y Orientaci\u00f3n al Usuario, capacitaci\u00f3n que permite mejorar tanto el servicio como la atenci\u00f3n a los pacientes de este importante centro asistencial de salud.<\/span><\/p>\n<p style=\"text-align: justify;\"><img loading=\"lazy\" decoding=\"async\" class=\"aligncenter wp-image-70523 size-full\" src=\"https:\/\/inces.gob.ve\/wp-content\/uploads\/2026\/03\/9d098d3c-1ca9-4bd7-9c84-695570947502-e1773065973775.jpeg\" alt=\"\" width=\"800\" height=\"339\" \/><\/p>\n<p style=\"text-align: justify;\"><span style=\"font-family: helvetica, arial, sans-serif; font-size: 18px;\">La formaci\u00f3n estuvo a cargo de la maestra t\u00e9cnica productiva Yusmaly Parra, quien destac\u00f3 que las participantes cuenta con los conocimientos, habilidades, destrezas y competencias necesarias que le permite desarrollar eficientemente tanto la orientaci\u00f3n a los pacientes, como el mejoramiento durante la aplicaci\u00f3n de la t\u00e9cnica en el desarrollo de sus ocupaciones como camareras.<\/span><\/p>\n<p>&nbsp;<\/p>\n<p style=\"text-align: justify;\"><span style=\"font-family: helvetica, arial, sans-serif; font-size: 18px;\">Explic\u00f3 que durante la formaci\u00f3n te\u00f3rica y pr\u00e1ctica, las participantes lograron dominar los contenidos tem\u00e1ticos como: normas para atender a los clientes; servicios; liderazgo; calidad, entre otros temas relacionados con la ocupaci\u00f3n.<\/span><\/p>\n<p style=\"text-align: justify;\"><span style=\"font-family: helvetica, arial, sans-serif; font-size: 18px;\">Durante la socializaci\u00f3n y demostraci\u00f3n de la formaci\u00f3n, se cont\u00f3 con la participaci\u00f3n de autoridades del Inces, la doctora Milagros Gonz\u00e1lez, directora \u00c1rea de Salud Integral Comunitaria San Jacinto (ASIC), Jackeline Parra, coordinadora general del Ambulatorio, as\u00ed como las participantes quienes aplicando la t\u00e9cnica y los conocimientos adquiridos, realizaron una demostraci\u00f3n pr\u00e1ctica en sus lugares de trabajo.<\/span><\/p>\n<p style=\"text-align: justify;\"><span style=\"font-family: helvetica, arial, sans-serif; font-size: 18px;\"> <img loading=\"lazy\" decoding=\"async\" class=\"aligncenter wp-image-70522 size-full\" src=\"https:\/\/inces.gob.ve\/wp-content\/uploads\/2026\/03\/89c73eec-e102-48e7-85b6-d2d74723687b-e1773065996631.jpeg\" alt=\"\" width=\"800\" height=\"359\" \/><\/span><\/p>\n<p style=\"text-align: justify;\"><span style=\"font-family: helvetica, arial, sans-serif; font-size: 18px;\">Jackeline Parra, coordinadora general del Ambulatorio Urbano III El Arenal, agradeci\u00f3 al Inces la capacitaci\u00f3n del personal de camareras, al tiempo que solicit\u00f3 nuevas formaciones para el resto de los 96 trabajadores, ya que este centro de salud, forma parte de la Red Ambulatoria Especializado (RAE) donde se presta servicio las 24 horas a las comunidades del sector. \u201cbuscamos mejorar los servicios y la atenci\u00f3n de nuestros usuarios\u201d, se\u00f1al\u00f3.<\/span><\/p>\n","protected":false},"excerpt":{"rendered":"<p>*** La formaci\u00f3n se desarroll\u00f3 en el Ambulatorio Tipo III El Arenal, donde 96 trabajadores de este centro asistencial, estar\u00e1n recibiendo capacitaci\u00f3n en varios perfiles productivos \u00a0<\/p>\n","protected":false},"author":15,"featured_media":70521,"comment_status":"closed","ping_status":"closed","sticky":false,"template":"","format":"standard","meta":{"footnotes":""},"categories":[2],"tags":[],"class_list":["post-70520","post","type-post","status-publish","format-standard","has-post-thumbnail","hentry","category-blog"],"_links":{"self":[{"href":"https:\/\/inces.gob.ve\/index.php\/wp-json\/wp\/v2\/posts\/70520","targetHints":{"allow":["GET"]}}],"collection":[{"href":"https:\/\/inces.gob.ve\/index.php\/wp-json\/wp\/v2\/posts"}],"about":[{"href":"https:\/\/inces.gob.ve\/index.php\/wp-json\/wp\/v2\/types\/post"}],"author":[{"embeddable":true,"href":"https:\/\/inces.gob.ve\/index.php\/wp-json\/wp\/v2\/users\/15"}],"replies":[{"embeddable":true,"href":"https:\/\/inces.gob.ve\/index.php\/wp-json\/wp\/v2\/comments?post=70520"}],"version-history":[{"count":3,"href":"https:\/\/inces.gob.ve\/index.php\/wp-json\/wp\/v2\/posts\/70520\/revisions"}],"predecessor-version":[{"id":70526,"href":"https:\/\/inces.gob.ve\/index.php\/wp-json\/wp\/v2\/posts\/70520\/revisions\/70526"}],"wp:featuredmedia":[{"embeddable":true,"href":"https:\/\/inces.gob.ve\/index.php\/wp-json\/wp\/v2\/media\/70521"}],"wp:attachment":[{"href":"https:\/\/inces.gob.ve\/index.php\/wp-json\/wp\/v2\/media?parent=70520"}],"wp:term":[{"taxonomy":"category","embeddable":true,"href":"https:\/\/inces.gob.ve\/index.php\/wp-json\/wp\/v2\/categories?post=70520"},{"taxonomy":"post_tag","embeddable":true,"href":"https:\/\/inces.gob.ve\/index.php\/wp-json\/wp\/v2\/tags?post=70520"}],"curies":[{"name":"wp","href":"https:\/\/api.w.org\/{rel}","templated":true}]}}