{"id":70535,"date":"2026-03-10T11:05:25","date_gmt":"2026-03-10T15:05:25","guid":{"rendered":"https:\/\/inces.gob.ve\/?p=70535"},"modified":"2026-03-13T10:21:59","modified_gmt":"2026-03-13T14:21:59","slug":"amazonas-inces-y-universidades-regionales-coordinan-alianzas-para-fortalcer-el-perfil-productivi-de-los-estudiantes","status":"publish","type":"post","link":"https:\/\/inces.gob.ve\/index.php\/2026\/03\/10\/amazonas-inces-y-universidades-regionales-coordinan-alianzas-para-fortalcer-el-perfil-productivi-de-los-estudiantes\/","title":{"rendered":"AMAZONAS | Inces y universidades regionales coordinan alianzas para fortalecer el perfil productivo de los estudiantes"},"content":{"rendered":"<div dir=\"auto\" style=\"text-align: justify;\"><span style=\"font-size: 18px; font-family: helvetica, arial, sans-serif;\"><em><strong>** Autoridades universitarias regionales realizan mesa de trabajo para planificar futuras formaciones<\/strong><\/em><br \/>\n<\/span><\/div>\n<p style=\"text-align: justify;\"><span style=\"font-family: helvetica, arial, sans-serif; font-size: 18px;\"><!--more--><\/span><\/p>\n<div dir=\"auto\" style=\"text-align: justify;\"><span style=\"font-size: 18px; font-family: helvetica, arial, sans-serif;\">\u00a0<\/span><\/div>\n<div dir=\"auto\"><\/div>\n<div dir=\"auto\" style=\"text-align: justify;\"><span style=\"font-size: 18px; font-family: helvetica, arial, sans-serif;\">\u200eF\u00c9LIX RUIZ<\/span><\/div>\n<div dir=\"auto\" style=\"text-align: justify;\"><span style=\"font-size: 18px; font-family: helvetica, arial, sans-serif;\">Siguiendo las directrices del presidente del Inces, Wuikelman \u00c1ngel Paredes, la Gerencia Regional del estado Amazonas, encabezada por Tom\u00e1s Vivas, sostuvo una mesa de trabajo estrat\u00e9gica con representantes de las diferentes casas de estudio universitarias de la regi\u00f3n. El encuentro tuvo como prop\u00f3sito principal la planificaci\u00f3n y articulaci\u00f3n de futuras formaciones en las diferentes instituciones universitarias.<\/span><\/div>\n<div dir=\"auto\"><\/div>\n<div dir=\"auto\"><\/div>\n<div dir=\"auto\"><img loading=\"lazy\" decoding=\"async\" class=\"aligncenter wp-image-70538 size-full\" src=\"https:\/\/inces.gob.ve\/wp-content\/uploads\/2026\/03\/photo_2026-03-06_14-59-51-e1773154299837.jpg\" alt=\"\" width=\"800\" height=\"545\" \/><\/div>\n<div dir=\"auto\" style=\"text-align: justify;\"><span style=\"font-size: 18px; font-family: helvetica, arial, sans-serif;\">\u200e<\/span><\/div>\n<div dir=\"auto\" style=\"text-align: justify;\"><span style=\"font-size: 18px; font-family: helvetica, arial, sans-serif;\">La actividad estuvo encabezada por el gerente regional, Tom\u00e1s Vivas, quien estuvo acompa\u00f1ado por la jefa de Formaci\u00f3n Profesional, Yuviri Silva y la coordinadora de Acompa\u00f1amiento Institucional al Participante (AIP), Rosana Ramos. Durante la jornada, se realizaron propuestas positivas para que los estudiantes universitarios puedan formarse en las unidades curriculares que ofrece nuestra instituci\u00f3n, certificando sus conocimientos y saberes.\u00a0<\/span><\/div>\n<div dir=\"auto\"><\/div>\n<div dir=\"auto\"><\/div>\n<div dir=\"auto\" style=\"text-align: justify;\"><span style=\"font-size: 18px; font-family: helvetica, arial, sans-serif;\">\u200e<img loading=\"lazy\" decoding=\"async\" class=\"aligncenter wp-image-70536 size-full\" src=\"https:\/\/inces.gob.ve\/wp-content\/uploads\/2026\/03\/photo_2026-03-06_14-59-54-e1773154393848.jpg\" alt=\"\" width=\"800\" height=\"596\" \/><\/span><\/div>\n<div dir=\"auto\" style=\"text-align: justify;\"><span style=\"font-size: 18px; font-family: helvetica, arial, sans-serif;\">En esta mesa de trabajo participaron representantes del sector educativo universitario, entre ellos:Universidad Nacional Experimental de la Seguridad (UNES) Jos\u00e9 Orozco, Universidad Nacional Experimental de la Fuerza Armada UNEFA: Ra\u00fal Mendoza,Universidad Popular del Ambiente \u00abFrutos Vivas\u00bb (UPAFV): Reina Puerta, Misi\u00f3n Sucre: M\u00e9rida Azuaje, Universidad Nacional Experimental Sim\u00f3n Rodr\u00edguez (UNESR): Orlando Rattis.<\/span><\/div>\n<div dir=\"auto\" style=\"text-align: justify;\"><span style=\"font-size: 18px; font-family: helvetica, arial, sans-serif;\">\u200e<\/span><\/div>\n<div dir=\"auto\" style=\"text-align: justify;\"><span style=\"font-size: 18px; font-family: helvetica, arial, sans-serif;\">\u200eEl gerente regional, Tom\u00e1s Vivas, inst\u00f3 a los presentes a concretar acuerdos formales que beneficien directamente a la juventud estudiantil, destacando que el objetivo es garantizar que las formaciones del Inces sean coherentes con las carreras universitarias de los participantes, permitiendo fortalecer y complementar sus conocimientos t\u00e9cnicos en el campo laboral.<\/span><\/div>\n<div dir=\"auto\" style=\"text-align: justify;\"><span style=\"font-size: 18px; font-family: helvetica, arial, sans-serif;\">\u00a0<\/span><\/div>\n<div dir=\"auto\"><\/div>\n<div dir=\"auto\"><img loading=\"lazy\" decoding=\"async\" class=\"aligncenter wp-image-70544 size-full\" src=\"https:\/\/inces.gob.ve\/wp-content\/uploads\/2026\/03\/photo_2026-03-06_14-59-48-e1773155040627.jpg\" alt=\"\" width=\"800\" height=\"558\" \/><\/div>\n<div dir=\"auto\" style=\"text-align: justify;\"><span style=\"font-size: 18px; font-family: helvetica, arial, sans-serif;\">\u00abEstamos trabajando para consolidar un sistema educativo integrado, donde el conocimiento te\u00f3rico y la pr\u00e1ctica profesional vayan de la mano en pro del desarrollo productivo de nuestro estado\u00bb, afirm\u00f3 Vivas.<\/span><\/div>\n","protected":false},"excerpt":{"rendered":"<p>** Autoridades universitarias regionales realizan mesa de trabajo para planificar futuras formaciones<\/p>\n","protected":false},"author":15,"featured_media":70541,"comment_status":"closed","ping_status":"closed","sticky":false,"template":"","format":"standard","meta":{"footnotes":""},"categories":[2],"tags":[],"class_list":["post-70535","post","type-post","status-publish","format-standard","has-post-thumbnail","hentry","category-blog"],"_links":{"self":[{"href":"https:\/\/inces.gob.ve\/index.php\/wp-json\/wp\/v2\/posts\/70535","targetHints":{"allow":["GET"]}}],"collection":[{"href":"https:\/\/inces.gob.ve\/index.php\/wp-json\/wp\/v2\/posts"}],"about":[{"href":"https:\/\/inces.gob.ve\/index.php\/wp-json\/wp\/v2\/types\/post"}],"author":[{"embeddable":true,"href":"https:\/\/inces.gob.ve\/index.php\/wp-json\/wp\/v2\/users\/15"}],"replies":[{"embeddable":true,"href":"https:\/\/inces.gob.ve\/index.php\/wp-json\/wp\/v2\/comments?post=70535"}],"version-history":[{"count":3,"href":"https:\/\/inces.gob.ve\/index.php\/wp-json\/wp\/v2\/posts\/70535\/revisions"}],"predecessor-version":[{"id":70645,"href":"https:\/\/inces.gob.ve\/index.php\/wp-json\/wp\/v2\/posts\/70535\/revisions\/70645"}],"wp:featuredmedia":[{"embeddable":true,"href":"https:\/\/inces.gob.ve\/index.php\/wp-json\/wp\/v2\/media\/70541"}],"wp:attachment":[{"href":"https:\/\/inces.gob.ve\/index.php\/wp-json\/wp\/v2\/media?parent=70535"}],"wp:term":[{"taxonomy":"category","embeddable":true,"href":"https:\/\/inces.gob.ve\/index.php\/wp-json\/wp\/v2\/categories?post=70535"},{"taxonomy":"post_tag","embeddable":true,"href":"https:\/\/inces.gob.ve\/index.php\/wp-json\/wp\/v2\/tags?post=70535"}],"curies":[{"name":"wp","href":"https:\/\/api.w.org\/{rel}","templated":true}]}}