{"id":70546,"date":"2026-03-10T11:17:57","date_gmt":"2026-03-10T15:17:57","guid":{"rendered":"https:\/\/inces.gob.ve\/?p=70546"},"modified":"2026-03-13T14:30:49","modified_gmt":"2026-03-13T18:30:49","slug":"barinas-inces-impulsa-formacion-tecnica-en-reforestacion-y-manejo-de-viveros","status":"publish","type":"post","link":"https:\/\/inces.gob.ve\/index.php\/2026\/03\/10\/barinas-inces-impulsa-formacion-tecnica-en-reforestacion-y-manejo-de-viveros\/","title":{"rendered":"GUARICO | Inces impulsa formaci\u00f3n t\u00e9cnica en Reforestaci\u00f3n y Manejo de Viveros"},"content":{"rendered":"<p style=\"font-weight: 400; text-align: justify;\"><span style=\"font-family: helvetica, arial, sans-serif; font-size: 18px;\"><em><strong>*** En un encuentro formativo desarrollado en el Centro de Formaci\u00f3n socialista (CFS) San Juan de los Morros, guardaparques, estudiantes de la UNESR y productores del municipio Roscio fortalecieron conocimiento sobre la propagaci\u00f3n de especies forestales y frutales.<\/strong><\/em><!--more--><\/span><\/p>\n<p>&nbsp;<\/p>\n<p style=\"font-weight: 400; text-align: justify;\"><span style=\"font-family: helvetica, arial, sans-serif; font-size: 18px;\"><strong>MAR\u00cdA SANTIAGO<\/strong><\/span><\/p>\n<p style=\"font-weight: 400; text-align: justify;\"><span style=\"font-family: helvetica, arial, sans-serif; font-size: 18px;\">En el marco del compromiso con la preservaci\u00f3n del ambiente y el impulso del motor agroalimentario, el Instituto Nacional de Capacitaci\u00f3n y Educaci\u00f3n Socialista (Inces) en el estado Gu\u00e1rico, lleva a cabo formaci\u00f3n centrada en la unidad curricular Reforestaci\u00f3n y Proceso.<\/span><\/p>\n<p>&nbsp;<\/p>\n<p style=\"font-weight: 400; text-align: justify;\"><span style=\"font-family: helvetica, arial, sans-serif; font-size: 18px;\">La actividad tuvo lugar en las instalaciones del Centro de Formaci\u00f3n Socialista (CFS) San Juan de los Morros, donde se dieron cita guardaparques, estudiantes de la Universidad Nacional Experimental Sim\u00f3n Rodr\u00edguez (UNESR) y productores agr\u00edcolas del municipio Juan Germ\u00e1n Roscio Nieves. El objetivo principal fue el intercambio de saberes t\u00e9cnicos relacionados con la construcci\u00f3n y el manejo eficiente de viveros para la producci\u00f3n de especies forestales y frutales.<\/span><\/p>\n<p>&nbsp;<\/p>\n<p style=\"font-weight: 400; text-align: justify;\"><span style=\"font-family: helvetica, arial, sans-serif; font-size: 18px;\">En este sentido, este encuentro permiti\u00f3 a los participantes profundizar en t\u00e9cnicas de propagaci\u00f3n y cuidado de pl\u00e1ntulas, herramientas fundamentales para garantizar el \u00e9xito de los planes de reforestaci\u00f3n y la soberan\u00eda alimentaria en el territorio guarique\u00f1o.<\/span><\/p>\n<p>&nbsp;<\/p>\n<p style=\"font-weight: 400; text-align: justify;\"><span style=\"font-family: helvetica, arial, sans-serif; font-size: 18px;\">Leonardo Zambrano, coordinador del \u00e1rea Agr\u00edcola del Inces Gu\u00e1rico, destac\u00f3 la relevancia de este proceso formativo: \u00abEstamos dando continuidad a la formaci\u00f3n en Reforestaci\u00f3n y Proceso con una visi\u00f3n integradora. No solo estamos ense\u00f1ando a sembrar, sino que estamos compartiendo las t\u00e9cnicas cient\u00edficas para asegurar que cada semilla de especie forestal o frutal se convierta en un aporte real\u00bb.<\/span><\/p>\n<p>&nbsp;<\/p>\n<p style=\"font-weight: 400; text-align: justify;\"><span style=\"font-family: helvetica, arial, sans-serif; font-size: 18px;\">Por su parte, Elena Tovar, estudiante de la UNESR y participante de la formaci\u00f3n, resalt\u00f3 el valor pr\u00e1ctico del aprendizaje recibido: \u00abParticipar en esta clase ha sido una experiencia valiosa para nuestra formaci\u00f3n profesional. Aprender directamente sobre el manejo de viveros nos permite conectar la teor\u00eda con la pr\u00e1ctica. Como estudiantes, vamos entendiendo que el manejo adecuado de los \u00e1rboles frutales y forestales es importante para el equilibrio de nuestro ecosistema\u00bb.<\/span><\/p>\n<p>&nbsp;<\/p>\n<p style=\"font-weight: 400; text-align: justify;\"><span style=\"font-family: helvetica, arial, sans-serif; font-size: 18px;\">Esta formaci\u00f3n se alinea directamente con las l\u00edneas estrat\u00e9gicas del Plan Chuquisaca, dando cumplimiento a la premisa de una formaci\u00f3n vinculada a las necesidades reales del territorio, garantizando que el conocimiento t\u00e9cnico en materia ambiental contribuya a la soberan\u00eda alimentaria y al desarrollo sustentable de la regi\u00f3n.\u00a0<\/span><\/p>\n<p>&nbsp;<\/p>\n<p style=\"font-weight: 400; text-align: justify;\"><span style=\"font-family: helvetica, arial, sans-serif; font-size: 18px;\">Finalmente, el Inces Gu\u00e1rico invita a todas y todos a sumarse a las formaciones del \u00e1rea agr\u00edcola ingresando al portal oficial\u00a0<a href=\"http:\/\/inces.gob.ve\/\" data-saferedirecturl=\"https:\/\/www.google.com\/url?q=http:\/\/inces.gob.ve&amp;source=gmail&amp;ust=1773240397771000&amp;usg=AOvVaw1bBUSw4bNpi-iMG2zm4U6t\">inces.gob.ve<\/a>\u00a0para realizar su inscripci\u00f3n de manera r\u00e1pida y sencilla; adem\u00e1s, adem\u00e1s de seguir la gesti\u00f3n a trav\u00e9s de las redes sociales oficiales como @inces_guarico.<\/span><\/p>\n","protected":false},"excerpt":{"rendered":"<p>*** En un encuentro formativo desarrollado en el Centro de Formaci\u00f3n socialista (CFS) San Juan de los Morros, guardaparques, estudiantes de la UNESR y productores del municipio Roscio fortalecieron conocimiento sobre la propagaci\u00f3n de especies forestales y frutales.<\/p>\n","protected":false},"author":15,"featured_media":64818,"comment_status":"closed","ping_status":"closed","sticky":false,"template":"","format":"standard","meta":{"footnotes":""},"categories":[2],"tags":[],"class_list":["post-70546","post","type-post","status-publish","format-standard","has-post-thumbnail","hentry","category-blog"],"_links":{"self":[{"href":"https:\/\/inces.gob.ve\/index.php\/wp-json\/wp\/v2\/posts\/70546","targetHints":{"allow":["GET"]}}],"collection":[{"href":"https:\/\/inces.gob.ve\/index.php\/wp-json\/wp\/v2\/posts"}],"about":[{"href":"https:\/\/inces.gob.ve\/index.php\/wp-json\/wp\/v2\/types\/post"}],"author":[{"embeddable":true,"href":"https:\/\/inces.gob.ve\/index.php\/wp-json\/wp\/v2\/users\/15"}],"replies":[{"embeddable":true,"href":"https:\/\/inces.gob.ve\/index.php\/wp-json\/wp\/v2\/comments?post=70546"}],"version-history":[{"count":5,"href":"https:\/\/inces.gob.ve\/index.php\/wp-json\/wp\/v2\/posts\/70546\/revisions"}],"predecessor-version":[{"id":70647,"href":"https:\/\/inces.gob.ve\/index.php\/wp-json\/wp\/v2\/posts\/70546\/revisions\/70647"}],"wp:featuredmedia":[{"embeddable":true,"href":"https:\/\/inces.gob.ve\/index.php\/wp-json\/wp\/v2\/media\/64818"}],"wp:attachment":[{"href":"https:\/\/inces.gob.ve\/index.php\/wp-json\/wp\/v2\/media?parent=70546"}],"wp:term":[{"taxonomy":"category","embeddable":true,"href":"https:\/\/inces.gob.ve\/index.php\/wp-json\/wp\/v2\/categories?post=70546"},{"taxonomy":"post_tag","embeddable":true,"href":"https:\/\/inces.gob.ve\/index.php\/wp-json\/wp\/v2\/tags?post=70546"}],"curies":[{"name":"wp","href":"https:\/\/api.w.org\/{rel}","templated":true}]}}