{"id":70551,"date":"2026-03-10T13:09:25","date_gmt":"2026-03-10T17:09:25","guid":{"rendered":"https:\/\/inces.gob.ve\/?p=70551"},"modified":"2026-03-10T13:09:43","modified_gmt":"2026-03-10T17:09:43","slug":"anzoategui-inces-garantiza-salud-con-jornada-de-inmunizacion","status":"publish","type":"post","link":"https:\/\/inces.gob.ve\/index.php\/2026\/03\/10\/anzoategui-inces-garantiza-salud-con-jornada-de-inmunizacion\/","title":{"rendered":"ANZO\u00c1TEGUI | Inces garantiza salud con jornada de inmunizaci\u00f3n"},"content":{"rendered":"<div dir=\"auto\" style=\"text-align: justify;\"><span style=\"font-family: helvetica, arial, sans-serif; font-size: 18px;\"><em><strong>** Cumpliendo con las pol\u00edticas de bienestar social, se aplicaron dosis contra la fiebre amarilla y el t\u00e9tanos, beneficiando de forma gratuita a la clase trabajadora, aprendices y comunidad<\/strong><\/em><\/span><\/div>\n<p style=\"text-align: justify;\"><span style=\"font-family: helvetica, arial, sans-serif; font-size: 18px;\"><!--more--><\/span><\/p>\n<div dir=\"auto\" style=\"text-align: justify;\"><\/div>\n<div dir=\"auto\"><\/div>\n<div dir=\"auto\" style=\"text-align: justify;\"><span style=\"font-family: helvetica, arial, sans-serif; font-size: 18px;\">En un esfuerzo articulado por preservar la salud preventiva de sus integrantes, la Gerencia Regional del Inces Anzo\u00e1tegui llev\u00f3 a cabo una exitosa jornada de inmunizaci\u00f3n en las instalaciones del Centro de Formaci\u00f3n Socialista (CFS) Eulalia Buroz, ubicado en el municipio Juan Antonio Sotillo.<\/span><\/div>\n<div dir=\"auto\"><\/div>\n<div dir=\"auto\" style=\"text-align: justify;\"><\/div>\n<div dir=\"auto\" style=\"text-align: justify;\"><span style=\"font-family: helvetica, arial, sans-serif; font-size: 18px;\">La actividad, enmarcada en la campa\u00f1a nacional contra la fiebre amarilla y el t\u00e9tanos, brind\u00f3 atenci\u00f3n integral y gratuita a un total de 95 personas, entre las que destacaron trabajadores y trabajadoras de la instituci\u00f3n, estudiantes del Bachillerato Productivo, aprendices del Programa Nacional de Aprendizaje (PNA), pasantes, sujetos de aprendizaje y habitantes de la comunidad aleda\u00f1a.<\/span><\/div>\n<div dir=\"auto\"><\/div>\n<div dir=\"auto\" style=\"text-align: justify;\">\n<figure id=\"attachment_70552\" aria-describedby=\"caption-attachment-70552\" style=\"width: 800px\" class=\"wp-caption aligncenter\"><img loading=\"lazy\" decoding=\"async\" class=\"wp-image-70552 size-full\" src=\"https:\/\/inces.gob.ve\/wp-content\/uploads\/2026\/03\/1000022368-scaled-e1773162504220.jpg\" alt=\"\" width=\"800\" height=\"504\" \/><figcaption id=\"caption-attachment-70552\" class=\"wp-caption-text\">0-0x0-0-0#<\/figcaption><\/figure>\n<\/div>\n<div dir=\"auto\" style=\"text-align: justify;\"><span style=\"font-family: helvetica, arial, sans-serif; font-size: 18px;\">Esta iniciativa fue posible gracias a la gesti\u00f3n de la Gerente Regional del Inces Anzo\u00e1tegui, Dra. Josdalia Torres, en conjunto con la Divisi\u00f3n de Talento Humano. La jornada cont\u00f3 con el valioso apoyo del personal del \u00c1rea de Atenci\u00f3n Integral Comunitaria (ASIC) Fabricio Ojeda, bajo la coordinaci\u00f3n de la Lcda. Mauri Guti\u00e9rrez, jefa de inmunizaci\u00f3n, quien junto a su equipo de vacunadoras y enfermeras garantiz\u00f3 el desarrollo eficiente de la actividad.<\/span><\/div>\n<div dir=\"auto\"><\/div>\n<div dir=\"auto\" style=\"text-align: justify;\"><\/div>\n<div dir=\"auto\" style=\"text-align: justify;\"><span style=\"font-family: helvetica, arial, sans-serif; font-size: 18px;\">Al respecto, la gerente regional, Dra. Josdalia Torres, destac\u00f3 la importancia de estas alianzas estrat\u00e9gicas para fortalecer el sistema de protecci\u00f3n social dentro de la instituci\u00f3n:<\/span><\/div>\n<div dir=\"auto\" style=\"text-align: justify;\"><span style=\"font-family: helvetica, arial, sans-serif; font-size: 18px;\">\u201cNuestra prioridad es y siempre ser\u00e1 el talento humano. A trav\u00e9s de estas jornadas no solo protegemos a nuestros trabajadores y aprendices, sino que abrimos las puertas a la comunidad del municipio Sotillo, reafirmando que el Inces es una instituci\u00f3n al servicio del pueblo. Seguimos cumpliendo con las directrices de nuestro presidente Wuikelman Angel Paredes, enfocados en un ambiente laboral sano y productivo\u201d.<\/span><\/div>\n<div dir=\"auto\"><\/div>\n<div dir=\"auto\" style=\"text-align: justify;\"><\/div>\n<div dir=\"auto\" style=\"text-align: justify;\"><span style=\"font-family: helvetica, arial, sans-serif; font-size: 18px;\">Por su parte, los beneficiarios expresaron su agradecimiento por la facilidad de acceso a estos productos biol\u00f3gicos de manera gratuita y directamente en su centro de formaci\u00f3n y trabajo, ahorrando tiempo y garantizando su esquema de vacunaci\u00f3n al d\u00eda.<\/span><\/div>\n<div dir=\"auto\"><\/div>\n<div dir=\"auto\" style=\"text-align: justify;\"><\/div>\n<div dir=\"auto\" style=\"text-align: justify;\"><span style=\"font-family: helvetica, arial, sans-serif; font-size: 18px;\">Con estas acciones, el Inces Anzo\u00e1tegui reafirma su compromiso con el bienestar integral de la familia Inces, entendiendo que la salud es el motor fundamental para el desarrollo de la formaci\u00f3n t\u00e9cnica profesional en la entidad.<\/span><\/div>\n","protected":false},"excerpt":{"rendered":"<p>** Cumpliendo con las pol\u00edticas de bienestar social, se aplicaron dosis contra la fiebre amarilla y el t\u00e9tanos, beneficiando de forma gratuita a la clase trabajadora, aprendices y comunidad<\/p>\n","protected":false},"author":15,"featured_media":70553,"comment_status":"closed","ping_status":"closed","sticky":false,"template":"","format":"standard","meta":{"footnotes":""},"categories":[2],"tags":[],"class_list":["post-70551","post","type-post","status-publish","format-standard","has-post-thumbnail","hentry","category-blog"],"_links":{"self":[{"href":"https:\/\/inces.gob.ve\/index.php\/wp-json\/wp\/v2\/posts\/70551","targetHints":{"allow":["GET"]}}],"collection":[{"href":"https:\/\/inces.gob.ve\/index.php\/wp-json\/wp\/v2\/posts"}],"about":[{"href":"https:\/\/inces.gob.ve\/index.php\/wp-json\/wp\/v2\/types\/post"}],"author":[{"embeddable":true,"href":"https:\/\/inces.gob.ve\/index.php\/wp-json\/wp\/v2\/users\/15"}],"replies":[{"embeddable":true,"href":"https:\/\/inces.gob.ve\/index.php\/wp-json\/wp\/v2\/comments?post=70551"}],"version-history":[{"count":2,"href":"https:\/\/inces.gob.ve\/index.php\/wp-json\/wp\/v2\/posts\/70551\/revisions"}],"predecessor-version":[{"id":70555,"href":"https:\/\/inces.gob.ve\/index.php\/wp-json\/wp\/v2\/posts\/70551\/revisions\/70555"}],"wp:featuredmedia":[{"embeddable":true,"href":"https:\/\/inces.gob.ve\/index.php\/wp-json\/wp\/v2\/media\/70553"}],"wp:attachment":[{"href":"https:\/\/inces.gob.ve\/index.php\/wp-json\/wp\/v2\/media?parent=70551"}],"wp:term":[{"taxonomy":"category","embeddable":true,"href":"https:\/\/inces.gob.ve\/index.php\/wp-json\/wp\/v2\/categories?post=70551"},{"taxonomy":"post_tag","embeddable":true,"href":"https:\/\/inces.gob.ve\/index.php\/wp-json\/wp\/v2\/tags?post=70551"}],"curies":[{"name":"wp","href":"https:\/\/api.w.org\/{rel}","templated":true}]}}