{"id":70556,"date":"2026-03-10T13:48:12","date_gmt":"2026-03-10T17:48:12","guid":{"rendered":"https:\/\/inces.gob.ve\/?p=70556"},"modified":"2026-03-10T13:55:50","modified_gmt":"2026-03-10T17:55:50","slug":"inces-conmemora-dia-internacional-de-la-mujer-durante-acto-civico-semanal","status":"publish","type":"post","link":"https:\/\/inces.gob.ve\/index.php\/2026\/03\/10\/inces-conmemora-dia-internacional-de-la-mujer-durante-acto-civico-semanal\/","title":{"rendered":"Inces conmemora D\u00eda Internacional de la Mujer durante acto c\u00edvico semanal"},"content":{"rendered":"<p style=\"text-align: justify;\"><span style=\"font-family: helvetica, arial, sans-serif; font-size: 18px;\"><em><strong>** En el marco del D\u00eda Internacional de la Mujer, el Inces realiz\u00f3 su acostumbrado acto c\u00edvico\u00a0 resaltando la importancia de la mujer en la formaci\u00f3n t\u00e9cnica y dio inicio a una semana de eventos institucionales dedicados a las trabajadoras<\/strong><\/em><!--more--><\/span><\/p>\n<p style=\"text-align: justify;\"><span style=\"font-family: helvetica, arial, sans-serif; font-size: 18px;\"><i>\u00a0<\/i><\/span><\/p>\n<p style=\"text-align: justify;\"><span style=\"font-family: helvetica, arial, sans-serif; font-size: 18px;\">Trabajadores y autoridades del Instituto Nacional de Capacitaci\u00f3n y Educaci\u00f3n Socialista (Inces) realizaron el acostumbrado acto c\u00edvico de cada lunes en las instalaciones de la instituci\u00f3n. Durante la actividad, se llev\u00f3 a cabo el izamiento de la bandera nacional acompa\u00f1ado por la entonaci\u00f3n del Himno Nacional y el Himno del Inces.<\/span><\/p>\n<p>&nbsp;<\/p>\n<p style=\"text-align: justify;\"><img loading=\"lazy\" decoding=\"async\" class=\"aligncenter wp-image-70557 size-full\" src=\"https:\/\/inces.gob.ve\/wp-content\/uploads\/2026\/03\/WhatsApp-Image-2026-03-09-at-09.47.003-e1773163476895.jpeg\" alt=\"\" width=\"800\" height=\"493\" \/><\/p>\n<p style=\"text-align: justify;\"><span style=\"font-family: helvetica, arial, sans-serif; font-size: 18px;\">Tras los honores correspondientes, Mar\u00eda Helena Col\u00f3n, integrante de la Gerencia General de Comunicaci\u00f3n y Relaciones Institucionales, intervino para compartir un pensamiento del Maestro de Am\u00e9rica y fundador del Inces, Luis Beltr\u00e1n Prieto Figueroa, vinculando las ideas del educador con el rol de la mujer en el sistema de educativo venezolano y su incidencia en el desarrollo productivo del pa\u00eds.<\/span><\/p>\n<p>&nbsp;<\/p>\n<p style=\"text-align: justify;\"><img loading=\"lazy\" decoding=\"async\" class=\"aligncenter wp-image-70558 size-full\" src=\"https:\/\/inces.gob.ve\/wp-content\/uploads\/2026\/03\/WhatsApp-Image-2026-03-09-at-09.46.59-e1773163510968.jpeg\" alt=\"\" width=\"800\" height=\"492\" \/><\/p>\n<p style=\"text-align: justify;\"><span style=\"font-family: helvetica, arial, sans-serif; font-size: 18px;\">Durante su discurso, Col\u00f3n enfatiz\u00f3 que el pensamiento de Prieto Figueroa reivindica a la mujer como una fuerza creadora y t\u00e9cnica indispensable para la soberan\u00eda nacional. Explic\u00f3 que, desde la visi\u00f3n del \u00abMaestro de Am\u00e9rica\u00bb, la formaci\u00f3n no es un proceso aislado, sino una herramienta de liberaci\u00f3n donde las mujeres desempe\u00f1an un papel central al frente de las aulas y los procesos productivos, siendo ellas quienes dinamizan la estructura social y econ\u00f3mica desde cada centro formativo de Venezuela.<\/span><\/p>\n<p>&nbsp;<\/p>\n<p style=\"text-align: justify;\"><img loading=\"lazy\" decoding=\"async\" class=\"aligncenter wp-image-70564 size-full\" src=\"https:\/\/inces.gob.ve\/wp-content\/uploads\/2026\/03\/WhatsApp-Image-2026-03-09-at-09.47.005-e1773163581546.jpeg\" alt=\"\" width=\"800\" height=\"485\" \/><\/p>\n<p style=\"text-align: justify;\"><span style=\"font-family: helvetica, arial, sans-serif; font-size: 18px;\">Al finalizar el encuentro, se extendi\u00f3 una invitaci\u00f3n formal a todas las trabajadoras para participar en la agenda de actividades programadas para el resto de la semana. Estas actividades tienen como objetivo dar continuidad a la conmemoraci\u00f3n del 8 de marzo D\u00eda Internacional de la Mujer.<\/span><\/p>\n<p>&nbsp;<\/p>\n<p><img loading=\"lazy\" decoding=\"async\" class=\"aligncenter wp-image-70561 \" src=\"https:\/\/inces.gob.ve\/wp-content\/uploads\/2026\/03\/WhatsApp-Image-2026-03-09-at-09.47.001-e1773163660493.jpeg\" alt=\"\" width=\"763\" height=\"450\" \/><\/p>\n<p><img loading=\"lazy\" decoding=\"async\" class=\"aligncenter wp-image-70565 \" src=\"https:\/\/inces.gob.ve\/wp-content\/uploads\/2026\/03\/SOLDADOS-SOLDADOS-0001-d-e1773164818295.jpg\" alt=\"\" width=\"733\" height=\"611\" srcset=\"https:\/\/inces.gob.ve\/wp-content\/uploads\/2026\/03\/SOLDADOS-SOLDADOS-0001-d-e1773164818295.jpg 687w, https:\/\/inces.gob.ve\/wp-content\/uploads\/2026\/03\/SOLDADOS-SOLDADOS-0001-d-e1773164818295-300x250.jpg 300w\" sizes=\"auto, (max-width: 733px) 100vw, 733px\" \/><\/p>\n<p>&nbsp;<\/p>\n<p><img loading=\"lazy\" decoding=\"async\" class=\"aligncenter wp-image-70562 \" src=\"https:\/\/inces.gob.ve\/wp-content\/uploads\/2026\/03\/WhatsApp-Image-2026-03-09-at-09.47.002-e1773164056198.jpeg\" alt=\"\" width=\"745\" height=\"505\" \/><\/p>\n","protected":false},"excerpt":{"rendered":"<p>** En el marco del D\u00eda Internacional de la Mujer, el Inces realiz\u00f3 su acostumbrado acto c\u00edvico\u00a0 resaltando la importancia de la mujer en la formaci\u00f3n t\u00e9cnica y dio inicio a una semana de eventos institucionales dedicados a las trabajadoras<\/p>\n","protected":false},"author":15,"featured_media":70567,"comment_status":"closed","ping_status":"closed","sticky":false,"template":"","format":"standard","meta":{"footnotes":""},"categories":[2],"tags":[],"class_list":["post-70556","post","type-post","status-publish","format-standard","has-post-thumbnail","hentry","category-blog"],"_links":{"self":[{"href":"https:\/\/inces.gob.ve\/index.php\/wp-json\/wp\/v2\/posts\/70556","targetHints":{"allow":["GET"]}}],"collection":[{"href":"https:\/\/inces.gob.ve\/index.php\/wp-json\/wp\/v2\/posts"}],"about":[{"href":"https:\/\/inces.gob.ve\/index.php\/wp-json\/wp\/v2\/types\/post"}],"author":[{"embeddable":true,"href":"https:\/\/inces.gob.ve\/index.php\/wp-json\/wp\/v2\/users\/15"}],"replies":[{"embeddable":true,"href":"https:\/\/inces.gob.ve\/index.php\/wp-json\/wp\/v2\/comments?post=70556"}],"version-history":[{"count":4,"href":"https:\/\/inces.gob.ve\/index.php\/wp-json\/wp\/v2\/posts\/70556\/revisions"}],"predecessor-version":[{"id":70571,"href":"https:\/\/inces.gob.ve\/index.php\/wp-json\/wp\/v2\/posts\/70556\/revisions\/70571"}],"wp:featuredmedia":[{"embeddable":true,"href":"https:\/\/inces.gob.ve\/index.php\/wp-json\/wp\/v2\/media\/70567"}],"wp:attachment":[{"href":"https:\/\/inces.gob.ve\/index.php\/wp-json\/wp\/v2\/media?parent=70556"}],"wp:term":[{"taxonomy":"category","embeddable":true,"href":"https:\/\/inces.gob.ve\/index.php\/wp-json\/wp\/v2\/categories?post=70556"},{"taxonomy":"post_tag","embeddable":true,"href":"https:\/\/inces.gob.ve\/index.php\/wp-json\/wp\/v2\/tags?post=70556"}],"curies":[{"name":"wp","href":"https:\/\/api.w.org\/{rel}","templated":true}]}}