{"id":70572,"date":"2026-03-10T14:02:32","date_gmt":"2026-03-10T18:02:32","guid":{"rendered":"https:\/\/inces.gob.ve\/?p=70572"},"modified":"2026-03-10T14:03:06","modified_gmt":"2026-03-10T18:03:06","slug":"merida-inces-retoma-los-lunes-civico-en-los-centros-de-formacion","status":"publish","type":"post","link":"https:\/\/inces.gob.ve\/index.php\/2026\/03\/10\/merida-inces-retoma-los-lunes-civico-en-los-centros-de-formacion\/","title":{"rendered":"M\u00c9RIDA | Inces retoma los Lunes C\u00edvico en los centros de formaci\u00f3n"},"content":{"rendered":"<div dir=\"auto\" style=\"text-align: justify;\">\n<p><span style=\"font-family: helvetica, arial, sans-serif; font-size: 18px;\"><em><strong>** En esta oportunidad la actividad rememor\u00f3 el D\u00eda Internacional de la Mujer, reconociendo el papel hist\u00f3rico de las femeninas en el desarrollo del pa\u00eds<\/strong><\/em><\/span><\/p>\n<\/div>\n<p style=\"text-align: justify;\"><span style=\"font-family: helvetica, arial, sans-serif; font-size: 18px;\"><!--more--><\/span><\/p>\n<div dir=\"auto\"><\/div>\n<div dir=\"auto\"><\/div>\n<div dir=\"auto\" style=\"text-align: justify;\"><span style=\"font-family: helvetica, arial, sans-serif; font-size: 18px;\">NADIA LOBO\u00a0<\/span><\/div>\n<div dir=\"auto\" style=\"text-align: justify;\"><span style=\"font-family: helvetica, arial, sans-serif; font-size: 18px;\">Con el prop\u00f3sito de fortalecer la identidad nacional y fomentar valores patrios, el Inces retom\u00f3 los Lunes C\u00edvico en cada uno de los cinco Centros de Formaci\u00f3n Socialista (CFS) del estado Bolivariano de M\u00e9rida.<\/span><\/div>\n<div dir=\"auto\"><\/div>\n<div dir=\"auto\"><\/div>\n<div dir=\"auto\" style=\"text-align: justify;\">\n<p><img loading=\"lazy\" decoding=\"async\" class=\"aligncenter wp-image-70573 size-full\" src=\"https:\/\/inces.gob.ve\/wp-content\/uploads\/2026\/03\/1001946438-e1773165559785.jpg\" alt=\"\" width=\"800\" height=\"572\" \/><\/p>\n<p><span style=\"font-family: helvetica, arial, sans-serif; font-size: 18px;\">As\u00ed lo inform\u00f3 la gerente regional del Inces, Camila Moros, quien destac\u00f3 que est\u00e1\u00a0 actividad permite crear un espacio de reflexi\u00f3n y unidad\u00a0 en torno a los s\u00edmbolos patrios, as\u00ed como a la historia del pa\u00eds.<\/span><\/p>\n<\/div>\n<div dir=\"auto\" style=\"text-align: justify;\">\n<p><span style=\"font-family: helvetica, arial, sans-serif; font-size: 18px;\">Este lunes c\u00edvico agrup\u00f3 a estudiantes, aprendices,\u00a0 maestros y trabajadores del Inces.<\/span><\/p>\n<\/div>\n<div dir=\"auto\"><\/div>\n<div dir=\"auto\"><\/div>\n<div dir=\"auto\"><img loading=\"lazy\" decoding=\"async\" class=\"aligncenter wp-image-70574 size-full\" src=\"https:\/\/inces.gob.ve\/wp-content\/uploads\/2026\/03\/1001946436-e1773165648158.jpg\" alt=\"\" width=\"800\" height=\"544\" \/><\/div>\n<div dir=\"auto\" style=\"text-align: justify;\"><\/div>\n<div dir=\"auto\"><span style=\"font-family: helvetica, arial, sans-serif; font-size: 18px;\">Tras la izada del bandera, y la entonaci\u00f3n del himno nacional, se rindi\u00f3 un merecido homenaje a la mujer, por conmemorarse su d\u00eda, este 8 de marzo. \u00abHonor a todas las mujeres que construyen nuevos senderos\u00bb.<\/span><\/div>\n<div dir=\"auto\" style=\"text-align: justify;\">\n<p><span style=\"font-family: helvetica, arial, sans-serif; font-size: 18px;\">En\u00a0 este sentido, la gerente regional destac\u00f3 que el maestro Luis Beltr\u00e1n Prieto Figueroa, fundador del Inces, aunque no dej\u00f3 escritos exclusivos sobre la mujer, nos leg\u00f3 una filosof\u00eda de educaci\u00f3n inclusiva, de\u00a0 <\/span><span style=\"font-family: helvetica, arial, sans-serif; font-size: 18px;\">\u00abeducaci\u00f3n de masas\u00bb que derriba todas las exclusiones, incluyendo la de g\u00e9nero: \u00abCuando el maestro abogaba por una educaci\u00f3n que formara al hombre integral \u2014entendido como ser humano\u2014 y que permitiera a las mayor\u00edas acceder a la propiedad\u00bb.<\/span><\/p>\n<div class=\"yj6qo\" style=\"text-align: justify;\"><\/div>\n<div class=\"adL\" dir=\"auto\" style=\"text-align: justify;\"><\/div>\n<\/div>\n","protected":false},"excerpt":{"rendered":"<p>** En esta oportunidad la actividad rememor\u00f3 el D\u00eda Internacional de la Mujer, reconociendo el papel hist\u00f3rico de las femeninas en el desarrollo del pa\u00eds<\/p>\n","protected":false},"author":15,"featured_media":70575,"comment_status":"closed","ping_status":"closed","sticky":false,"template":"","format":"standard","meta":{"footnotes":""},"categories":[2],"tags":[],"class_list":["post-70572","post","type-post","status-publish","format-standard","has-post-thumbnail","hentry","category-blog"],"_links":{"self":[{"href":"https:\/\/inces.gob.ve\/index.php\/wp-json\/wp\/v2\/posts\/70572","targetHints":{"allow":["GET"]}}],"collection":[{"href":"https:\/\/inces.gob.ve\/index.php\/wp-json\/wp\/v2\/posts"}],"about":[{"href":"https:\/\/inces.gob.ve\/index.php\/wp-json\/wp\/v2\/types\/post"}],"author":[{"embeddable":true,"href":"https:\/\/inces.gob.ve\/index.php\/wp-json\/wp\/v2\/users\/15"}],"replies":[{"embeddable":true,"href":"https:\/\/inces.gob.ve\/index.php\/wp-json\/wp\/v2\/comments?post=70572"}],"version-history":[{"count":2,"href":"https:\/\/inces.gob.ve\/index.php\/wp-json\/wp\/v2\/posts\/70572\/revisions"}],"predecessor-version":[{"id":70577,"href":"https:\/\/inces.gob.ve\/index.php\/wp-json\/wp\/v2\/posts\/70572\/revisions\/70577"}],"wp:featuredmedia":[{"embeddable":true,"href":"https:\/\/inces.gob.ve\/index.php\/wp-json\/wp\/v2\/media\/70575"}],"wp:attachment":[{"href":"https:\/\/inces.gob.ve\/index.php\/wp-json\/wp\/v2\/media?parent=70572"}],"wp:term":[{"taxonomy":"category","embeddable":true,"href":"https:\/\/inces.gob.ve\/index.php\/wp-json\/wp\/v2\/categories?post=70572"},{"taxonomy":"post_tag","embeddable":true,"href":"https:\/\/inces.gob.ve\/index.php\/wp-json\/wp\/v2\/tags?post=70572"}],"curies":[{"name":"wp","href":"https:\/\/api.w.org\/{rel}","templated":true}]}}