{"id":70578,"date":"2026-03-10T21:10:02","date_gmt":"2026-03-11T01:10:02","guid":{"rendered":"https:\/\/inces.gob.ve\/?p=70578"},"modified":"2026-03-10T21:10:02","modified_gmt":"2026-03-11T01:10:02","slug":"siguiendo-con-la-conmemoracion-del-dia-internacional-de-la-mujer-el-inces-preparo-la-actividad-todos-y-todas-en-movimiento","status":"publish","type":"post","link":"https:\/\/inces.gob.ve\/index.php\/2026\/03\/10\/siguiendo-con-la-conmemoracion-del-dia-internacional-de-la-mujer-el-inces-preparo-la-actividad-todos-y-todas-en-movimiento\/","title":{"rendered":"Siguiendo con la conmemoraci\u00f3n del D\u00eda Internacional de la Mujer el Inces prepar\u00f3 la actividad Todos y Todas en Movimiento"},"content":{"rendered":"<p style=\"text-align: justify;\" align=\"justify\"><span style=\"font-size: 18px; font-family: helvetica, arial, sans-serif;\"><i><b>** A prop\u00f3sito del 8 de marzo , nos movemos al ritmo de la alegr\u00eda para honrar a nuestro cuerpo y trabajar por nuestro bienestar<\/b><\/i><!--more--><\/span><\/p>\n<p style=\"text-align: justify;\" align=\"justify\">\n<p style=\"text-align: justify;\" align=\"justify\">\n<p style=\"text-align: justify;\" align=\"justify\"><span style=\"font-size: 18px; font-family: helvetica, arial, sans-serif;\"><strong>DIMAS P\u00c1EZ<\/strong><\/span><\/p>\n<p style=\"text-align: justify;\" align=\"justify\"><span style=\"font-size: 18px; font-family: helvetica, arial, sans-serif;\"><strong>F\/Rafael Urbina<\/strong><\/span><\/p>\n<p class=\"ds-markdown-paragraph\" style=\"text-align: justify;\"><span style=\"font-size: 18px; font-family: helvetica, arial, sans-serif;\">Con motivo de la conmemoraci\u00f3n del D\u00eda Internacional de la Mujer, el Instituto Nacional de Capacitaci\u00f3n y Educaci\u00f3n Socialista (Inces) organiz\u00f3 una serie de actividades dirigidas a las trabajadoras activas y jubiladas de la instituci\u00f3n. En esta ocasi\u00f3n se llev\u00f3 a cabo una jornada recreativa denominada \u201cTodos y Todas en Movimiento\u201d.<\/span><\/p>\n<p>&nbsp;<\/p>\n<p>&nbsp;<\/p>\n<p><img loading=\"lazy\" decoding=\"async\" class=\"aligncenter wp-image-70580 size-full\" src=\"https:\/\/inces.gob.ve\/wp-content\/uploads\/2026\/03\/DSC_2681-scaled.jpg\" alt=\"\" width=\"2560\" height=\"1714\" srcset=\"https:\/\/inces.gob.ve\/wp-content\/uploads\/2026\/03\/DSC_2681-scaled.jpg 2560w, https:\/\/inces.gob.ve\/wp-content\/uploads\/2026\/03\/DSC_2681-300x201.jpg 300w, https:\/\/inces.gob.ve\/wp-content\/uploads\/2026\/03\/DSC_2681-1024x685.jpg 1024w, https:\/\/inces.gob.ve\/wp-content\/uploads\/2026\/03\/DSC_2681-768x514.jpg 768w, https:\/\/inces.gob.ve\/wp-content\/uploads\/2026\/03\/DSC_2681-1536x1028.jpg 1536w, https:\/\/inces.gob.ve\/wp-content\/uploads\/2026\/03\/DSC_2681-2048x1371.jpg 2048w, https:\/\/inces.gob.ve\/wp-content\/uploads\/2026\/03\/DSC_2681-272x182.jpg 272w\" sizes=\"auto, (max-width: 2560px) 100vw, 2560px\" \/><\/p>\n<p>&nbsp;<\/p>\n<p class=\"ds-markdown-paragraph\" style=\"text-align: justify;\"><span style=\"font-size: 18px; font-family: helvetica, arial, sans-serif;\">La actividad se realiz\u00f3 en los alrededores de la Galer\u00eda Wad\u00e4ka, ubicada en el edificio anexo del Inces. Participaron la Oficina de Atenci\u00f3n al Ciudadano, as\u00ed como personal de esa dependencia. Colaboraron adem\u00e1s las coordinadoras del Centro de Rehabilitaci\u00f3n del Lenguaje del Sur y de la Sala de Rehabilitaci\u00f3n Manuelita S\u00e1enz, especialistas Mercy Meneses y Gladys Medina, con el apoyo de estudiantes de Terapia Ocupacional de la Universidad de las Ciencias.<\/span><\/p>\n<p>&nbsp;<\/p>\n<p><img loading=\"lazy\" decoding=\"async\" class=\"aligncenter wp-image-70583 size-full\" src=\"https:\/\/inces.gob.ve\/wp-content\/uploads\/2026\/03\/DSC_2730-scaled.jpg\" alt=\"\" width=\"2560\" height=\"1714\" srcset=\"https:\/\/inces.gob.ve\/wp-content\/uploads\/2026\/03\/DSC_2730-scaled.jpg 2560w, https:\/\/inces.gob.ve\/wp-content\/uploads\/2026\/03\/DSC_2730-300x201.jpg 300w, https:\/\/inces.gob.ve\/wp-content\/uploads\/2026\/03\/DSC_2730-1024x685.jpg 1024w, https:\/\/inces.gob.ve\/wp-content\/uploads\/2026\/03\/DSC_2730-768x514.jpg 768w, https:\/\/inces.gob.ve\/wp-content\/uploads\/2026\/03\/DSC_2730-1536x1028.jpg 1536w, https:\/\/inces.gob.ve\/wp-content\/uploads\/2026\/03\/DSC_2730-2048x1371.jpg 2048w, https:\/\/inces.gob.ve\/wp-content\/uploads\/2026\/03\/DSC_2730-272x182.jpg 272w\" sizes=\"auto, (max-width: 2560px) 100vw, 2560px\" \/><\/p>\n<p>&nbsp;<\/p>\n<p class=\"ds-markdown-paragraph\" style=\"text-align: justify;\"><span style=\"font-size: 18px; font-family: helvetica, arial, sans-serif;\">La jornada comenz\u00f3 con las palabras de bienvenida de la licenciada Mercy Meneses, quien felicit\u00f3 a las asistentes y las motiv\u00f3 a participar. A las presentes se les tomaron los signos vitales y se realiz\u00f3 una caminata como calentamiento. Luego se desarrollaron actividades recreativas con pelotas, bailoterapia y ejercicios de relajaci\u00f3n.<\/span><\/p>\n<p>&nbsp;<\/p>\n<p>&nbsp;<\/p>\n<p class=\"ds-markdown-paragraph\" style=\"text-align: justify;\"><span style=\"font-size: 18px; font-family: helvetica, arial, sans-serif;\">Mercy Meneses explic\u00f3 el prop\u00f3sito de la actividad: \u201cNosotros buscamos dar mejor calidad de vida a todas las personas que intervienen en la actividad, en especial a las mujeres, igualmente para todos los hombres que nos est\u00e1n acompa\u00f1ando\u201d.<\/span><\/p>\n<p>&nbsp;<\/p>\n<p><img loading=\"lazy\" decoding=\"async\" class=\"aligncenter wp-image-70579 size-full\" src=\"https:\/\/inces.gob.ve\/wp-content\/uploads\/2026\/03\/DSC_2644-scaled.jpg\" alt=\"\" width=\"2560\" height=\"1714\" srcset=\"https:\/\/inces.gob.ve\/wp-content\/uploads\/2026\/03\/DSC_2644-scaled.jpg 2560w, https:\/\/inces.gob.ve\/wp-content\/uploads\/2026\/03\/DSC_2644-300x201.jpg 300w, https:\/\/inces.gob.ve\/wp-content\/uploads\/2026\/03\/DSC_2644-1024x685.jpg 1024w, https:\/\/inces.gob.ve\/wp-content\/uploads\/2026\/03\/DSC_2644-768x514.jpg 768w, https:\/\/inces.gob.ve\/wp-content\/uploads\/2026\/03\/DSC_2644-1536x1028.jpg 1536w, https:\/\/inces.gob.ve\/wp-content\/uploads\/2026\/03\/DSC_2644-2048x1371.jpg 2048w, https:\/\/inces.gob.ve\/wp-content\/uploads\/2026\/03\/DSC_2644-272x182.jpg 272w\" sizes=\"auto, (max-width: 2560px) 100vw, 2560px\" \/><\/p>\n<p>&nbsp;<\/p>\n<p class=\"ds-markdown-paragraph\" style=\"text-align: justify;\"><span style=\"font-size: 18px; font-family: helvetica, arial, sans-serif;\">Agreg\u00f3 que esta jornada contribuye a mantener la fuerza y la estabilidad f\u00edsica y emocional, y a la vez ofrece un espacio de esparcimiento y recreaci\u00f3n. \u201cBuscamos que mantengan mejores condiciones f\u00edsicas para que puedan seguir disfrutando de su vida diaria\u201d, finaliz\u00f3.<\/span><\/p>\n<p>&nbsp;<\/p>\n<p>&nbsp;<\/p>\n<p class=\"ds-markdown-paragraph\" style=\"text-align: justify;\"><span style=\"font-size: 18px; font-family: helvetica, arial, sans-serif;\">Por su parte, Yajaira Noguera, jubilada de la asociaci\u00f3n de trabajadores jubilados, opin\u00f3 sobre la actividad con motivo del D\u00eda Internacional de la Mujer: \u201cEstuvo excelente, me gust\u00f3. El juego con la pelota estuvo buen\u00edsimo, ya que nos la pas\u00e1bamos en una fila por debajo y por encima. Fue una de las actividades que m\u00e1s gust\u00f3\u201d.<\/span><\/p>\n<p>&nbsp;<\/p>\n<p><img loading=\"lazy\" decoding=\"async\" class=\"aligncenter wp-image-70584 size-full\" src=\"https:\/\/inces.gob.ve\/wp-content\/uploads\/2026\/03\/Portada-scaled.jpg\" alt=\"\" width=\"2560\" height=\"1714\" srcset=\"https:\/\/inces.gob.ve\/wp-content\/uploads\/2026\/03\/Portada-scaled.jpg 2560w, https:\/\/inces.gob.ve\/wp-content\/uploads\/2026\/03\/Portada-300x201.jpg 300w, https:\/\/inces.gob.ve\/wp-content\/uploads\/2026\/03\/Portada-1024x685.jpg 1024w, https:\/\/inces.gob.ve\/wp-content\/uploads\/2026\/03\/Portada-768x514.jpg 768w, https:\/\/inces.gob.ve\/wp-content\/uploads\/2026\/03\/Portada-1536x1028.jpg 1536w, https:\/\/inces.gob.ve\/wp-content\/uploads\/2026\/03\/Portada-2048x1371.jpg 2048w, https:\/\/inces.gob.ve\/wp-content\/uploads\/2026\/03\/Portada-272x182.jpg 272w\" sizes=\"auto, (max-width: 2560px) 100vw, 2560px\" \/><\/p>\n<p class=\"ds-markdown-paragraph\" style=\"text-align: justify;\"><span style=\"font-size: 18px; font-family: helvetica, arial, sans-serif;\">A\u00f1adi\u00f3: \u201cEstuvimos acompa\u00f1adas con personas del punto y c\u00edrculo, quienes muy amablemente compartieron esos momentos tan agradables con nosotras. El grupo de jubiladas esperamos que se repita pronto. Agradecidas con las organizadoras y con las personas del centro de rehabilitaci\u00f3n\u201d.<\/span><\/p>\n","protected":false},"excerpt":{"rendered":"<p>** A prop\u00f3sito del 8 de marzo , nos movemos al ritmo de la alegr\u00eda para honrar a nuestro cuerpo y trabajar por nuestro bienestar<\/p>\n","protected":false},"author":4,"featured_media":70582,"comment_status":"closed","ping_status":"closed","sticky":false,"template":"","format":"standard","meta":{"footnotes":""},"categories":[2],"tags":[],"class_list":["post-70578","post","type-post","status-publish","format-standard","has-post-thumbnail","hentry","category-blog"],"_links":{"self":[{"href":"https:\/\/inces.gob.ve\/index.php\/wp-json\/wp\/v2\/posts\/70578","targetHints":{"allow":["GET"]}}],"collection":[{"href":"https:\/\/inces.gob.ve\/index.php\/wp-json\/wp\/v2\/posts"}],"about":[{"href":"https:\/\/inces.gob.ve\/index.php\/wp-json\/wp\/v2\/types\/post"}],"author":[{"embeddable":true,"href":"https:\/\/inces.gob.ve\/index.php\/wp-json\/wp\/v2\/users\/4"}],"replies":[{"embeddable":true,"href":"https:\/\/inces.gob.ve\/index.php\/wp-json\/wp\/v2\/comments?post=70578"}],"version-history":[{"count":1,"href":"https:\/\/inces.gob.ve\/index.php\/wp-json\/wp\/v2\/posts\/70578\/revisions"}],"predecessor-version":[{"id":70585,"href":"https:\/\/inces.gob.ve\/index.php\/wp-json\/wp\/v2\/posts\/70578\/revisions\/70585"}],"wp:featuredmedia":[{"embeddable":true,"href":"https:\/\/inces.gob.ve\/index.php\/wp-json\/wp\/v2\/media\/70582"}],"wp:attachment":[{"href":"https:\/\/inces.gob.ve\/index.php\/wp-json\/wp\/v2\/media?parent=70578"}],"wp:term":[{"taxonomy":"category","embeddable":true,"href":"https:\/\/inces.gob.ve\/index.php\/wp-json\/wp\/v2\/categories?post=70578"},{"taxonomy":"post_tag","embeddable":true,"href":"https:\/\/inces.gob.ve\/index.php\/wp-json\/wp\/v2\/tags?post=70578"}],"curies":[{"name":"wp","href":"https:\/\/api.w.org\/{rel}","templated":true}]}}