{"id":70586,"date":"2026-03-10T21:31:50","date_gmt":"2026-03-11T01:31:50","guid":{"rendered":"https:\/\/inces.gob.ve\/?p=70586"},"modified":"2026-03-10T21:31:50","modified_gmt":"2026-03-11T01:31:50","slug":"continuan-mesas-de-trabajo-para-brindar-formacion-a-los-trabajadores-del-sector-industrial","status":"publish","type":"post","link":"https:\/\/inces.gob.ve\/index.php\/2026\/03\/10\/continuan-mesas-de-trabajo-para-brindar-formacion-a-los-trabajadores-del-sector-industrial\/","title":{"rendered":"Contin\u00faan mesas de trabajo para brindar formaci\u00f3n a los trabajadores del sector industrial"},"content":{"rendered":"<p style=\"text-align: justify;\"><em><strong><span style=\"font-family: helvetica, arial, sans-serif; font-size: 18px;\">** Durante la tercera reuni\u00f3n se profundiz\u00f3 en la etapa de diagn\u00f3stico, adem\u00e1s de nombrar a los responsables por comisi\u00f3n<\/span><\/strong><\/em><!--more--><\/p>\n<p>&nbsp;<\/p>\n<p style=\"text-align: justify;\"><strong><span style=\"font-family: helvetica, arial, sans-serif; font-size: 18px;\"> ZULMA GAL\u00cdNDEZ<\/span><\/strong><\/p>\n<p><strong><span style=\"font-family: helvetica, arial, sans-serif;\">F\/ Georgelis L\u00f3pez<\/span><\/strong><\/p>\n<p>&nbsp;<\/p>\n<p style=\"text-align: justify;\"><span style=\"font-family: helvetica, arial, sans-serif; font-size: 18px;\">Como parte de las alianzas estrat\u00e9gicas que lleva a cabo el Instituto Nacional de Capacitaci\u00f3n y Educaci\u00f3n Socialista (Inces) y el Ministerio del Poder Popular de Industria y Comercio Nacional para brindar formaci\u00f3n t\u00e9cnica profesional a los trabajadores del sector industrial, se desarroll\u00f3 la tercera mesa de trabajo en la que se profundiz\u00f3 en la etapa de diagn\u00f3stico y se nombr\u00f3 a los responsables de las cinco comisiones que conforman el plan de acci\u00f3n. <\/span><\/p>\n<p>&nbsp;<\/p>\n<p style=\"text-align: justify;\"><span style=\"font-family: helvetica, arial, sans-serif; font-size: 18px;\">La etapa de evaluaci\u00f3n se bas\u00f3 en un intercambio de informaci\u00f3n para dar a conocer a todos los participantes las debilidades y fortalezas que en materia de formaci\u00f3n tienen las distintas corporaciones y as\u00ed abordar las necesidades concretas con el objetivo de fortalecer y diversificar la soberan\u00eda de la producci\u00f3n nacional. <\/span><\/p>\n<p>&nbsp;<\/p>\n<p style=\"text-align: justify;\"><span style=\"font-family: helvetica, arial, sans-serif; font-size: 18px;\">Con relaci\u00f3n a la responsabilidad por comisi\u00f3n, la mesa de trabajo t\u00e9cnica profesional qued\u00f3 a cargo del director Estrat\u00e9gico de Formaci\u00f3n y Autoformaci\u00f3n del Inces, Jorge P\u00e9rez, para innovaci\u00f3n y tecnolog\u00eda se responsabiliz\u00f3 a Carlos Rodr\u00edguez del Ministerio del Poder Popular para el Proceso Social del Trabajo.<\/span><\/p>\n<p>&nbsp;<\/p>\n<p><img loading=\"lazy\" decoding=\"async\" class=\"aligncenter wp-image-70587 size-full\" src=\"https:\/\/inces.gob.ve\/wp-content\/uploads\/2026\/03\/photo_5008075302323817515_y.jpg\" alt=\"\" width=\"1264\" height=\"842\" srcset=\"https:\/\/inces.gob.ve\/wp-content\/uploads\/2026\/03\/photo_5008075302323817515_y.jpg 1264w, https:\/\/inces.gob.ve\/wp-content\/uploads\/2026\/03\/photo_5008075302323817515_y-300x200.jpg 300w, https:\/\/inces.gob.ve\/wp-content\/uploads\/2026\/03\/photo_5008075302323817515_y-1024x682.jpg 1024w, https:\/\/inces.gob.ve\/wp-content\/uploads\/2026\/03\/photo_5008075302323817515_y-768x512.jpg 768w, https:\/\/inces.gob.ve\/wp-content\/uploads\/2026\/03\/photo_5008075302323817515_y-272x182.jpg 272w\" sizes=\"auto, (max-width: 1264px) 100vw, 1264px\" \/><\/p>\n<p>&nbsp;<\/p>\n<p style=\"text-align: justify;\"><span style=\"font-family: helvetica, arial, sans-serif; font-size: 18px;\">La mesa acad\u00e9mica la asumi\u00f3 Brayan Guti\u00e9rrez del Ministerio del Poder Popular para la Educaci\u00f3n, mientras que en la mesa para la regulaci\u00f3n de certificaciones se encarg\u00f3 a la directora General de Sencamer, Peggy Silva y de la mesa dedicada a las comunas se hizo cargo el responsable de la Escuela de Comercio Alternativo Justo y Solidario, Heber Orozco. <\/span><\/p>\n<p>&nbsp;<\/p>\n<p style=\"text-align: justify;\"><span style=\"font-family: helvetica, arial, sans-serif; font-size: 18px;\">P\u00e9rez formul\u00f3 una propuesta basada en la incorporaci\u00f3n de representantes de talento humano por cada corporaci\u00f3n los cuales participar\u00e1n en las diferentes mesas constituidas. Puntualiz\u00f3 adem\u00e1s, que el cat\u00e1logo formativo del Inces fue enviado a cada uno de los representantes de las corporaciones e hizo \u00e9nfasis en que si hay formaciones con alta demanda que no se encuentren en el registro formativo del Inces, se iniciar\u00eda el proceso de construcci\u00f3n curricular para fortalecer la formaci\u00f3n t\u00e9cnica de los trabajadores. <\/span><\/p>\n<p>&nbsp;<\/p>\n<p style=\"text-align: justify;\"><span style=\"font-family: helvetica, arial, sans-serif; font-size: 18px;\">Por \u00faltimo Silva record\u00f3 que como tarea principal es necesario abordar el tema de sistema de calidad basado en las normas ISO 9001:2015, para conocer la excelencia de los productos venezolanos seg\u00fan las normas internacionales. <\/span><\/p>\n<p>&nbsp;<\/p>\n<p style=\"text-align: justify;\"><span style=\"font-family: helvetica, arial, sans-serif; font-size: 18px;\">A la tercera mesa de trabajo de formaci\u00f3n de los trabajadores del sector industrial asistieron: representantes del Ministerio de Industria y Comercio, Corporaci\u00f3n Socialista de Cemento,VenVidrio, Corpivensa, Conselca, SUNDDE, Escuela de Formaci\u00f3n de Comercio Alternativo Justo y Solidario, Corporaci\u00f3n Ezequiel Zamora, SAPI, Sencamer, Misi\u00f3n Ribas, Ministerio de Educaci\u00f3n y CorsoAuto.<\/span><\/p>\n","protected":false},"excerpt":{"rendered":"<p>** Durante la tercera reuni\u00f3n se profundiz\u00f3 en la etapa de diagn\u00f3stico, adem\u00e1s de nombrar a los responsables por comisi\u00f3n<\/p>\n","protected":false},"author":4,"featured_media":70587,"comment_status":"closed","ping_status":"closed","sticky":false,"template":"","format":"standard","meta":{"footnotes":""},"categories":[2],"tags":[],"class_list":["post-70586","post","type-post","status-publish","format-standard","has-post-thumbnail","hentry","category-blog"],"_links":{"self":[{"href":"https:\/\/inces.gob.ve\/index.php\/wp-json\/wp\/v2\/posts\/70586","targetHints":{"allow":["GET"]}}],"collection":[{"href":"https:\/\/inces.gob.ve\/index.php\/wp-json\/wp\/v2\/posts"}],"about":[{"href":"https:\/\/inces.gob.ve\/index.php\/wp-json\/wp\/v2\/types\/post"}],"author":[{"embeddable":true,"href":"https:\/\/inces.gob.ve\/index.php\/wp-json\/wp\/v2\/users\/4"}],"replies":[{"embeddable":true,"href":"https:\/\/inces.gob.ve\/index.php\/wp-json\/wp\/v2\/comments?post=70586"}],"version-history":[{"count":1,"href":"https:\/\/inces.gob.ve\/index.php\/wp-json\/wp\/v2\/posts\/70586\/revisions"}],"predecessor-version":[{"id":70589,"href":"https:\/\/inces.gob.ve\/index.php\/wp-json\/wp\/v2\/posts\/70586\/revisions\/70589"}],"wp:featuredmedia":[{"embeddable":true,"href":"https:\/\/inces.gob.ve\/index.php\/wp-json\/wp\/v2\/media\/70587"}],"wp:attachment":[{"href":"https:\/\/inces.gob.ve\/index.php\/wp-json\/wp\/v2\/media?parent=70586"}],"wp:term":[{"taxonomy":"category","embeddable":true,"href":"https:\/\/inces.gob.ve\/index.php\/wp-json\/wp\/v2\/categories?post=70586"},{"taxonomy":"post_tag","embeddable":true,"href":"https:\/\/inces.gob.ve\/index.php\/wp-json\/wp\/v2\/tags?post=70586"}],"curies":[{"name":"wp","href":"https:\/\/api.w.org\/{rel}","templated":true}]}}