{"id":70592,"date":"2026-03-11T18:15:09","date_gmt":"2026-03-11T22:15:09","guid":{"rendered":"https:\/\/inces.gob.ve\/?p=70592"},"modified":"2026-03-11T18:15:09","modified_gmt":"2026-03-11T22:15:09","slug":"inces-fortalece-la-produccion-textil-en-la-comuna-antonio-jose-de-sucre-con-entrega-de-96-certificados","status":"publish","type":"post","link":"https:\/\/inces.gob.ve\/index.php\/2026\/03\/11\/inces-fortalece-la-produccion-textil-en-la-comuna-antonio-jose-de-sucre-con-entrega-de-96-certificados\/","title":{"rendered":"Inces fortalece la producci\u00f3n textil en la comuna Antonio Jos\u00e9 de Sucre con entrega de 96 certificados"},"content":{"rendered":"<p class=\"Standard\" style=\"text-align: justify;\"><strong><em><span style=\"font-family: helvetica, arial, sans-serif; font-size: 18px;\">** El Instituto Nacional de Capacitaci\u00f3n y Educaci\u00f3n Socialista (Inces) llev\u00f3 a cabo la entrega de 96 certificados en la Biblioteca Micaela Gonz\u00e1lez de Nazoa, de la parroquia San Juan. La actividad benefici\u00f3 a comuneras y comuneros de las Empresas de Propiedad Social (EPS) Textil Antonio Jos\u00e9 de Sucre, consolidando un nuevo modelo econ\u00f3mico basado en el saber del pueblo<\/span><\/em><\/strong><!--more--><\/p>\n<p class=\"Standard\" style=\"text-align: justify;\"><span style=\"font-family: helvetica, arial, sans-serif; font-size: 18px;\">\u00a0<\/span><\/p>\n<p class=\"Standard\" style=\"text-align: justify;\">\n<p class=\"Standard\" style=\"text-align: justify;\"><span style=\"font-family: helvetica, arial, sans-serif; font-size: 18px;\">Este proceso formativo surge de los acuerdos alcanzados en la Caravana de Soluciones \u00abCaracas Sonr\u00ede\u00bb, organizada por la alcald\u00eda de Caracas en junio de 2025. Un total de 24 participantes cursaron siete unidades curriculares estrat\u00e9gicas, acumulando 96 certificaciones en \u00e1reas como Mec\u00e1nica y Reparaci\u00f3n de M\u00e1quinas de Coser, Confecci\u00f3n de Ropa Deportiva y Uniformes, M\u00e1quina Recta y Patronaje.<\/span><\/p>\n<p class=\"Standard\" style=\"text-align: justify;\">\n<p class=\"Standard\" style=\"text-align: justify;\"><img loading=\"lazy\" decoding=\"async\" class=\"aligncenter wp-image-70599 size-full\" src=\"https:\/\/inces.gob.ve\/wp-content\/uploads\/2026\/03\/WhatsApp-Image-2026-03-11-at-4.44.09-PM.jpeg\" alt=\"\" width=\"1600\" height=\"1066\" srcset=\"https:\/\/inces.gob.ve\/wp-content\/uploads\/2026\/03\/WhatsApp-Image-2026-03-11-at-4.44.09-PM.jpeg 1600w, https:\/\/inces.gob.ve\/wp-content\/uploads\/2026\/03\/WhatsApp-Image-2026-03-11-at-4.44.09-PM-300x200.jpeg 300w, https:\/\/inces.gob.ve\/wp-content\/uploads\/2026\/03\/WhatsApp-Image-2026-03-11-at-4.44.09-PM-1024x682.jpeg 1024w, https:\/\/inces.gob.ve\/wp-content\/uploads\/2026\/03\/WhatsApp-Image-2026-03-11-at-4.44.09-PM-768x512.jpeg 768w, https:\/\/inces.gob.ve\/wp-content\/uploads\/2026\/03\/WhatsApp-Image-2026-03-11-at-4.44.09-PM-1536x1023.jpeg 1536w, https:\/\/inces.gob.ve\/wp-content\/uploads\/2026\/03\/WhatsApp-Image-2026-03-11-at-4.44.09-PM-272x182.jpeg 272w\" sizes=\"auto, (max-width: 1600px) 100vw, 1600px\" \/><\/p>\n<p>&nbsp;<\/p>\n<p class=\"Standard\" style=\"text-align: justify;\"><span style=\"font-family: helvetica, arial, sans-serif; font-size: 18px;\">El presidente del Inces, Wuikelman Angel, encabez\u00f3 la actividad junto a la diputada Noris Herrera y la gerente regional, Rosario Caraballo. Durante su intervenci\u00f3n, Angel destac\u00f3 que el instituto se encuentra \u00abmetido en el seno de las comunas\u00bb y resalt\u00f3 que estas certificaciones poseen un est\u00e1ndar de calidad internacional.<\/span><\/p>\n<p class=\"Standard\" style=\"text-align: justify;\">\n<p><img loading=\"lazy\" decoding=\"async\" class=\"aligncenter wp-image-70601 size-full\" src=\"https:\/\/inces.gob.ve\/wp-content\/uploads\/2026\/03\/WhatsApp-Image-2026-03-11-at-4.44.10-PM-2.jpeg\" alt=\"\" width=\"1600\" height=\"1066\" srcset=\"https:\/\/inces.gob.ve\/wp-content\/uploads\/2026\/03\/WhatsApp-Image-2026-03-11-at-4.44.10-PM-2.jpeg 1600w, https:\/\/inces.gob.ve\/wp-content\/uploads\/2026\/03\/WhatsApp-Image-2026-03-11-at-4.44.10-PM-2-300x200.jpeg 300w, https:\/\/inces.gob.ve\/wp-content\/uploads\/2026\/03\/WhatsApp-Image-2026-03-11-at-4.44.10-PM-2-1024x682.jpeg 1024w, https:\/\/inces.gob.ve\/wp-content\/uploads\/2026\/03\/WhatsApp-Image-2026-03-11-at-4.44.10-PM-2-768x512.jpeg 768w, https:\/\/inces.gob.ve\/wp-content\/uploads\/2026\/03\/WhatsApp-Image-2026-03-11-at-4.44.10-PM-2-1536x1023.jpeg 1536w, https:\/\/inces.gob.ve\/wp-content\/uploads\/2026\/03\/WhatsApp-Image-2026-03-11-at-4.44.10-PM-2-272x182.jpeg 272w\" sizes=\"auto, (max-width: 1600px) 100vw, 1600px\" \/><\/p>\n<p>&nbsp;<\/p>\n<p class=\"Standard\" style=\"text-align: justify;\"><span style=\"font-family: helvetica, arial, sans-serif; font-size: 18px;\">Angel inform\u00f3 que el Inces registra actualmente 93.299 inscripciones a nivel nacional, de las cuales unas 30 mil corresponden a estudiantes que cursan m\u00e1s de una formaci\u00f3n simult\u00e1neamente, demostrando las ganas de superaci\u00f3n.<\/span><\/p>\n<p class=\"Standard\" style=\"text-align: justify;\">\n<p class=\"Standard\" style=\"text-align: justify;\"><span style=\"font-family: helvetica, arial, sans-serif; font-size: 18px;\"><b>\u00abNos sentimos orgullosos de que sean las mujeres y hombres comuneros quienes reciban estas acreditaciones. Este es un certificado de calidad que da fe del saber para fortalecer la producci\u00f3n nacional y la econom\u00eda de Venezuela\u00bb<\/b>, expres\u00f3 Angel, quien adem\u00e1s cit\u00f3 un pensamiento de Aquiles Nazoa inspirado en su madre, Micaela Gonz\u00e1lez.<\/span><\/p>\n<p class=\"Standard\" style=\"text-align: justify;\">\n<p><img loading=\"lazy\" decoding=\"async\" class=\"aligncenter wp-image-70596 size-full\" src=\"https:\/\/inces.gob.ve\/wp-content\/uploads\/2026\/03\/WhatsApp-Image-2026-03-11-at-4.44.08-PM-2.jpeg\" alt=\"\" width=\"1600\" height=\"1066\" srcset=\"https:\/\/inces.gob.ve\/wp-content\/uploads\/2026\/03\/WhatsApp-Image-2026-03-11-at-4.44.08-PM-2.jpeg 1600w, https:\/\/inces.gob.ve\/wp-content\/uploads\/2026\/03\/WhatsApp-Image-2026-03-11-at-4.44.08-PM-2-300x200.jpeg 300w, https:\/\/inces.gob.ve\/wp-content\/uploads\/2026\/03\/WhatsApp-Image-2026-03-11-at-4.44.08-PM-2-1024x682.jpeg 1024w, https:\/\/inces.gob.ve\/wp-content\/uploads\/2026\/03\/WhatsApp-Image-2026-03-11-at-4.44.08-PM-2-768x512.jpeg 768w, https:\/\/inces.gob.ve\/wp-content\/uploads\/2026\/03\/WhatsApp-Image-2026-03-11-at-4.44.08-PM-2-1536x1023.jpeg 1536w, https:\/\/inces.gob.ve\/wp-content\/uploads\/2026\/03\/WhatsApp-Image-2026-03-11-at-4.44.08-PM-2-272x182.jpeg 272w\" sizes=\"auto, (max-width: 1600px) 100vw, 1600px\" \/><\/p>\n<p>&nbsp;<\/p>\n<p class=\"Standard\" style=\"text-align: justify;\"><span style=\"font-family: helvetica, arial, sans-serif; font-size: 18px;\"><b>Compromiso y reconocimiento internacional<\/b><\/span><\/p>\n<p class=\"Standard\" style=\"text-align: justify;\"><span style=\"font-family: helvetica, arial, sans-serif; font-size: 18px;\"><b>\u00a0<\/b><\/span><span style=\"font-family: helvetica, arial, sans-serif; font-size: 18px;\">La diputada Noris Herrera enfatiz\u00f3 el papel hist\u00f3rico del Inces como una puerta abierta para la formaci\u00f3n gratuita. \u00abNo es cualquier certificado; es un elemento motivador con reconocimiento internacional\u00bb, asegur\u00f3. Por su parte, Rosario Caraballo subray\u00f3 que esta entrega demuestra un modelo \u00abque se viste con su propia gente\u00bb, atendiendo a trav\u00e9s de la Caravana de Soluciones a 22 consejos comunales y m\u00e1s de 200 emprendedores.<\/span><\/p>\n<p class=\"Standard\" style=\"text-align: justify;\">\n<p><img loading=\"lazy\" decoding=\"async\" class=\"aligncenter wp-image-70600 size-full\" src=\"https:\/\/inces.gob.ve\/wp-content\/uploads\/2026\/03\/WhatsApp-Image-2026-03-11-at-4.44.10-PM-1.jpeg\" alt=\"\" width=\"1600\" height=\"1066\" srcset=\"https:\/\/inces.gob.ve\/wp-content\/uploads\/2026\/03\/WhatsApp-Image-2026-03-11-at-4.44.10-PM-1.jpeg 1600w, https:\/\/inces.gob.ve\/wp-content\/uploads\/2026\/03\/WhatsApp-Image-2026-03-11-at-4.44.10-PM-1-300x200.jpeg 300w, https:\/\/inces.gob.ve\/wp-content\/uploads\/2026\/03\/WhatsApp-Image-2026-03-11-at-4.44.10-PM-1-1024x682.jpeg 1024w, https:\/\/inces.gob.ve\/wp-content\/uploads\/2026\/03\/WhatsApp-Image-2026-03-11-at-4.44.10-PM-1-768x512.jpeg 768w, https:\/\/inces.gob.ve\/wp-content\/uploads\/2026\/03\/WhatsApp-Image-2026-03-11-at-4.44.10-PM-1-1536x1023.jpeg 1536w, https:\/\/inces.gob.ve\/wp-content\/uploads\/2026\/03\/WhatsApp-Image-2026-03-11-at-4.44.10-PM-1-272x182.jpeg 272w\" sizes=\"auto, (max-width: 1600px) 100vw, 1600px\" \/><\/p>\n<p>&nbsp;<\/p>\n<p class=\"Standard\" style=\"text-align: justify;\"><span style=\"font-family: helvetica, arial, sans-serif; font-size: 18px;\">Para finalizar la entrega, la actividad cont\u00f3 con una ambientaci\u00f3n musical a cargo del artista <b>Tyrbucio<\/b>, quien interpret\u00f3 dos temas de rap. La presentaci\u00f3n sirvi\u00f3 tambi\u00e9n para celebrar el D\u00eda Nacional del Rap, vinculando la cultura urbana con los logros comunales.<\/span><\/p>\n<p>&nbsp;<\/p>\n<p class=\"Standard\" style=\"text-align: justify;\"><img loading=\"lazy\" decoding=\"async\" class=\"aligncenter wp-image-70598 size-full\" src=\"https:\/\/inces.gob.ve\/wp-content\/uploads\/2026\/03\/WhatsApp-Image-2026-03-11-at-4.44.09-PM-1.jpeg\" alt=\"\" width=\"1600\" height=\"1066\" srcset=\"https:\/\/inces.gob.ve\/wp-content\/uploads\/2026\/03\/WhatsApp-Image-2026-03-11-at-4.44.09-PM-1.jpeg 1600w, https:\/\/inces.gob.ve\/wp-content\/uploads\/2026\/03\/WhatsApp-Image-2026-03-11-at-4.44.09-PM-1-300x200.jpeg 300w, https:\/\/inces.gob.ve\/wp-content\/uploads\/2026\/03\/WhatsApp-Image-2026-03-11-at-4.44.09-PM-1-1024x682.jpeg 1024w, https:\/\/inces.gob.ve\/wp-content\/uploads\/2026\/03\/WhatsApp-Image-2026-03-11-at-4.44.09-PM-1-768x512.jpeg 768w, https:\/\/inces.gob.ve\/wp-content\/uploads\/2026\/03\/WhatsApp-Image-2026-03-11-at-4.44.09-PM-1-1536x1023.jpeg 1536w, https:\/\/inces.gob.ve\/wp-content\/uploads\/2026\/03\/WhatsApp-Image-2026-03-11-at-4.44.09-PM-1-272x182.jpeg 272w\" sizes=\"auto, (max-width: 1600px) 100vw, 1600px\" \/><\/p>\n<p>&nbsp;<\/p>\n<p class=\"Standard\" style=\"text-align: justify;\"><span style=\"font-family: helvetica, arial, sans-serif; font-size: 18px;\">Tras el acto central, las autoridades realizaron un recorrido por la comuna, visitando la EPS Textil Antonio Jos\u00e9 de Sucre y el Frigor\u00edfico Jos\u00e9 Pilar Romero. Durante la inspecci\u00f3n, pudieron constatar de primera mano el trabajo y el compromiso de la comunidad emprendedora que, con herramientas t\u00e9cnicas y organizaci\u00f3n, impulsa la soberan\u00eda econ\u00f3mica desde sus territorios.<\/span><\/p>\n<p>&nbsp;<\/p>\n<p><img loading=\"lazy\" decoding=\"async\" class=\"aligncenter wp-image-70595 size-full\" src=\"https:\/\/inces.gob.ve\/wp-content\/uploads\/2026\/03\/WhatsApp-Image-2026-03-11-at-4.44.08-PM-1.jpeg\" alt=\"\" width=\"1600\" height=\"1066\" srcset=\"https:\/\/inces.gob.ve\/wp-content\/uploads\/2026\/03\/WhatsApp-Image-2026-03-11-at-4.44.08-PM-1.jpeg 1600w, https:\/\/inces.gob.ve\/wp-content\/uploads\/2026\/03\/WhatsApp-Image-2026-03-11-at-4.44.08-PM-1-300x200.jpeg 300w, https:\/\/inces.gob.ve\/wp-content\/uploads\/2026\/03\/WhatsApp-Image-2026-03-11-at-4.44.08-PM-1-1024x682.jpeg 1024w, https:\/\/inces.gob.ve\/wp-content\/uploads\/2026\/03\/WhatsApp-Image-2026-03-11-at-4.44.08-PM-1-768x512.jpeg 768w, https:\/\/inces.gob.ve\/wp-content\/uploads\/2026\/03\/WhatsApp-Image-2026-03-11-at-4.44.08-PM-1-1536x1023.jpeg 1536w, https:\/\/inces.gob.ve\/wp-content\/uploads\/2026\/03\/WhatsApp-Image-2026-03-11-at-4.44.08-PM-1-272x182.jpeg 272w\" sizes=\"auto, (max-width: 1600px) 100vw, 1600px\" \/><\/p>\n<p>&nbsp;<\/p>\n<p><img loading=\"lazy\" decoding=\"async\" class=\"aligncenter wp-image-70594 size-full\" src=\"https:\/\/inces.gob.ve\/wp-content\/uploads\/2026\/03\/WhatsApp-Image-2026-03-11-at-4.44.07-PM.jpeg\" alt=\"\" width=\"1600\" height=\"1066\" srcset=\"https:\/\/inces.gob.ve\/wp-content\/uploads\/2026\/03\/WhatsApp-Image-2026-03-11-at-4.44.07-PM.jpeg 1600w, https:\/\/inces.gob.ve\/wp-content\/uploads\/2026\/03\/WhatsApp-Image-2026-03-11-at-4.44.07-PM-300x200.jpeg 300w, https:\/\/inces.gob.ve\/wp-content\/uploads\/2026\/03\/WhatsApp-Image-2026-03-11-at-4.44.07-PM-1024x682.jpeg 1024w, https:\/\/inces.gob.ve\/wp-content\/uploads\/2026\/03\/WhatsApp-Image-2026-03-11-at-4.44.07-PM-768x512.jpeg 768w, https:\/\/inces.gob.ve\/wp-content\/uploads\/2026\/03\/WhatsApp-Image-2026-03-11-at-4.44.07-PM-1536x1023.jpeg 1536w, https:\/\/inces.gob.ve\/wp-content\/uploads\/2026\/03\/WhatsApp-Image-2026-03-11-at-4.44.07-PM-272x182.jpeg 272w\" sizes=\"auto, (max-width: 1600px) 100vw, 1600px\" \/><\/p>\n<p>&nbsp;<\/p>\n<p><img loading=\"lazy\" decoding=\"async\" class=\"aligncenter wp-image-70603 size-full\" src=\"https:\/\/inces.gob.ve\/wp-content\/uploads\/2026\/03\/WhatsApp-Image-2026-03-11-at-4.44.07-PM-2.jpeg\" alt=\"\" width=\"1600\" height=\"1066\" srcset=\"https:\/\/inces.gob.ve\/wp-content\/uploads\/2026\/03\/WhatsApp-Image-2026-03-11-at-4.44.07-PM-2.jpeg 1600w, https:\/\/inces.gob.ve\/wp-content\/uploads\/2026\/03\/WhatsApp-Image-2026-03-11-at-4.44.07-PM-2-300x200.jpeg 300w, https:\/\/inces.gob.ve\/wp-content\/uploads\/2026\/03\/WhatsApp-Image-2026-03-11-at-4.44.07-PM-2-1024x682.jpeg 1024w, https:\/\/inces.gob.ve\/wp-content\/uploads\/2026\/03\/WhatsApp-Image-2026-03-11-at-4.44.07-PM-2-768x512.jpeg 768w, https:\/\/inces.gob.ve\/wp-content\/uploads\/2026\/03\/WhatsApp-Image-2026-03-11-at-4.44.07-PM-2-1536x1023.jpeg 1536w, https:\/\/inces.gob.ve\/wp-content\/uploads\/2026\/03\/WhatsApp-Image-2026-03-11-at-4.44.07-PM-2-272x182.jpeg 272w\" sizes=\"auto, (max-width: 1600px) 100vw, 1600px\" \/><\/p>\n<p>&nbsp;<\/p>\n<p><img loading=\"lazy\" decoding=\"async\" class=\"aligncenter wp-image-70604 size-full\" src=\"https:\/\/inces.gob.ve\/wp-content\/uploads\/2026\/03\/WhatsApp-Image-2026-03-11-at-4.44.07-PM-3.jpeg\" alt=\"\" width=\"1600\" height=\"1066\" srcset=\"https:\/\/inces.gob.ve\/wp-content\/uploads\/2026\/03\/WhatsApp-Image-2026-03-11-at-4.44.07-PM-3.jpeg 1600w, https:\/\/inces.gob.ve\/wp-content\/uploads\/2026\/03\/WhatsApp-Image-2026-03-11-at-4.44.07-PM-3-300x200.jpeg 300w, https:\/\/inces.gob.ve\/wp-content\/uploads\/2026\/03\/WhatsApp-Image-2026-03-11-at-4.44.07-PM-3-1024x682.jpeg 1024w, https:\/\/inces.gob.ve\/wp-content\/uploads\/2026\/03\/WhatsApp-Image-2026-03-11-at-4.44.07-PM-3-768x512.jpeg 768w, https:\/\/inces.gob.ve\/wp-content\/uploads\/2026\/03\/WhatsApp-Image-2026-03-11-at-4.44.07-PM-3-1536x1023.jpeg 1536w, https:\/\/inces.gob.ve\/wp-content\/uploads\/2026\/03\/WhatsApp-Image-2026-03-11-at-4.44.07-PM-3-272x182.jpeg 272w\" sizes=\"auto, (max-width: 1600px) 100vw, 1600px\" \/><\/p>\n","protected":false},"excerpt":{"rendered":"<p>** El Instituto Nacional de Capacitaci\u00f3n y Educaci\u00f3n Socialista (Inces) llev\u00f3 a cabo la entrega de 96 certificados en la Biblioteca Micaela Gonz\u00e1lez de Nazoa, de la parroquia San Juan. La actividad benefici\u00f3 a comuneras y comuneros de las Empresas de Propiedad Social (EPS) Textil Antonio Jos\u00e9 de Sucre, consolidando un nuevo modelo econ\u00f3mico basado [&hellip;]<\/p>\n","protected":false},"author":4,"featured_media":70602,"comment_status":"closed","ping_status":"closed","sticky":false,"template":"","format":"standard","meta":{"footnotes":""},"categories":[2],"tags":[],"class_list":["post-70592","post","type-post","status-publish","format-standard","has-post-thumbnail","hentry","category-blog"],"_links":{"self":[{"href":"https:\/\/inces.gob.ve\/index.php\/wp-json\/wp\/v2\/posts\/70592","targetHints":{"allow":["GET"]}}],"collection":[{"href":"https:\/\/inces.gob.ve\/index.php\/wp-json\/wp\/v2\/posts"}],"about":[{"href":"https:\/\/inces.gob.ve\/index.php\/wp-json\/wp\/v2\/types\/post"}],"author":[{"embeddable":true,"href":"https:\/\/inces.gob.ve\/index.php\/wp-json\/wp\/v2\/users\/4"}],"replies":[{"embeddable":true,"href":"https:\/\/inces.gob.ve\/index.php\/wp-json\/wp\/v2\/comments?post=70592"}],"version-history":[{"count":1,"href":"https:\/\/inces.gob.ve\/index.php\/wp-json\/wp\/v2\/posts\/70592\/revisions"}],"predecessor-version":[{"id":70605,"href":"https:\/\/inces.gob.ve\/index.php\/wp-json\/wp\/v2\/posts\/70592\/revisions\/70605"}],"wp:featuredmedia":[{"embeddable":true,"href":"https:\/\/inces.gob.ve\/index.php\/wp-json\/wp\/v2\/media\/70602"}],"wp:attachment":[{"href":"https:\/\/inces.gob.ve\/index.php\/wp-json\/wp\/v2\/media?parent=70592"}],"wp:term":[{"taxonomy":"category","embeddable":true,"href":"https:\/\/inces.gob.ve\/index.php\/wp-json\/wp\/v2\/categories?post=70592"},{"taxonomy":"post_tag","embeddable":true,"href":"https:\/\/inces.gob.ve\/index.php\/wp-json\/wp\/v2\/tags?post=70592"}],"curies":[{"name":"wp","href":"https:\/\/api.w.org\/{rel}","templated":true}]}}