{"id":70606,"date":"2026-03-12T10:56:37","date_gmt":"2026-03-12T14:56:37","guid":{"rendered":"https:\/\/inces.gob.ve\/?p=70606"},"modified":"2026-03-12T12:17:10","modified_gmt":"2026-03-12T16:17:10","slug":"amazonas-el-inces-realizo-abordaje-a-la-universidad-nacional-experimental-de-la-seguridad","status":"publish","type":"post","link":"https:\/\/inces.gob.ve\/index.php\/2026\/03\/12\/amazonas-el-inces-realizo-abordaje-a-la-universidad-nacional-experimental-de-la-seguridad\/","title":{"rendered":"AMAZONAS |  \u200eEl Inces realiz\u00f3 abordaje a la Universidad Nacional Experimental de la Seguridad."},"content":{"rendered":"<p style=\"text-align: justify;\"><span style=\"font-family: helvetica, arial, sans-serif; font-size: 18px;\"><em><strong>*** El objetivo de la actividad fue dar a conocer las ofertas formativas que esta casa de estudios tiene para la juventud estudiantil del estado<\/strong><\/em><!--more--><\/span><\/p>\n<p style=\"text-align: justify;\"><span style=\"font-family: helvetica, arial, sans-serif; font-size: 18px;\">\u200e<\/span><\/p>\n<p style=\"text-align: justify;\"><span style=\"font-family: helvetica, arial, sans-serif; font-size: 18px;\">FELIX RUIZ<\/span><\/p>\n<p style=\"text-align: justify;\"><span style=\"font-family: helvetica, arial, sans-serif; font-size: 18px;\">Cumpliendo con las orientaciones del presidente del Inces, Wuikelman Angel y del gerente regional, Tom\u00e1s Vivas, el Instituto Nacional de Capacitaciones y Educaci\u00f3n Socialista (Inces) particip\u00f3 en una gran Jornada Social Integral dirigida a los estudiantes y personal de la Universidad Nacional Experimental de la Seguridad (UNES), con el objetivo de dar a conocer las ofertas formativas que imparte la instituci\u00f3n. Esta jornada fue realizada uniendo esfuerzos con diversas instituciones p\u00fablicas y misiones del gobierno nacional para fortalecer el bienestar de nuestra juventud estudiantil.<\/span><\/p>\n<p style=\"text-align: justify;\"><span style=\"font-family: helvetica, arial, sans-serif; font-size: 18px;\">\u200e<\/span><\/p>\n<p><img loading=\"lazy\" decoding=\"async\" class=\"aligncenter wp-image-70609 size-full\" src=\"https:\/\/inces.gob.ve\/wp-content\/uploads\/2026\/03\/PORTADA-1-e1773327135144.jpg\" alt=\"\" width=\"800\" height=\"603\" \/><\/p>\n<p style=\"text-align: justify;\"><span style=\"font-family: helvetica, arial, sans-serif; font-size: 18px;\">Adem\u00e1s del equipo Inces asistieron a la jornada el decano de la UNES, Dr. Ricardo Castro, el representante de Inajuma, Johader Herrera, quienes destacaron la importancia de vincular la formaci\u00f3n t\u00e9cnica con la seguridad ciudadana.<\/span><\/p>\n<p style=\"text-align: justify;\"><span style=\"font-family: helvetica, arial, sans-serif; font-size: 18px;\">Asimismo se sumaron al evento Johelly M\u00e9ndez, responsable del \u00e1mbito Misiones y Grandes Misiones; Rosana Ramos, responsable de Acompa\u00f1amiento Integral al Participante (AIP), Jos\u00e9 Escalona, coordinador de Juventud Inces; y los maestros t\u00e9cnicos productivos Yusmary Nieves y Jos\u00e9 Valmore, los cuales brindaron asesor\u00eda sobre las diferentes formaciones.<\/span><\/p>\n<p>&nbsp;<\/p>\n<p><img loading=\"lazy\" decoding=\"async\" class=\"aligncenter wp-image-70610 size-full\" src=\"https:\/\/inces.gob.ve\/wp-content\/uploads\/2026\/03\/ADICIONAL-e1773327184838.jpg\" alt=\"\" width=\"800\" height=\"603\" \/><\/p>\n<p style=\"text-align: justify;\"><span style=\"font-family: helvetica, arial, sans-serif; font-size: 18px;\">La jornada tambi\u00e9n cont\u00f3 con la presencia de representantes de Gobernaci\u00f3n de Amazonas, Mincy, Faima, Chamba Juvenil, Misi\u00f3n Nevado, Conapdis, Venezuela Joven y Sidea<\/span><\/p>\n<p style=\"text-align: justify;\"><span style=\"font-family: helvetica, arial, sans-serif; font-size: 18px;\">La Jornada Social Integral logr\u00f3 la caracterizaci\u00f3n de estudiantes que se integran a las distintas formaciones de capacitaci\u00f3n t\u00e9cnica profesional que brinda la casa formativa en la entidad regional.<\/span><\/p>\n<p><img loading=\"lazy\" decoding=\"async\" class=\"aligncenter wp-image-70607 size-full\" src=\"https:\/\/inces.gob.ve\/wp-content\/uploads\/2026\/03\/FINAL-e1773327272520.jpg\" alt=\"\" width=\"800\" height=\"678\" \/><\/p>\n<p style=\"text-align: justify;\">\u200e<\/p>\n","protected":false},"excerpt":{"rendered":"<p>*** El objetivo de la actividad fue dar a conocer las ofertas formativas que esta casa de estudios tiene para la juventud estudiantil del estado<\/p>\n","protected":false},"author":15,"featured_media":70608,"comment_status":"closed","ping_status":"closed","sticky":false,"template":"","format":"standard","meta":{"footnotes":""},"categories":[2],"tags":[],"class_list":["post-70606","post","type-post","status-publish","format-standard","has-post-thumbnail","hentry","category-blog"],"_links":{"self":[{"href":"https:\/\/inces.gob.ve\/index.php\/wp-json\/wp\/v2\/posts\/70606","targetHints":{"allow":["GET"]}}],"collection":[{"href":"https:\/\/inces.gob.ve\/index.php\/wp-json\/wp\/v2\/posts"}],"about":[{"href":"https:\/\/inces.gob.ve\/index.php\/wp-json\/wp\/v2\/types\/post"}],"author":[{"embeddable":true,"href":"https:\/\/inces.gob.ve\/index.php\/wp-json\/wp\/v2\/users\/15"}],"replies":[{"embeddable":true,"href":"https:\/\/inces.gob.ve\/index.php\/wp-json\/wp\/v2\/comments?post=70606"}],"version-history":[{"count":1,"href":"https:\/\/inces.gob.ve\/index.php\/wp-json\/wp\/v2\/posts\/70606\/revisions"}],"predecessor-version":[{"id":70611,"href":"https:\/\/inces.gob.ve\/index.php\/wp-json\/wp\/v2\/posts\/70606\/revisions\/70611"}],"wp:featuredmedia":[{"embeddable":true,"href":"https:\/\/inces.gob.ve\/index.php\/wp-json\/wp\/v2\/media\/70608"}],"wp:attachment":[{"href":"https:\/\/inces.gob.ve\/index.php\/wp-json\/wp\/v2\/media?parent=70606"}],"wp:term":[{"taxonomy":"category","embeddable":true,"href":"https:\/\/inces.gob.ve\/index.php\/wp-json\/wp\/v2\/categories?post=70606"},{"taxonomy":"post_tag","embeddable":true,"href":"https:\/\/inces.gob.ve\/index.php\/wp-json\/wp\/v2\/tags?post=70606"}],"curies":[{"name":"wp","href":"https:\/\/api.w.org\/{rel}","templated":true}]}}