{"id":70612,"date":"2026-03-12T12:27:52","date_gmt":"2026-03-12T16:27:52","guid":{"rendered":"https:\/\/inces.gob.ve\/?p=70612"},"modified":"2026-03-12T12:38:14","modified_gmt":"2026-03-12T16:38:14","slug":"anzoategui-inces-participo-en-el-consejo-de-economia-productiva-del-municipio-simon-bolivar","status":"publish","type":"post","link":"https:\/\/inces.gob.ve\/index.php\/2026\/03\/12\/anzoategui-inces-participo-en-el-consejo-de-economia-productiva-del-municipio-simon-bolivar\/","title":{"rendered":"ANZO\u00c1TEGUI |  Inces particip\u00f3 en el Consejo de Econom\u00eda Productiva del municipio Sim\u00f3n Bol\u00edvar"},"content":{"rendered":"<p style=\"text-align: justify;\"><span style=\"font-family: helvetica, arial, sans-serif; font-size: 18px;\"><em><strong>El encuentro busca optimizar el aparato productivo de la regi\u00f3n mediante el fortalecimiento de alianzas estrat\u00e9gicas que involucren la formaci\u00f3n y la productividad<\/strong><\/em><!--more--><\/span><\/p>\n<p>&nbsp;<\/p>\n<p style=\"text-align: justify;\"><span style=\"font-family: helvetica, arial, sans-serif; font-size: 18px;\">En un esfuerzo conjunto por dinamizar y reimpulsar el aparato productivo regional, el Instituto Nacional de Capacitaci\u00f3n y Educaci\u00f3n Socialista (Inces) particip\u00f3 en el Consejo de Econom\u00eda Productiva. El encuentro realizado en el municipio Sim\u00f3n Bol\u00edvar cont\u00f3 con la presencia de autoridades regionales y municipales, l\u00edderes gremiales y representantes del sector empresarial, quienes articularon planes para la formaci\u00f3n t\u00e9cnica profesional y el lanzamiento de la plataforma digital Talentio.<\/span><\/p>\n<p>&nbsp;<\/p>\n<p><img loading=\"lazy\" decoding=\"async\" class=\"wp-image-70614 aligncenter\" src=\"https:\/\/inces.gob.ve\/wp-content\/uploads\/2026\/03\/FINAL-1-scaled-e1773332635137.jpg\" alt=\"\" width=\"638\" height=\"643\" \/><\/p>\n<p style=\"text-align: justify;\"><span style=\"font-family: helvetica, arial, sans-serif; font-size: 18px;\">La actividad estuvo encabezada por el gobernador del estado, Luis Jos\u00e9 Marcano, y la alcaldesa de la ciudad de Barcelona, Sugey Herrera. Las autoridades junto a la gerencia regional del Inces y diversos actores del sector p\u00fablico y privado, trazaron una hoja de ruta para la prosperidad del territorio.<\/span><\/p>\n<p>&nbsp;<\/p>\n<p style=\"text-align: justify;\"><span style=\"font-family: helvetica, arial, sans-serif; font-size: 18px;\">El evento cont\u00f3 con la participaci\u00f3n especial de Sergio Pandozi, destacado dirigente gremial venezolano, as\u00ed como de diputados del Consejo Legislativo Estadal (Cleanz) y una nutrida representaci\u00f3n de empresas p\u00fablicas y privadas.<\/span><\/p>\n<p>&nbsp;<\/p>\n<p><img loading=\"lazy\" decoding=\"async\" class=\"wp-image-70616 aligncenter\" src=\"https:\/\/inces.gob.ve\/wp-content\/uploads\/2026\/03\/INTERMEDIO-1-scaled-e1773332702752.jpg\" alt=\"\" width=\"600\" height=\"608\" \/><\/p>\n<p style=\"text-align: justify;\"><span style=\"font-family: helvetica, arial, sans-serif; font-size: 18px;\">Durante su intervenci\u00f3n, la alcaldesa Sugey Herrera anunci\u00f3 que pr\u00f3ximamente se realizar\u00e1 el lanzamiento oficial de la p\u00e1gina \u00abTalentio\u00bb. Este portal tecnol\u00f3gico ha sido dise\u00f1ado con el objetivo primordial de facilitar la inserci\u00f3n laboral de los ciudadanos del municipio Sim\u00f3n Bol\u00edvar, conectando de forma directa la oferta de talento humano con la demanda del sector productivo.<\/span><\/p>\n<p>&nbsp;<\/p>\n<p style=\"text-align: justify;\"><span style=\"font-family: helvetica, arial, sans-serif; font-size: 18px;\">Al respecto, la gerente regional del Inces, Dra. Josdalia Torres, destac\u00f3 la relevancia de esta herramienta para el Inces: \u00abEste proyecto articulado con el Inces funcionar\u00e1 de manera fant\u00e1stica, ya que todos nuestros egresados podr\u00e1n acceder a dicha plataforma y tener mayores posibilidades de empleo. Gracias a los avances tecnol\u00f3gicos impulsados por la alcaldesa, el conocimiento t\u00e9cnico de nuestra juventud pr\u00f3ximamente habr\u00e1 una ventana digital directa hacia las empresas\u00bb.<\/span><\/p>\n<p><img loading=\"lazy\" decoding=\"async\" class=\"wp-image-70615 aligncenter\" src=\"https:\/\/inces.gob.ve\/wp-content\/uploads\/2026\/03\/ADICIONAL-1-scaled-e1773332770806.jpg\" alt=\"\" width=\"639\" height=\"655\" \/><\/p>\n<p style=\"text-align: justify;\"><span style=\"font-family: helvetica, arial, sans-serif; font-size: 18px;\">Por su parte, la Dra. Josdalia Torres junto a su equipo de trabajo sostuvieron mesas de trabajo personalizadas con m\u00faltiples responsables de empresas presentes en el consejo.<\/span><\/p>\n<p>&nbsp;<\/p>\n<p style=\"text-align: justify;\"><span style=\"font-family: helvetica, arial, sans-serif; font-size: 18px;\">Estas conversaciones tuvieron como norte el dise\u00f1o y desarrollo de procesos formativos adaptados a las necesidades reales de las entidades de trabajo. Con esto, el Inces busca que la formaci\u00f3n profesional no se quede solo en los centros de formaci\u00f3n (CFS), sino que se traslade directamente a las empresas, garantizando trabajadores m\u00e1s calificados y procesos productivos m\u00e1s eficientes.<\/span><\/p>\n<p>&nbsp;<\/p>\n<p style=\"text-align: justify;\"><span style=\"font-family: helvetica, arial, sans-serif; font-size: 18px;\">Con estas acciones, el Inces Anzo\u00e1tegui reafirma su compromiso con el modelo de \u00abFormar Produciendo\u00bb, consolidando alianzas que no solo brindan educaci\u00f3n t\u00e9cnica de calidad, sino que aseguran el bienestar social y el desarrollo econ\u00f3mico del estado.<\/span><\/p>\n","protected":false},"excerpt":{"rendered":"<p>El encuentro busca optimizar el aparato productivo de la regi\u00f3n mediante el fortalecimiento de alianzas estrat\u00e9gicas que involucren la formaci\u00f3n y la productividad<\/p>\n","protected":false},"author":15,"featured_media":70613,"comment_status":"closed","ping_status":"closed","sticky":false,"template":"","format":"standard","meta":{"footnotes":""},"categories":[2],"tags":[],"class_list":["post-70612","post","type-post","status-publish","format-standard","has-post-thumbnail","hentry","category-blog"],"_links":{"self":[{"href":"https:\/\/inces.gob.ve\/index.php\/wp-json\/wp\/v2\/posts\/70612","targetHints":{"allow":["GET"]}}],"collection":[{"href":"https:\/\/inces.gob.ve\/index.php\/wp-json\/wp\/v2\/posts"}],"about":[{"href":"https:\/\/inces.gob.ve\/index.php\/wp-json\/wp\/v2\/types\/post"}],"author":[{"embeddable":true,"href":"https:\/\/inces.gob.ve\/index.php\/wp-json\/wp\/v2\/users\/15"}],"replies":[{"embeddable":true,"href":"https:\/\/inces.gob.ve\/index.php\/wp-json\/wp\/v2\/comments?post=70612"}],"version-history":[{"count":4,"href":"https:\/\/inces.gob.ve\/index.php\/wp-json\/wp\/v2\/posts\/70612\/revisions"}],"predecessor-version":[{"id":70620,"href":"https:\/\/inces.gob.ve\/index.php\/wp-json\/wp\/v2\/posts\/70612\/revisions\/70620"}],"wp:featuredmedia":[{"embeddable":true,"href":"https:\/\/inces.gob.ve\/index.php\/wp-json\/wp\/v2\/media\/70613"}],"wp:attachment":[{"href":"https:\/\/inces.gob.ve\/index.php\/wp-json\/wp\/v2\/media?parent=70612"}],"wp:term":[{"taxonomy":"category","embeddable":true,"href":"https:\/\/inces.gob.ve\/index.php\/wp-json\/wp\/v2\/categories?post=70612"},{"taxonomy":"post_tag","embeddable":true,"href":"https:\/\/inces.gob.ve\/index.php\/wp-json\/wp\/v2\/tags?post=70612"}],"curies":[{"name":"wp","href":"https:\/\/api.w.org\/{rel}","templated":true}]}}