{"id":70621,"date":"2026-03-12T12:57:24","date_gmt":"2026-03-12T16:57:24","guid":{"rendered":"https:\/\/inces.gob.ve\/?p=70621"},"modified":"2026-03-12T14:00:51","modified_gmt":"2026-03-12T18:00:51","slug":"falcon-estudiantes-del-liceo-inces-falcon-recuperaron-ambiente-de-formacion","status":"publish","type":"post","link":"https:\/\/inces.gob.ve\/index.php\/2026\/03\/12\/falcon-estudiantes-del-liceo-inces-falcon-recuperaron-ambiente-de-formacion\/","title":{"rendered":"\u00a0FALC\u00d3N | Estudiantes del Liceo Inces Falc\u00f3n recuperaron ambiente de formaci\u00f3n"},"content":{"rendered":"<p style=\"text-align: justify;\"><span style=\"font-family: helvetica, arial, sans-serif; font-size: 18px;\"><em><strong>**Bachilleres del periodo 2025-2026 ejecutaron labores de refacci\u00f3n integral como parte de su proyecto final de labor social<\/strong><\/em><!--more--><\/span><\/p>\n<p style=\"text-align: justify;\"><span style=\"font-family: helvetica, arial, sans-serif; font-size: 18px;\">MIRIAM GONZ\u00c1LEZ VILLARROEL.<\/span><\/p>\n<p style=\"text-align: justify;\"><span style=\"font-family: helvetica, arial, sans-serif; font-size: 18px;\">Con la finalidad de dar cumplimiento a las orientaciones del Ministerio del Poder Popular para la Educaci\u00f3n (Mpppe), estudiantes del sexto per\u00edodo del Liceo Inces Falc\u00f3n hicieron entrega de un ambiente de estudio en el Centro de Formaci\u00f3n Socialista (CFS) Jos\u00e9 Leonardo Chirino del Instituto Nacional de Capacitaci\u00f3n y Educaci\u00f3n Socialista (Inces) en la ciudad de Santa Ana de Coro.<\/span><\/p>\n<p>&nbsp;<\/p>\n<p><img loading=\"lazy\" decoding=\"async\" class=\"aligncenter wp-image-70624 size-full\" src=\"https:\/\/inces.gob.ve\/wp-content\/uploads\/2026\/03\/INTERMEDIO-2-e1773333696453.jpg\" alt=\"\" width=\"800\" height=\"493\" \/><\/p>\n<p style=\"text-align: justify;\"><span style=\"font-family: helvetica, arial, sans-serif; font-size: 18px;\">El lugar fue rescatado y ambientado con la finalidad de continuar brindando espacios para el crecimiento profesional y dar cumplimiento con la labor social, requisito para egresar como bachilleres de la Rep\u00fablica en el periodo 2025-2026.<\/span><\/p>\n<p>&nbsp;<\/p>\n<p style=\"text-align: justify;\"><span style=\"font-family: helvetica, arial, sans-serif; font-size: 18px;\">Durante el corte de la cinta, los bachilleres, realizaron la presentaci\u00f3n del proyecto: manos a la obra por un ambiente de formaci\u00f3n sano y productivo. Explicaron que para lograr los objetivos realizaron vendimias, aportes de los mismos estudiantes y el apoyo de sus familiares, quienes contribuyeron para consolidar el proyecto.<\/span><\/p>\n<p>&nbsp;<\/p>\n<p><img loading=\"lazy\" decoding=\"async\" class=\"aligncenter wp-image-70622 size-full\" src=\"https:\/\/inces.gob.ve\/wp-content\/uploads\/2026\/03\/PORTADA-3-e1773333872967.jpg\" alt=\"\" width=\"800\" height=\"589\" \/><\/p>\n<p style=\"text-align: justify;\"><span style=\"font-family: helvetica, arial, sans-serif; font-size: 18px;\">Destacaron la participaci\u00f3n y apoyo de la gerente regional Eneyda Mart\u00ednez Rodr\u00edguez; la directora del plantel, Masly Espinoza; Jenifer Soto, jefe del CFS y el jefe de la Divisi\u00f3n de Servicios y Mantenimiento, Franklin Mora, junto al personal de mantenimiento y seguridad.<\/span><\/p>\n<p>&nbsp;<\/p>\n<p style=\"text-align: justify;\"><span style=\"font-family: helvetica, arial, sans-serif; font-size: 18px;\">En este acto de entrega, la bachiller Arelis Gonz\u00e1lez, en representaci\u00f3n de los egresados, relat\u00f3 la experiencia de cohesi\u00f3n entre estudiantes y docentes: \u00abTrabajamos unidos para lograr los objetivos y promover valores como la solidaridad y la perseverancia\u00bb. Apunt\u00f3.<\/span><\/p>\n<p>&nbsp;<\/p>\n<p><img loading=\"lazy\" decoding=\"async\" class=\"aligncenter wp-image-70623 size-full\" src=\"https:\/\/inces.gob.ve\/wp-content\/uploads\/2026\/03\/Orlan-Zavala-e1773333944339.jpg\" alt=\"\" width=\"800\" height=\"671\" \/><\/p>\n<p style=\"text-align: justify;\"><span style=\"font-family: helvetica, arial, sans-serif; font-size: 18px;\">En este contexto, se realiz\u00f3 entrega de credenciales a Orlan Zavala, quien ha sido consecuente con las formaciones del Liceo Inces y recibi\u00f3 las constancias de culminaci\u00f3n de estudios, una vez aprobado el componente laboral y por haber cumplido con todas las competencias exigidas por la modalidad de Educaci\u00f3n J\u00f3venes, Adultos y Adultas; de igual forma, por aprobaci\u00f3n del componente de idioma, y la de culminaci\u00f3n de la labor social en la recuperaci\u00f3n y acondicionamiento de un espacio educativo del CFS Jos\u00e9 Leonardo Chirino.<\/span><\/p>\n<p>&nbsp;<\/p>\n<p style=\"text-align: justify;\"><span style=\"font-family: helvetica, arial, sans-serif; font-size: 18px;\">Por su parte, la directora del Liceo Inces, Masly Espinoza, resalt\u00f3 el compromiso de los graduandos y la importancia de vincular la formaci\u00f3n acad\u00e9mica con la recuperaci\u00f3n de los espacios productivos de la instituci\u00f3n, \u201cSon un verdadero ejemplo para los estudiantes que hacen vida en la instituci\u00f3n\u201d, manifest\u00f3.<\/span><\/p>\n","protected":false},"excerpt":{"rendered":"<p>**Bachilleres del periodo 2025-2026 ejecutaron labores de refacci\u00f3n integral como parte de su proyecto final de labor social<\/p>\n","protected":false},"author":15,"featured_media":70626,"comment_status":"closed","ping_status":"closed","sticky":false,"template":"","format":"standard","meta":{"footnotes":""},"categories":[2],"tags":[],"class_list":["post-70621","post","type-post","status-publish","format-standard","has-post-thumbnail","hentry","category-blog"],"_links":{"self":[{"href":"https:\/\/inces.gob.ve\/index.php\/wp-json\/wp\/v2\/posts\/70621","targetHints":{"allow":["GET"]}}],"collection":[{"href":"https:\/\/inces.gob.ve\/index.php\/wp-json\/wp\/v2\/posts"}],"about":[{"href":"https:\/\/inces.gob.ve\/index.php\/wp-json\/wp\/v2\/types\/post"}],"author":[{"embeddable":true,"href":"https:\/\/inces.gob.ve\/index.php\/wp-json\/wp\/v2\/users\/15"}],"replies":[{"embeddable":true,"href":"https:\/\/inces.gob.ve\/index.php\/wp-json\/wp\/v2\/comments?post=70621"}],"version-history":[{"count":2,"href":"https:\/\/inces.gob.ve\/index.php\/wp-json\/wp\/v2\/posts\/70621\/revisions"}],"predecessor-version":[{"id":70628,"href":"https:\/\/inces.gob.ve\/index.php\/wp-json\/wp\/v2\/posts\/70621\/revisions\/70628"}],"wp:featuredmedia":[{"embeddable":true,"href":"https:\/\/inces.gob.ve\/index.php\/wp-json\/wp\/v2\/media\/70626"}],"wp:attachment":[{"href":"https:\/\/inces.gob.ve\/index.php\/wp-json\/wp\/v2\/media?parent=70621"}],"wp:term":[{"taxonomy":"category","embeddable":true,"href":"https:\/\/inces.gob.ve\/index.php\/wp-json\/wp\/v2\/categories?post=70621"},{"taxonomy":"post_tag","embeddable":true,"href":"https:\/\/inces.gob.ve\/index.php\/wp-json\/wp\/v2\/tags?post=70621"}],"curies":[{"name":"wp","href":"https:\/\/api.w.org\/{rel}","templated":true}]}}