{"id":70629,"date":"2026-03-12T14:10:07","date_gmt":"2026-03-12T18:10:07","guid":{"rendered":"https:\/\/inces.gob.ve\/?p=70629"},"modified":"2026-03-12T14:54:16","modified_gmt":"2026-03-12T18:54:16","slug":"trujillo-inces-participo-en-jornadas-realizadas-por-el-sistema-de-misiones-y-grandes-misiones","status":"publish","type":"post","link":"https:\/\/inces.gob.ve\/index.php\/2026\/03\/12\/trujillo-inces-participo-en-jornadas-realizadas-por-el-sistema-de-misiones-y-grandes-misiones\/","title":{"rendered":"TRUJILLO | Inces particip\u00f3 en jornadas del Sistema de Misiones y Grandes Misiones"},"content":{"rendered":"<p style=\"text-align: justify;\"><span style=\"font-family: helvetica, arial, sans-serif; font-size: 18px;\"><em><strong><span style=\"color: #222222;\">** La instituci\u00f3n prest\u00f3 los servicios de barber\u00eda, est\u00e9tica y manicura y ofert\u00f3 las distintas formaciones que se encuentran en el cat\u00e1logo educativo dispuesto para la regi\u00f3n <\/span><\/strong><\/em><!--more--><\/span><\/p>\n<p>&nbsp;<\/p>\n<p style=\"text-align: justify;\"><span style=\"font-family: helvetica, arial, sans-serif; font-size: 18px;\"><span style=\"color: #222222;\">El Instituto Nacional de Capacitaci\u00f3n y Educaci\u00f3n Socialista (Inces) regi\u00f3n Trujillo asist<\/span><span style=\"color: #222222;\">i\u00f3<\/span><span style=\"color: #222222;\"> a <\/span><span style=\"color: #222222;\">las<\/span><span style=\"color: #222222;\"> jornadas coordinadas po<\/span><span style=\"color: #222222;\">r el <\/span><span style=\"color: #222222;\"> Sistema de Misiones y Grandes Misiones <\/span><span style=\"color: #222222;\">las cuales fueron<\/span> <span style=\"color: #222222;\">realizada<\/span><span style=\"color: #222222;\">s<\/span><span style=\"color: #222222;\"> en distintos municipios, <\/span><span style=\"color: #222222;\">con el fin de<\/span><span style=\"color: #222222;\"> brindar atenci\u00f3n de barber\u00eda, est\u00e9tica y manicura, adem\u00e1s de ofrecer a los asistentes el cat\u00e1logo formativo dispuesto por la casa formativa para la entidad regional.<\/span><\/span><\/p>\n<p>&nbsp;<\/p>\n<p style=\"text-align: justify;\"><img loading=\"lazy\" decoding=\"async\" class=\"aligncenter wp-image-70631 size-full\" src=\"https:\/\/inces.gob.ve\/wp-content\/uploads\/2026\/03\/INTERMEDIO-3-e1773338737313.jpg\" alt=\"\" width=\"800\" height=\"450\" \/><\/p>\n<p style=\"text-align: justify;\"><span style=\"color: #222222; font-family: helvetica, arial, sans-serif; font-size: 18px;\">El jefe de Divisi\u00f3n de Formaci\u00f3n Profesional del Inces, Trujillo Hecmir Matheus, hizo supervisi\u00f3n de las actividades en las localidades de Motat\u00e1n, San Rafael de Carvajal, Valera, Trujillo capital, Pamp\u00e1n y Pampanito. <\/span><\/p>\n<p style=\"text-align: justify;\"><span style=\"color: #222222; font-family: helvetica, arial, sans-serif; font-size: 18px;\">El equipo de instructores y participantes egresados de las formaciones, ejecutaron los servicios con herramientas personales e institucionales desarrollando una labor social en pro del bienestar de los habitantes de las comunidades.<\/span><\/p>\n<p>&nbsp;<\/p>\n<p><img loading=\"lazy\" decoding=\"async\" class=\"aligncenter wp-image-70630 size-full\" src=\"https:\/\/inces.gob.ve\/wp-content\/uploads\/2026\/03\/ADICIONAL-2-e1773338891319.jpg\" alt=\"\" width=\"800\" height=\"475\" \/><\/p>\n<p style=\"text-align: justify;\"><span style=\"color: #222222; font-family: helvetica, arial, sans-serif; font-size: 18px;\">Matheus subrayo: \u201cEl Inces como instituci\u00f3n tiene 2 prop\u00f3sitos esenciales, primero, que el participante realice sus pr\u00e1cticas en tiempo real demostrando sus talentos y retribuyendo lo aprendido a las comunidades con labores sociales, segundo, aprovechamos el momento de ofertar nuestra maya curricular para que la comunidad se motive a inscribirse en las formaciones\u201d.<\/span><\/p>\n<p style=\"text-align: justify;\"><span style=\"color: #222222; font-family: helvetica, arial, sans-serif; font-size: 18px;\">Estas jornadas no solo representan un hito en la colaboraci\u00f3n entre Inces Trujillo y los consejos comunales, sino que reafirman el rol de la instituci\u00f3n en la transformaci\u00f3n social en la regi\u00f3n. <\/span><\/p>\n<p style=\"text-align: justify;\"><span style=\"color: #222222; font-family: helvetica, arial, sans-serif; font-size: 18px;\">Con relaci\u00f3n a la oferta de servicios formativos, se brind\u00f3 informaci\u00f3n a aproximadamente 500 personas. <\/span><\/p>\n<p style=\"text-align: justify;\">\n","protected":false},"excerpt":{"rendered":"<p>** La instituci\u00f3n prest\u00f3 los servicios de barber\u00eda, est\u00e9tica y manicura y ofert\u00f3 las distintas formaciones que se encuentran en el cat\u00e1logo educativo dispuesto para la regi\u00f3n<\/p>\n","protected":false},"author":15,"featured_media":70632,"comment_status":"closed","ping_status":"closed","sticky":false,"template":"","format":"standard","meta":{"footnotes":""},"categories":[2],"tags":[],"class_list":["post-70629","post","type-post","status-publish","format-standard","has-post-thumbnail","hentry","category-blog"],"_links":{"self":[{"href":"https:\/\/inces.gob.ve\/index.php\/wp-json\/wp\/v2\/posts\/70629","targetHints":{"allow":["GET"]}}],"collection":[{"href":"https:\/\/inces.gob.ve\/index.php\/wp-json\/wp\/v2\/posts"}],"about":[{"href":"https:\/\/inces.gob.ve\/index.php\/wp-json\/wp\/v2\/types\/post"}],"author":[{"embeddable":true,"href":"https:\/\/inces.gob.ve\/index.php\/wp-json\/wp\/v2\/users\/15"}],"replies":[{"embeddable":true,"href":"https:\/\/inces.gob.ve\/index.php\/wp-json\/wp\/v2\/comments?post=70629"}],"version-history":[{"count":3,"href":"https:\/\/inces.gob.ve\/index.php\/wp-json\/wp\/v2\/posts\/70629\/revisions"}],"predecessor-version":[{"id":70635,"href":"https:\/\/inces.gob.ve\/index.php\/wp-json\/wp\/v2\/posts\/70629\/revisions\/70635"}],"wp:featuredmedia":[{"embeddable":true,"href":"https:\/\/inces.gob.ve\/index.php\/wp-json\/wp\/v2\/media\/70632"}],"wp:attachment":[{"href":"https:\/\/inces.gob.ve\/index.php\/wp-json\/wp\/v2\/media?parent=70629"}],"wp:term":[{"taxonomy":"category","embeddable":true,"href":"https:\/\/inces.gob.ve\/index.php\/wp-json\/wp\/v2\/categories?post=70629"},{"taxonomy":"post_tag","embeddable":true,"href":"https:\/\/inces.gob.ve\/index.php\/wp-json\/wp\/v2\/tags?post=70629"}],"curies":[{"name":"wp","href":"https:\/\/api.w.org\/{rel}","templated":true}]}}