{"id":70636,"date":"2026-03-12T15:01:52","date_gmt":"2026-03-12T19:01:52","guid":{"rendered":"https:\/\/inces.gob.ve\/?p=70636"},"modified":"2026-03-13T10:26:46","modified_gmt":"2026-03-13T14:26:46","slug":"apure-el-inces-celebro-el-lunes-civico-especial-en-conmemoracion-al-dia-internacional-de-la-mujer","status":"publish","type":"post","link":"https:\/\/inces.gob.ve\/index.php\/2026\/03\/12\/apure-el-inces-celebro-el-lunes-civico-especial-en-conmemoracion-al-dia-internacional-de-la-mujer\/","title":{"rendered":"APURE | El Inces celebr\u00f3 el lunes c\u00edvico especial en conmemoraci\u00f3n al D\u00eda Internacional de la Mujer"},"content":{"rendered":"<p style=\"text-align: justify;\"><em><strong>**<span style=\"font-family: helvetica, arial, sans-serif; font-size: 18px;\"> Durante la actividad se cumplieron los honores a los s\u00edmbolos patrios, con la entonaci\u00f3n del Himno Nacional, el Himno del estado y el Himno del Inces.<\/span><\/strong><\/em><span style=\"font-family: helvetica, arial, sans-serif; font-size: 18px;\"><!--more--><\/span><\/p>\n<p>&nbsp;<\/p>\n<p style=\"text-align: justify;\"><span style=\"font-family: helvetica, arial, sans-serif; font-size: 18px;\">La gerencia del Instituto Nacional de Capacitaci\u00f3n y Educaci\u00f3n Socialista (Inces)\u00a0de Apure realiz\u00f3 un lunes c\u00edvico especial a prop\u00f3sito del D\u00eda Internacional de la Mujer.<\/span><\/p>\n<p>&nbsp;<\/p>\n<p style=\"text-align: justify;\"><span style=\"font-family: helvetica, arial, sans-serif; font-size: 18px;\">En el acto se mencionaron las efem\u00e9rides m\u00e1s relevantes de la semana. As\u00ed mismo, se hizo llegar el mensaje del Inces a todo el personal enalteciendo el rol que tiene la mujer dentro de la instituci\u00f3n y reconociendo todas las acciones y movimientos que han apoyado a la emancipaci\u00f3n de la mujer.<\/span><\/p>\n<p>&nbsp;<\/p>\n<p>&nbsp;<\/p>\n<p><img loading=\"lazy\" decoding=\"async\" class=\"aligncenter wp-image-70641 size-full\" src=\"https:\/\/inces.gob.ve\/wp-content\/uploads\/2026\/03\/INTERMEDIO-4-e1773411452520.jpg\" alt=\"\" width=\"800\" height=\"450\" \/><\/p>\n<p>&nbsp;<\/p>\n<p style=\"text-align: justify;\"><span style=\"font-family: helvetica, arial, sans-serif; font-size: 18px;\">La actividad central fue la personificaci\u00f3n por parte de las aprendices del Programa Nacional de Aprendizaje (PNA) de hero\u00ednas venezolanas como Juana Ram\u00edrez La Avanzadora, Josefa Camejo, La india, Mar\u00eda Laya y Trina Omaira,\u00a0<\/span><span style=\"font-family: helvetica, arial, sans-serif; font-size: 18px;\">El performance se desarroll\u00f3 con la finalidad de conmemorar a las mujeres de la patria que con sus acciones lucharon por romper moldes tradicionales que no daban paso a la lucha feminista.<\/span><\/p>\n<p>&nbsp;<\/p>\n<p style=\"text-align: justify;\"><span style=\"font-family: helvetica, arial, sans-serif; font-size: 18px;\">Para cerrar, se realiz\u00f3 un reconocimiento a las mujeres productivas del Inces a\u00a0trav\u00e9s de la maestra t\u00e9cnico productiva Gladys Silva, por su valent\u00eda, compromiso,\u00a0<\/span><span style=\"font-family: helvetica, arial, sans-serif; font-size: 18px;\">responsabilidad y vocaci\u00f3n.<\/span><\/p>\n","protected":false},"excerpt":{"rendered":"<p>** Durante la actividad se cumplieron los honores a los s\u00edmbolos patrios, con la entonaci\u00f3n del Himno Nacional, el Himno del estado y el Himno del Inces.<\/p>\n","protected":false},"author":15,"featured_media":70642,"comment_status":"closed","ping_status":"closed","sticky":false,"template":"","format":"standard","meta":{"footnotes":""},"categories":[2],"tags":[],"class_list":["post-70636","post","type-post","status-publish","format-standard","has-post-thumbnail","hentry","category-blog"],"_links":{"self":[{"href":"https:\/\/inces.gob.ve\/index.php\/wp-json\/wp\/v2\/posts\/70636","targetHints":{"allow":["GET"]}}],"collection":[{"href":"https:\/\/inces.gob.ve\/index.php\/wp-json\/wp\/v2\/posts"}],"about":[{"href":"https:\/\/inces.gob.ve\/index.php\/wp-json\/wp\/v2\/types\/post"}],"author":[{"embeddable":true,"href":"https:\/\/inces.gob.ve\/index.php\/wp-json\/wp\/v2\/users\/15"}],"replies":[{"embeddable":true,"href":"https:\/\/inces.gob.ve\/index.php\/wp-json\/wp\/v2\/comments?post=70636"}],"version-history":[{"count":4,"href":"https:\/\/inces.gob.ve\/index.php\/wp-json\/wp\/v2\/posts\/70636\/revisions"}],"predecessor-version":[{"id":70644,"href":"https:\/\/inces.gob.ve\/index.php\/wp-json\/wp\/v2\/posts\/70636\/revisions\/70644"}],"wp:featuredmedia":[{"embeddable":true,"href":"https:\/\/inces.gob.ve\/index.php\/wp-json\/wp\/v2\/media\/70642"}],"wp:attachment":[{"href":"https:\/\/inces.gob.ve\/index.php\/wp-json\/wp\/v2\/media?parent=70636"}],"wp:term":[{"taxonomy":"category","embeddable":true,"href":"https:\/\/inces.gob.ve\/index.php\/wp-json\/wp\/v2\/categories?post=70636"},{"taxonomy":"post_tag","embeddable":true,"href":"https:\/\/inces.gob.ve\/index.php\/wp-json\/wp\/v2\/tags?post=70636"}],"curies":[{"name":"wp","href":"https:\/\/api.w.org\/{rel}","templated":true}]}}