{"id":70695,"date":"2026-03-14T14:15:28","date_gmt":"2026-03-14T18:15:28","guid":{"rendered":"https:\/\/inces.gob.ve\/?p=70695"},"modified":"2026-03-16T12:04:44","modified_gmt":"2026-03-16T16:04:44","slug":"a-124-anos-del-natalicio-luis-beltran-prieto-figueroa-su-pensamiento-educativo-aun-es-una-reflexion-profunda","status":"publish","type":"post","link":"https:\/\/inces.gob.ve\/index.php\/2026\/03\/14\/a-124-anos-del-natalicio-luis-beltran-prieto-figueroa-su-pensamiento-educativo-aun-es-una-reflexion-profunda\/","title":{"rendered":"A 124 a\u00f1os del natalicio Luis Beltr\u00e1n Prieto Figueroa su pensamiento educativo a\u00fan es una reflexi\u00f3n profunda"},"content":{"rendered":"<h1 align=\"justify\"><em><span style=\"font-family: helvetica, arial, sans-serif; font-size: 18px;\">** Fundador del Inces, fundador del magisterio venezolano, actor pol\u00edtico, prolifico escritor, poeta y m\u00e1s<\/span><\/em><\/h1>\n<p><!--more--><\/p>\n<p>&nbsp;<\/p>\n<p align=\"justify\"><span style=\"font-family: helvetica, arial, sans-serif; font-size: 18px;\"><span style=\"color: #00000b;\"><b>DIMAS P\u00c1EZ<\/b><\/span><\/span><\/p>\n<p align=\"justify\"><span style=\"font-family: helvetica, arial, sans-serif; font-size: 18px;\">Nuestro personaje nace el 14 de marzo de 1902 en La Asunci\u00f3n, estado Nueva Esparta, proveniente de un n\u00facleo familiar humilde, pero con mucho principio y \u00e9tica, sus primeros estudios los realiz\u00f3 en su ciudad natal. Para finalizar sus estudios de bachillerato se traslad\u00f3 a Caracas, estamos hablando de <\/span><i style=\"font-family: helvetica, arial, sans-serif; font-size: 18px;\"><b>Luis Beltr\u00e1n Prieto Figueroa,<\/b><\/i><span style=\"font-family: helvetica, arial, sans-serif; font-size: 18px;\">\u00a0<\/span><i style=\"font-family: helvetica, arial, sans-serif; font-size: 18px;\"><b>el Maestro de Maestros<\/b><\/i><span style=\"font-family: helvetica, arial, sans-serif; font-size: 18px;\">.<\/span><\/p>\n<p align=\"justify\"><span style=\"font-family: helvetica, arial, sans-serif; font-size: 18px;\">En la ciudad capital trabaj\u00f3 como docente, fue profesor del Liceo Andr\u00e9s Bello y del Instituto Pedag\u00f3gico Nacional, afianzando su rol en la educaci\u00f3n y la pol\u00edtica nacional. Mientras trabajaba y estudi\u00f3 Derecho en la Universidad Central de Venezuela (UCV), donde se gradu\u00f3 como doctor en Ciencias Pol\u00edticas y Sociales en 1934.<\/span><\/p>\n<p align=\"justify\"><span style=\"font-family: helvetica, arial, sans-serif; font-size: 18px;\">Las ideas de Prieto Figueroa en la pol\u00edtica y pr\u00e1cticas educativas modernas, ilustradas mediante estudios, son un legado perdurable. Los desaf\u00edos y oportunidades actuales para aplicar sus ense\u00f1anzas en un contexto global en r\u00e1pida evoluci\u00f3n ofrecen recomendaciones para que educadores y legisladores utilicen eficazmente sus ideas al abordar los problemas educativos actuales.<\/span><\/p>\n<p align=\"justify\"><span style=\"font-family: helvetica, arial, sans-serif; font-size: 18px;\">Entendiendo el Humanismo Democr\u00e1tico de Prieto Figueroa, destacado educador y fil\u00f3sofo venezolano, dej\u00f3 una huella imborrable en el pensamiento educativo al defender el concepto de \u00abHumanismo Democr\u00e1tico\u00bb. Esta filosof\u00eda constituye la piedra angular de su ideolog\u00eda educativa, enfatizando el valor intr\u00ednseco de la educaci\u00f3n como un derecho humano fundamental y una herramienta esencial para fomentar la igualdad social.<\/span><\/p>\n<p align=\"justify\"><span style=\"font-family: helvetica, arial, sans-serif; font-size: 18px;\">La visi\u00f3n de Prieto Figueroa sobre la educaci\u00f3n trascendi\u00f3 los l\u00edmites tradicionales de la instrucci\u00f3n acad\u00e9mica. Para \u00e9l, la educaci\u00f3n era un proceso transformador que empoderaba a las personas para participar plenamente en la sociedad y contribuir significativamente en su desarrollo.<\/span><\/p>\n<p align=\"justify\"><span style=\"font-family: helvetica, arial, sans-serif; font-size: 18px;\">Prieto estaba convencido de que la educaci\u00f3n puede contribuir a la creaci\u00f3n de una sociedad m\u00e1s compasiva y equitativa al formar individuos integrales, capaces de tener un pensamiento cr\u00edtico, empat\u00eda y tomar decisiones \u00e9ticas.<\/span><\/p>\n<p align=\"justify\"><span style=\"font-family: helvetica, arial, sans-serif; font-size: 18px;\">El Maestro de Maestros fue el<\/span><span style=\"font-family: helvetica, arial, sans-serif; font-size: 18px;\"> creador del Instituto Nacional de Capacitaci\u00f3n y Educaci\u00f3n Socialista (Inces), siendo esta una instituci\u00f3n con bases firmes para la Formaci\u00f3n T\u00e9cnica Profesional en Venezuela. El Inces es considerado por muchos ciudadanos como \u201cla universidad del pueblo\u201d.<\/span><\/p>\n<p align=\"justify\"><span style=\"font-family: helvetica, arial, sans-serif; font-size: 18px;\"><span lang=\"es-VE\">Casi todos los venezolanos y venezolanas han tenido una vinculaci\u00f3n directa o indirectamente con las formaciones que imparte el Inces en todo el pa\u00eds por m\u00e1s de 66<\/span>\u00a0<span lang=\"es-VE\">a\u00f1os. Fundada el <\/span><strong>22 de agosto de 1959, <\/strong><span lang=\"es-VE\">hoy sus maestros representan a Prieto Figueroa cuando ense\u00f1an desde el aprender haciendo, y mantienen vivo su legado con las ense\u00f1anzas que le imparten a miles de personas todos los a\u00f1os, desde un enfoque humanista, transformador, productivo y revolucionario.<\/span><\/span><\/p>\n<p align=\"justify\"><span style=\"font-family: helvetica, arial, sans-serif; font-size: 18px;\">El legado de Prieto Figueroa sirve como recordatorio de que la educaci\u00f3n, cuando se aborda con equidad e inclusi\u00f3n, tiene el poder transformador de mejorar las sociedades. A medida que el mundo contin\u00faa evolucionando, sus ense\u00f1anzas ofrecen un modelo atemporal para superar los desaf\u00edos y construir un futuro m\u00e1s equitativo.<\/span><\/p>\n<p align=\"justify\"><span style=\"font-family: helvetica, arial, sans-serif; font-size: 18px;\">El Maestro de Maestros fallece el 22 de abril de 1993 y sus restos fueron trasladados al Pante\u00f3n Nacional el 16 de enero de 2025, donde reposa al lado de grandes hombres y mujeres que ha parido nuestra patria <b>Venezuela<\/b>.<\/span><\/p>\n","protected":false},"excerpt":{"rendered":"<p>** Fundador del Inces, fundador del magisterio venezolano, actor pol\u00edtico, prolifico escritor, poeta y m\u00e1s<\/p>\n","protected":false},"author":4,"featured_media":70696,"comment_status":"closed","ping_status":"closed","sticky":false,"template":"","format":"standard","meta":{"footnotes":""},"categories":[2],"tags":[],"class_list":["post-70695","post","type-post","status-publish","format-standard","has-post-thumbnail","hentry","category-blog"],"_links":{"self":[{"href":"https:\/\/inces.gob.ve\/index.php\/wp-json\/wp\/v2\/posts\/70695","targetHints":{"allow":["GET"]}}],"collection":[{"href":"https:\/\/inces.gob.ve\/index.php\/wp-json\/wp\/v2\/posts"}],"about":[{"href":"https:\/\/inces.gob.ve\/index.php\/wp-json\/wp\/v2\/types\/post"}],"author":[{"embeddable":true,"href":"https:\/\/inces.gob.ve\/index.php\/wp-json\/wp\/v2\/users\/4"}],"replies":[{"embeddable":true,"href":"https:\/\/inces.gob.ve\/index.php\/wp-json\/wp\/v2\/comments?post=70695"}],"version-history":[{"count":3,"href":"https:\/\/inces.gob.ve\/index.php\/wp-json\/wp\/v2\/posts\/70695\/revisions"}],"predecessor-version":[{"id":70710,"href":"https:\/\/inces.gob.ve\/index.php\/wp-json\/wp\/v2\/posts\/70695\/revisions\/70710"}],"wp:featuredmedia":[{"embeddable":true,"href":"https:\/\/inces.gob.ve\/index.php\/wp-json\/wp\/v2\/media\/70696"}],"wp:attachment":[{"href":"https:\/\/inces.gob.ve\/index.php\/wp-json\/wp\/v2\/media?parent=70695"}],"wp:term":[{"taxonomy":"category","embeddable":true,"href":"https:\/\/inces.gob.ve\/index.php\/wp-json\/wp\/v2\/categories?post=70695"},{"taxonomy":"post_tag","embeddable":true,"href":"https:\/\/inces.gob.ve\/index.php\/wp-json\/wp\/v2\/tags?post=70695"}],"curies":[{"name":"wp","href":"https:\/\/api.w.org\/{rel}","templated":true}]}}