{"id":70711,"date":"2026-03-16T12:11:21","date_gmt":"2026-03-16T16:11:21","guid":{"rendered":"https:\/\/inces.gob.ve\/?p=70711"},"modified":"2026-03-16T12:11:21","modified_gmt":"2026-03-16T16:11:21","slug":"yaracuy-inces-entrega-200-certificados-en-comunidad-las-americas","status":"publish","type":"post","link":"https:\/\/inces.gob.ve\/index.php\/2026\/03\/16\/yaracuy-inces-entrega-200-certificados-en-comunidad-las-americas\/","title":{"rendered":"YARACUY  | Inces entrega 200 certificados en comunidad Las Am\u00e9ricas"},"content":{"rendered":"<p style=\"font-weight: 400; text-align: justify;\"><strong><span style=\"font-family: helvetica, arial, sans-serif; font-size: 18px;\"><em>** Las egresadas de las diferentes unidades curriculares recibir\u00e1n orientaciones por parte de los entes correspondientes para optar a cr\u00e9ditos para emprendedores<\/em><\/span><\/strong><!--more--><\/p>\n<p>&nbsp;<\/p>\n<p style=\"font-weight: 400; text-align: justify;\"><span style=\"font-family: helvetica, arial, sans-serif; font-size: 18px;\"><strong>YOLAICE VARGAS<\/strong><\/span><\/p>\n<p style=\"font-weight: 400; text-align: justify;\"><span style=\"font-family: helvetica, arial, sans-serif; font-size: 18px;\">En la comunidad Las Am\u00e9ricas, municipio Ar\u00edstides Bastidas, el Instituto Nacional de Capacitaci\u00f3n y Educaci\u00f3n Socialista (Inces), regi\u00f3n Yaracuy, hizo entrega de 200 certificados en el marco del mes de la mujer.<\/span><\/p>\n<p>&nbsp;<\/p>\n<p><img loading=\"lazy\" decoding=\"async\" class=\"aligncenter wp-image-70715 \" src=\"https:\/\/inces.gob.ve\/wp-content\/uploads\/2026\/03\/1002458763_b0585ed793439418c3ecd1b6c0cc0bbb-12_3_2026-8_47_03-a.m.jpg\" alt=\"\" width=\"724\" height=\"543\" srcset=\"https:\/\/inces.gob.ve\/wp-content\/uploads\/2026\/03\/1002458763_b0585ed793439418c3ecd1b6c0cc0bbb-12_3_2026-8_47_03-a.m.jpg 1280w, https:\/\/inces.gob.ve\/wp-content\/uploads\/2026\/03\/1002458763_b0585ed793439418c3ecd1b6c0cc0bbb-12_3_2026-8_47_03-a.m-300x225.jpg 300w, https:\/\/inces.gob.ve\/wp-content\/uploads\/2026\/03\/1002458763_b0585ed793439418c3ecd1b6c0cc0bbb-12_3_2026-8_47_03-a.m-1024x768.jpg 1024w, https:\/\/inces.gob.ve\/wp-content\/uploads\/2026\/03\/1002458763_b0585ed793439418c3ecd1b6c0cc0bbb-12_3_2026-8_47_03-a.m-768x576.jpg 768w, https:\/\/inces.gob.ve\/wp-content\/uploads\/2026\/03\/1002458763_b0585ed793439418c3ecd1b6c0cc0bbb-12_3_2026-8_47_03-a.m-136x102.jpg 136w\" sizes=\"auto, (max-width: 724px) 100vw, 724px\" \/><\/p>\n<p style=\"font-weight: 400; text-align: justify;\"><span style=\"font-family: helvetica, arial, sans-serif; font-size: 18px;\">El acto de entrega estuvo encabezado por el gerente regional de la instituci\u00f3n, Dalvi Torrealba, acompa\u00f1ado por la jefe de talento humano, Maigualida M\u00e9ndez; el jefe de la Divisi\u00f3n de Formaci\u00f3n Profesional, Rafael Arias; la responsable regional de la Gran Misi\u00f3n Venezuela Mujer (GMVM), Fabiana Altuve;\u00a0\u00a0la legisladora y coordinadora del v\u00e9rtice N\u00b03 de la GMVM, Anyela Rangel; el concejal del municipio C\u00e9sar Valera.<\/span><\/p>\n<p>&nbsp;<\/p>\n<p><img loading=\"lazy\" decoding=\"async\" class=\"aligncenter wp-image-70712 size-full\" src=\"https:\/\/inces.gob.ve\/wp-content\/uploads\/2026\/03\/1002458647_3d0b27ac1e9dbbfe554c183419c19bd7-12_3_2026-8_47_57-a.m-e1773677303482.jpg\" alt=\"\" width=\"800\" height=\"557\" \/><\/p>\n<p style=\"font-weight: 400; text-align: justify;\"><span style=\"font-family: helvetica, arial, sans-serif; font-size: 18px;\">El titular de la instituci\u00f3n celebr\u00f3 el logro de cada uno de los participantes quienes aprendieron la t\u00e9cnica en cada una de las formaciones bajo la gu\u00eda de excelentes profesionales, quienes con empe\u00f1o, dedicaci\u00f3n y mucho amor impartieron los conocimientos a los j\u00f3venes y adultos que apostaron en el Inces para aprender una ocupaci\u00f3n productiva.<\/span><\/p>\n<p style=\"font-weight: 400; text-align: justify;\"><span style=\"font-family: helvetica, arial, sans-serif; font-size: 18px;\">Resalt\u00f3 adem\u00e1s la motivaci\u00f3n de cada uno y las ganas de superaci\u00f3n del pueblo patriota que lucha por un mejor futuro y es a trav\u00e9s del conocimiento y la pr\u00e1ctica de este que se puede lograr.<\/span><\/p>\n<p>&nbsp;<\/p>\n<p><img loading=\"lazy\" decoding=\"async\" class=\"alignnone size-medium wp-image-70713\" src=\"https:\/\/inces.gob.ve\/wp-content\/uploads\/2026\/03\/1002458630_05f1894599c466a2aaaebff7c01486b6-12_3_2026-8_49_50-a.m-e1773677366869-270x300.jpg\" alt=\"\" width=\"270\" height=\"300\" \/><\/p>\n<p style=\"font-weight: 400; text-align: justify;\"><span style=\"font-family: helvetica, arial, sans-serif; font-size: 18px;\">Por su parte la legisladora del CLEY Anyela Rangel, en su derecho de palabra inform\u00f3 que luego de una rueda de prensa con la primera combatiente del estado Karen Miguens, se dar\u00e1 inicio a un censo para todas las emprendedoras y a trav\u00e9s de los entes correspondientes se recibir\u00e1n orientaciones para optar a micro financiamientos.<\/span><\/p>\n<p style=\"font-weight: 400; text-align: justify;\"><span style=\"font-family: helvetica, arial, sans-serif; font-size: 18px;\">Por otro lado detall\u00f3 que gracias a los enlaces interinstitucionales ser\u00e1n tomadas en cuenta para participar en las ferias y expo ventas que se estar\u00e1n llevando a cabo en los 14 municipios de la entidad.<\/span><\/p>\n<p style=\"font-weight: 400; text-align: justify;\"><span style=\"font-family: helvetica, arial, sans-serif; font-size: 18px;\">Desde el Inces se sigue impulsando el motor productivo y empoderando a nuestras mujeres y hombres con herramientas para el futuro.<\/span><\/p>\n","protected":false},"excerpt":{"rendered":"<p>** Las egresadas de las diferentes unidades curriculares recibir\u00e1n orientaciones por parte de los entes correspondientes para optar a cr\u00e9ditos para emprendedores<\/p>\n","protected":false},"author":15,"featured_media":70714,"comment_status":"closed","ping_status":"closed","sticky":false,"template":"","format":"standard","meta":{"footnotes":""},"categories":[2],"tags":[],"class_list":["post-70711","post","type-post","status-publish","format-standard","has-post-thumbnail","hentry","category-blog"],"_links":{"self":[{"href":"https:\/\/inces.gob.ve\/index.php\/wp-json\/wp\/v2\/posts\/70711","targetHints":{"allow":["GET"]}}],"collection":[{"href":"https:\/\/inces.gob.ve\/index.php\/wp-json\/wp\/v2\/posts"}],"about":[{"href":"https:\/\/inces.gob.ve\/index.php\/wp-json\/wp\/v2\/types\/post"}],"author":[{"embeddable":true,"href":"https:\/\/inces.gob.ve\/index.php\/wp-json\/wp\/v2\/users\/15"}],"replies":[{"embeddable":true,"href":"https:\/\/inces.gob.ve\/index.php\/wp-json\/wp\/v2\/comments?post=70711"}],"version-history":[{"count":1,"href":"https:\/\/inces.gob.ve\/index.php\/wp-json\/wp\/v2\/posts\/70711\/revisions"}],"predecessor-version":[{"id":70716,"href":"https:\/\/inces.gob.ve\/index.php\/wp-json\/wp\/v2\/posts\/70711\/revisions\/70716"}],"wp:featuredmedia":[{"embeddable":true,"href":"https:\/\/inces.gob.ve\/index.php\/wp-json\/wp\/v2\/media\/70714"}],"wp:attachment":[{"href":"https:\/\/inces.gob.ve\/index.php\/wp-json\/wp\/v2\/media?parent=70711"}],"wp:term":[{"taxonomy":"category","embeddable":true,"href":"https:\/\/inces.gob.ve\/index.php\/wp-json\/wp\/v2\/categories?post=70711"},{"taxonomy":"post_tag","embeddable":true,"href":"https:\/\/inces.gob.ve\/index.php\/wp-json\/wp\/v2\/tags?post=70711"}],"curies":[{"name":"wp","href":"https:\/\/api.w.org\/{rel}","templated":true}]}}