{"id":70717,"date":"2026-03-16T12:17:58","date_gmt":"2026-03-16T16:17:58","guid":{"rendered":"https:\/\/inces.gob.ve\/?p=70717"},"modified":"2026-03-16T19:08:59","modified_gmt":"2026-03-16T23:08:59","slug":"en-lunes-civico-honran-simbolos-patrios-y-reconocen-aportes-de-la-mujer-venezolana","status":"publish","type":"post","link":"https:\/\/inces.gob.ve\/index.php\/2026\/03\/16\/en-lunes-civico-honran-simbolos-patrios-y-reconocen-aportes-de-la-mujer-venezolana\/","title":{"rendered":"FALC\u00d3N | En Lunes C\u00edvico honran s\u00edmbolos patrios y reconocen aportes de la mujer venezolana"},"content":{"rendered":"<p style=\"text-align: justify;\"><em><strong><span style=\"font-family: helvetica, arial, sans-serif; font-size: 18px;\">**Estudiantes del liceo Inces Falc\u00f3n en jornada c\u00edvica fortalecen la identidad nacional y reconocen las luchas femeninas<\/span><\/strong><\/em><!--more--><\/p>\n<p style=\"text-align: justify;\"><span style=\"font-family: helvetica, arial, sans-serif; font-size: 18px;\">MIRIAM GONZ\u00c1LEZ VILLARROEL.<\/span><\/p>\n<p style=\"text-align: justify;\"><span style=\"font-family: helvetica, arial, sans-serif; font-size: 18px;\">En los espacios del Instituto Nacional de Capacitaci\u00f3n y Educaci\u00f3n Socialista (Inces) en la ciudad de Santa Ana de Coro se congregaron estudiantes del Liceo Inces Falc\u00f3n, aprendices del Programa Nacional de Aprendizaje (PNA), participantes, maestros t\u00e9cnicos productivos y trabajadores para realizar el lunes c\u00edvico. Durante el acto, los asistentes rindieron honores a los s\u00edmbolos patrios y desarrollaron una programaci\u00f3n especial dedicada a conmemorar los aportes de las mujeres en la historia venezolana.<\/span><\/p>\n<p>&nbsp;<\/p>\n<p><img loading=\"lazy\" decoding=\"async\" class=\"aligncenter wp-image-70721 size-full\" src=\"https:\/\/inces.gob.ve\/wp-content\/uploads\/2026\/03\/000004-.jpg\" alt=\"\" width=\"800\" height=\"421\" srcset=\"https:\/\/inces.gob.ve\/wp-content\/uploads\/2026\/03\/000004-.jpg 800w, https:\/\/inces.gob.ve\/wp-content\/uploads\/2026\/03\/000004--300x158.jpg 300w, https:\/\/inces.gob.ve\/wp-content\/uploads\/2026\/03\/000004--768x404.jpg 768w\" sizes=\"auto, (max-width: 800px) 100vw, 800px\" \/><\/p>\n<p style=\"text-align: justify;\"><span style=\"font-family: helvetica, arial, sans-serif; font-size: 18px;\">La actividad organizada por los estudiantes del Liceo Inces Falc\u00f3n, inici\u00f3 con la entonaci\u00f3n del Himno Nacional, donde el estudiantado ratific\u00f3 su compromiso con los s\u00edmbolos patrios. Posteriormente, la directora del Liceo, Masly Espinoza, tom\u00f3 la palabra para disertar sobre la importancia de la igualdad de g\u00e9nero y el liderazgo femenino en los procesos productivos del estado Falc\u00f3n.<\/span><\/p>\n<p>&nbsp;<\/p>\n<p><img loading=\"lazy\" decoding=\"async\" class=\"aligncenter wp-image-70719 size-full\" src=\"https:\/\/inces.gob.ve\/wp-content\/uploads\/2026\/03\/0002-.jpg\" alt=\"\" width=\"800\" height=\"600\" srcset=\"https:\/\/inces.gob.ve\/wp-content\/uploads\/2026\/03\/0002-.jpg 800w, https:\/\/inces.gob.ve\/wp-content\/uploads\/2026\/03\/0002--300x225.jpg 300w, https:\/\/inces.gob.ve\/wp-content\/uploads\/2026\/03\/0002--768x576.jpg 768w, https:\/\/inces.gob.ve\/wp-content\/uploads\/2026\/03\/0002--136x102.jpg 136w\" sizes=\"auto, (max-width: 800px) 100vw, 800px\" \/><\/p>\n<p style=\"text-align: justify;\"><span style=\"font-family: helvetica, arial, sans-serif; font-size: 18px;\">\u00abEste encuentro permite fortalecer el sentido de pertenencia de nuestros j\u00f3venes y les ayuda en reconocer que la mujer es el pilar fundamental de la formaci\u00f3n t\u00e9cnica profesional en el pa\u00eds\u00bb.<\/span><\/p>\n<p>&nbsp;<\/p>\n<p style=\"text-align: justify;\"><span style=\"font-family: helvetica, arial, sans-serif; font-size: 18px;\">Por su parte, el estudiante Eduardo Acacio, manifest\u00f3: \u00abHoy recordamos que la patria se construye con disciplina y que el respeto a nuestras hero\u00ednas es parte del aprendizaje diario que recibimos en las aulas de clases\u00bb.<\/span><\/p>\n<p>&nbsp;<\/p>\n<p><img loading=\"lazy\" decoding=\"async\" class=\"aligncenter wp-image-70718 size-full\" src=\"https:\/\/inces.gob.ve\/wp-content\/uploads\/2026\/03\/0001.jpg\" alt=\"\" width=\"800\" height=\"684\" srcset=\"https:\/\/inces.gob.ve\/wp-content\/uploads\/2026\/03\/0001.jpg 800w, https:\/\/inces.gob.ve\/wp-content\/uploads\/2026\/03\/0001-300x257.jpg 300w, https:\/\/inces.gob.ve\/wp-content\/uploads\/2026\/03\/0001-768x657.jpg 768w\" sizes=\"auto, (max-width: 800px) 100vw, 800px\" \/><\/p>\n<p style=\"text-align: justify;\"><span style=\"font-family: helvetica, arial, sans-serif; font-size: 18px;\">El evento cerr\u00f3 con la entrega de presentes al personal femenino, como parte del reconocimiento de los j\u00f3venes quienes agradecieron el acompa\u00f1amiento del personal docente y administrativo del Inces.<\/span><\/p>\n","protected":false},"excerpt":{"rendered":"<p>**Estudiantes del liceo Inces Falc\u00f3n en jornada c\u00edvica fortalecen la identidad nacional y reconocen las luchas femeninas<\/p>\n","protected":false},"author":15,"featured_media":70720,"comment_status":"closed","ping_status":"closed","sticky":false,"template":"","format":"standard","meta":{"footnotes":""},"categories":[2],"tags":[],"class_list":["post-70717","post","type-post","status-publish","format-standard","has-post-thumbnail","hentry","category-blog"],"_links":{"self":[{"href":"https:\/\/inces.gob.ve\/index.php\/wp-json\/wp\/v2\/posts\/70717","targetHints":{"allow":["GET"]}}],"collection":[{"href":"https:\/\/inces.gob.ve\/index.php\/wp-json\/wp\/v2\/posts"}],"about":[{"href":"https:\/\/inces.gob.ve\/index.php\/wp-json\/wp\/v2\/types\/post"}],"author":[{"embeddable":true,"href":"https:\/\/inces.gob.ve\/index.php\/wp-json\/wp\/v2\/users\/15"}],"replies":[{"embeddable":true,"href":"https:\/\/inces.gob.ve\/index.php\/wp-json\/wp\/v2\/comments?post=70717"}],"version-history":[{"count":2,"href":"https:\/\/inces.gob.ve\/index.php\/wp-json\/wp\/v2\/posts\/70717\/revisions"}],"predecessor-version":[{"id":70756,"href":"https:\/\/inces.gob.ve\/index.php\/wp-json\/wp\/v2\/posts\/70717\/revisions\/70756"}],"wp:featuredmedia":[{"embeddable":true,"href":"https:\/\/inces.gob.ve\/index.php\/wp-json\/wp\/v2\/media\/70720"}],"wp:attachment":[{"href":"https:\/\/inces.gob.ve\/index.php\/wp-json\/wp\/v2\/media?parent=70717"}],"wp:term":[{"taxonomy":"category","embeddable":true,"href":"https:\/\/inces.gob.ve\/index.php\/wp-json\/wp\/v2\/categories?post=70717"},{"taxonomy":"post_tag","embeddable":true,"href":"https:\/\/inces.gob.ve\/index.php\/wp-json\/wp\/v2\/tags?post=70717"}],"curies":[{"name":"wp","href":"https:\/\/api.w.org\/{rel}","templated":true}]}}