{"id":70745,"date":"2026-03-16T14:15:29","date_gmt":"2026-03-16T18:15:29","guid":{"rendered":"https:\/\/inces.gob.ve\/?p=70745"},"modified":"2026-03-16T14:52:43","modified_gmt":"2026-03-16T18:52:43","slug":"bolivar-inces-fortalece-capacidades-tecnicas-de-mibiturven-para-potenciar-la-produccion-minera-en-bolivar","status":"publish","type":"post","link":"https:\/\/inces.gob.ve\/index.php\/2026\/03\/16\/bolivar-inces-fortalece-capacidades-tecnicas-de-mibiturven-para-potenciar-la-produccion-minera-en-bolivar\/","title":{"rendered":"BOL\u00cdVAR | Inces fortalece capacidades t\u00e9cnicas de Mibiturven para potenciar la producci\u00f3n minera en Bol\u00edvar"},"content":{"rendered":"<p style=\"font-weight: 400; text-align: justify;\"><span style=\"font-family: helvetica, arial, sans-serif; font-size: 18px;\"><em><strong>El Inces Bol\u00edvar realiz\u00f3 una visita t\u00e9cnica en la empresa Mibiturven llevando a cabo un proceso de caracterizaci\u00f3n exhaustivo de los trabajadores, para levantar la formaci\u00f3n t\u00e9cnica que permitir\u00e1 la elaboraci\u00f3n de dos nuevos programas formativos dise\u00f1ados especialmente para el \u00e1rea operativa de instituci\u00f3n<\/strong><\/em><!--more--><\/span><\/p>\n<p>&nbsp;<\/p>\n<p style=\"font-weight: 400; text-align: justify;\"><span style=\"font-family: helvetica, arial, sans-serif; font-size: 18px;\">Como parte de las nuevas estrategias de abordaje directo a las entidades de trabajo prioritarias en la regi\u00f3n, el Instituto Nacional de Capacitaci\u00f3n y Educaci\u00f3n Socialista (Inces) realiz\u00f3 una visita t\u00e9cnica a la empresa Mibiturven, ubicada en la comunidad de El Callao, pertenecientes al municipio que lleva el mismo nombre, dentro del estado Bol\u00edvar.<\/span><\/p>\n<p style=\"font-weight: 400; text-align: justify;\"><span style=\"font-family: helvetica, arial, sans-serif; font-size: 18px;\">El objetivo central de este encuentro fue el acompa\u00f1amiento, asesor\u00eda y dise\u00f1o de rutas formativas que permitir\u00e1n elevar las destrezas t\u00e9cnicas del talento humano de la empresa para optimizar sus procesos productivos.<\/span><\/p>\n<p style=\"font-weight: 400; text-align: justify;\"><span style=\"font-family: helvetica, arial, sans-serif; font-size: 18px;\">Durante la jornada, el equipo de formaci\u00f3n del Inces Bol\u00edvar llev\u00f3 a cabo un proceso exhaustivo de caracterizaci\u00f3n de los trabajadores, herramienta que fue clave en la construcci\u00f3n de los programas educativos que responder\u00e1n a las necesidades reales del sector.<\/span><\/p>\n<p style=\"font-weight: 400; text-align: justify;\"><span style=\"font-family: helvetica, arial, sans-serif; font-size: 18px;\">Asimismo, se realizaron entrevistas para la selecci\u00f3n de los maestros t\u00e9cnicos voluntarios (MTV), quienes ser\u00e1n los encargados de socializar el conocimiento desde la pr\u00e1ctica y la experiencia de los dos nuevos Programas de Formaci\u00f3n y Autoformaci\u00f3n Productiva (PFAP), siendo estos llamados Operaciones Mineras y Operaciones de Maquinarias Mineras, ambos enfocados en la eficiencia de los procesos de extracci\u00f3n, seguridad, manejo especializado y mantenimiento preventivo de equipos de miner\u00eda.<\/span><\/p>\n<p style=\"font-weight: 400; text-align: justify;\"><span style=\"font-family: helvetica, arial, sans-serif; font-size: 18px;\">La jefa de la Divisi\u00f3n de Formaci\u00f3n Profesional por parte del Inces Bol\u00edvar, Nubia Pereda, quien fue una de las encargadas de supervisar el proceso de caracterizaci\u00f3n de saberes dentro de la estatal, destaco:\u00bbNuestra meta es transformar la formaci\u00f3n en una herramienta directa para el incremento de la producci\u00f3n. Al acreditar los saberes de los trabajadores y estructurar nuevos programas, estamos consolidando la soberan\u00eda tecnol\u00f3gica de nuestras empresas b\u00e1sicas\u00bb durante la actividad.<\/span><\/p>\n<p style=\"font-weight: 400; text-align: justify;\"><span style=\"font-family: helvetica, arial, sans-serif; font-size: 18px;\">Con estas acciones, el Inces Bol\u00edvar reafirma su compromiso con el modelo Formar Produciendo, vinculando estrechamente la educaci\u00f3n t\u00e9cnica con las metas estrat\u00e9gicas de las empresas fundamentales de la regi\u00f3n.<\/span><\/p>\n","protected":false},"excerpt":{"rendered":"<p>El Inces Bol\u00edvar realiz\u00f3 una visita t\u00e9cnica en la empresa Mibiturven llevando a cabo un proceso de caracterizaci\u00f3n exhaustivo de los trabajadores, para levantar la formaci\u00f3n t\u00e9cnica que permitir\u00e1 la elaboraci\u00f3n de dos nuevos programas formativos dise\u00f1ados especialmente para el \u00e1rea operativa de instituci\u00f3n<\/p>\n","protected":false},"author":15,"featured_media":70746,"comment_status":"closed","ping_status":"closed","sticky":false,"template":"","format":"standard","meta":{"footnotes":""},"categories":[2],"tags":[],"class_list":["post-70745","post","type-post","status-publish","format-standard","has-post-thumbnail","hentry","category-blog"],"_links":{"self":[{"href":"https:\/\/inces.gob.ve\/index.php\/wp-json\/wp\/v2\/posts\/70745","targetHints":{"allow":["GET"]}}],"collection":[{"href":"https:\/\/inces.gob.ve\/index.php\/wp-json\/wp\/v2\/posts"}],"about":[{"href":"https:\/\/inces.gob.ve\/index.php\/wp-json\/wp\/v2\/types\/post"}],"author":[{"embeddable":true,"href":"https:\/\/inces.gob.ve\/index.php\/wp-json\/wp\/v2\/users\/15"}],"replies":[{"embeddable":true,"href":"https:\/\/inces.gob.ve\/index.php\/wp-json\/wp\/v2\/comments?post=70745"}],"version-history":[{"count":2,"href":"https:\/\/inces.gob.ve\/index.php\/wp-json\/wp\/v2\/posts\/70745\/revisions"}],"predecessor-version":[{"id":70748,"href":"https:\/\/inces.gob.ve\/index.php\/wp-json\/wp\/v2\/posts\/70745\/revisions\/70748"}],"wp:featuredmedia":[{"embeddable":true,"href":"https:\/\/inces.gob.ve\/index.php\/wp-json\/wp\/v2\/media\/70746"}],"wp:attachment":[{"href":"https:\/\/inces.gob.ve\/index.php\/wp-json\/wp\/v2\/media?parent=70745"}],"wp:term":[{"taxonomy":"category","embeddable":true,"href":"https:\/\/inces.gob.ve\/index.php\/wp-json\/wp\/v2\/categories?post=70745"},{"taxonomy":"post_tag","embeddable":true,"href":"https:\/\/inces.gob.ve\/index.php\/wp-json\/wp\/v2\/tags?post=70745"}],"curies":[{"name":"wp","href":"https:\/\/api.w.org\/{rel}","templated":true}]}}