{"id":70749,"date":"2026-03-16T14:58:28","date_gmt":"2026-03-16T18:58:28","guid":{"rendered":"https:\/\/inces.gob.ve\/?p=70749"},"modified":"2026-03-16T16:19:37","modified_gmt":"2026-03-16T20:19:37","slug":"amazonas-aprendices-inces-intercambiaron-saberes-y-experiencias-productivas","status":"publish","type":"post","link":"https:\/\/inces.gob.ve\/index.php\/2026\/03\/16\/amazonas-aprendices-inces-intercambiaron-saberes-y-experiencias-productivas\/","title":{"rendered":"AMAZONAS | Aprendices Inces intercambiaron saberes y experiencias productivas\u200e\u200e"},"content":{"rendered":"<div dir=\"auto\" style=\"text-align: justify;\"><span style=\"font-family: helvetica, arial, sans-serif; font-size: 18px;\"><em><strong>** J\u00f3venes del Programa Nacional de Aprendizaje expusieron sus avances\u00a0 te\u00f3ricos y pr\u00e1cticos alcanzados en diversas entidades de trabajo del estado<\/strong><\/em><\/span><\/div>\n<p style=\"text-align: justify;\"><span style=\"font-family: helvetica, arial, sans-serif; font-size: 18px;\"><!--more--><\/span><\/p>\n<div dir=\"auto\" style=\"text-align: justify;\"><\/div>\n<div dir=\"auto\" style=\"text-align: justify;\"><\/div>\n<div dir=\"auto\">\n<p><span style=\"font-family: helvetica, arial, sans-serif; font-size: 18px;\">F\u00c9LIX RUIZ<\/span><\/p>\n<div dir=\"auto\" style=\"text-align: justify;\"><span style=\"font-family: helvetica, arial, sans-serif; font-size: 18px;\">Como parte de las pol\u00edticas de formaci\u00f3n t\u00e9cnica profesional que impulsan el presidente del Inces, Wuikelman \u00c1ngel Paredes y el gerente regional Tom\u00e1s Vivas, se realiz\u00f3 un encuentro de intercambio de saberes, experiencias y conocimientos con los j\u00f3venes que forman parte del Programa Nacional de Aprendizaje (PNA) en el estado Amazonas. Esta actividad tuvo como objetivo principal que los aprendices hablaran sobre las experiencias vividas de manera te\u00f3rica y pr\u00e1ctica en las entidades de trabajo, manifestando los avances alcanzados en sus respectivos procesos formativos.\u200e<\/span><\/div>\n<\/div>\n<div dir=\"auto\" style=\"text-align: justify;\"><\/div>\n<div dir=\"auto\">\n<div dir=\"auto\"><img loading=\"lazy\" decoding=\"async\" class=\"aligncenter wp-image-70753 size-full\" src=\"https:\/\/inces.gob.ve\/wp-content\/uploads\/2026\/03\/1001425277-e1773687303923.jpg\" alt=\"\" width=\"800\" height=\"501\" \/><\/div>\n<div dir=\"auto\" style=\"text-align: justify;\"><span style=\"font-family: helvetica, arial, sans-serif; font-size: 18px;\">La actividad estuvo encabezada por el gerente regional del Inces Amazonas, quien ofreci\u00f3 las palabras de bienvenida a la juventud productiva; adem\u00e1s, exhort\u00f3 a continuar con su preparaci\u00f3n t\u00e9cnica. La jornada fue dirigida por la coordinadora del PNA), Yuslaisy Arena, junto a su equipo de trabajo.\u200e<\/span><\/div>\n<\/div>\n<div dir=\"auto\" style=\"text-align: justify;\"><\/div>\n<div dir=\"auto\"><img loading=\"lazy\" decoding=\"async\" class=\"aligncenter wp-image-70752 \" src=\"https:\/\/inces.gob.ve\/wp-content\/uploads\/2026\/03\/1001425278-e1773687342890.jpg\" alt=\"\" width=\"771\" height=\"453\" srcset=\"https:\/\/inces.gob.ve\/wp-content\/uploads\/2026\/03\/1001425278-e1773687342890.jpg 1080w, https:\/\/inces.gob.ve\/wp-content\/uploads\/2026\/03\/1001425278-e1773687342890-300x176.jpg 300w, https:\/\/inces.gob.ve\/wp-content\/uploads\/2026\/03\/1001425278-e1773687342890-1024x602.jpg 1024w, https:\/\/inces.gob.ve\/wp-content\/uploads\/2026\/03\/1001425278-e1773687342890-768x452.jpg 768w\" sizes=\"auto, (max-width: 771px) 100vw, 771px\" \/><\/div>\n<div dir=\"auto\">\n<div dir=\"auto\"><\/div>\n<div dir=\"auto\" style=\"text-align: justify;\"><span style=\"font-family: helvetica, arial, sans-serif; font-size: 18px;\">El gerente regional del Inces Amazonas, Tom\u00e1s Vivas, destac\u00f3 la importancia de estos espacios para el desarrollo del t\u00e9cnico. \u00abNuestra misi\u00f3n es garantizar que la juventud amazonense cuente con las herramientas t\u00e9cnicas necesarias para transformar la realidad productiva del pa\u00eds. Hoy vemos con orgullo c\u00f3mo estos aprendices se forman de manera t\u00e9cnica en su proceso formativo y todos somos testigos de eso\u00bb, mencion\u00f3 Vivas durante su intervenci\u00f3n.\u200e\u00a0<\/span><\/div>\n<div dir=\"auto\"><\/div>\n<\/div>\n<div dir=\"auto\" style=\"text-align: justify;\"><img loading=\"lazy\" decoding=\"async\" class=\"aligncenter wp-image-70750 size-full\" src=\"https:\/\/inces.gob.ve\/wp-content\/uploads\/2026\/03\/1001425276-e1773687402392.jpg\" alt=\"\" width=\"800\" height=\"522\" \/><\/div>\n<div dir=\"auto\">\n<div dir=\"auto\"><\/div>\n<div dir=\"auto\" style=\"text-align: justify;\"><span style=\"font-family: helvetica, arial, sans-serif; font-size: 18px;\">A este encuentro acudieron aprendices de las entidades de trabajo como son; Faima, Textiles Amazonas, Bloques y Agregados Amazonas, Servicios de Mantenimiento, Generales Amazonas, Alimentos Amazonas, Distribuidora de la Cruz y Lubricantes Amazonas, y representantes de la Asociaci\u00f3n Venezolana de Escuelas Cat\u00f3licas (AVEC). La jornada sirvi\u00f3 para dar la bienvenida a los nuevos aprendices, quienes iniciaron formalmente su trayecto formativo. \u200e\u200e<\/span><\/div>\n<\/div>\n","protected":false},"excerpt":{"rendered":"<p>** J\u00f3venes del Programa Nacional de Aprendizaje expusieron sus avances\u00a0 te\u00f3ricos y pr\u00e1cticos alcanzados en diversas entidades de trabajo del estado<\/p>\n","protected":false},"author":15,"featured_media":70751,"comment_status":"closed","ping_status":"closed","sticky":false,"template":"","format":"standard","meta":{"footnotes":""},"categories":[2],"tags":[],"class_list":["post-70749","post","type-post","status-publish","format-standard","has-post-thumbnail","hentry","category-blog"],"_links":{"self":[{"href":"https:\/\/inces.gob.ve\/index.php\/wp-json\/wp\/v2\/posts\/70749","targetHints":{"allow":["GET"]}}],"collection":[{"href":"https:\/\/inces.gob.ve\/index.php\/wp-json\/wp\/v2\/posts"}],"about":[{"href":"https:\/\/inces.gob.ve\/index.php\/wp-json\/wp\/v2\/types\/post"}],"author":[{"embeddable":true,"href":"https:\/\/inces.gob.ve\/index.php\/wp-json\/wp\/v2\/users\/15"}],"replies":[{"embeddable":true,"href":"https:\/\/inces.gob.ve\/index.php\/wp-json\/wp\/v2\/comments?post=70749"}],"version-history":[{"count":2,"href":"https:\/\/inces.gob.ve\/index.php\/wp-json\/wp\/v2\/posts\/70749\/revisions"}],"predecessor-version":[{"id":70755,"href":"https:\/\/inces.gob.ve\/index.php\/wp-json\/wp\/v2\/posts\/70749\/revisions\/70755"}],"wp:featuredmedia":[{"embeddable":true,"href":"https:\/\/inces.gob.ve\/index.php\/wp-json\/wp\/v2\/media\/70751"}],"wp:attachment":[{"href":"https:\/\/inces.gob.ve\/index.php\/wp-json\/wp\/v2\/media?parent=70749"}],"wp:term":[{"taxonomy":"category","embeddable":true,"href":"https:\/\/inces.gob.ve\/index.php\/wp-json\/wp\/v2\/categories?post=70749"},{"taxonomy":"post_tag","embeddable":true,"href":"https:\/\/inces.gob.ve\/index.php\/wp-json\/wp\/v2\/tags?post=70749"}],"curies":[{"name":"wp","href":"https:\/\/api.w.org\/{rel}","templated":true}]}}