{"id":71741,"date":"2026-04-27T13:47:15","date_gmt":"2026-04-27T17:47:15","guid":{"rendered":"https:\/\/inces.gob.ve\/?p=71741"},"modified":"2026-04-27T13:55:35","modified_gmt":"2026-04-27T17:55:35","slug":"cojedes-aristides-ramon-el-maestro-que-nunca-dejo-de-ser-alumno","status":"publish","type":"post","link":"https:\/\/inces.gob.ve\/index.php\/2026\/04\/27\/cojedes-aristides-ramon-el-maestro-que-nunca-dejo-de-ser-alumno\/","title":{"rendered":"COJEDES | Aristides Ram\u00f3n: El maestro que nunca dej\u00f3 de ser alumno"},"content":{"rendered":"<div id=\":158\" class=\"ii gt\">\n<div id=\":157\" class=\"a3s aiL\">\n<div id=\"avWBGd-20\">\n<div dir=\"ltr\">\n<div class=\"gmail_quote\">\n<div dir=\"ltr\">\n<div style=\"text-align: justify;\"><span style=\"font-family: helvetica, arial, sans-serif; font-size: 18px;\"><strong><i>** A sus 86 a\u00f1os, este baluarte de la educaci\u00f3n en Cojedes cambia la tiza y el borrador por circuitos de rob\u00f3tica y electr\u00f3nica en el Inces, demostrando que la curiosidad no tiene fecha de vencimiento.<\/i><\/strong><\/span><\/div>\n<div class=\"adL\" style=\"text-align: justify;\"><\/div>\n<\/div>\n<\/div>\n<\/div>\n<\/div>\n<\/div>\n<\/div>\n<p style=\"text-align: justify;\"><span style=\"font-family: helvetica, arial, sans-serif; font-size: 18px;\"><!--more--><\/span><\/p>\n<div id=\":15p\" class=\"hq gt\">\n<div style=\"text-align: justify;\"><\/div>\n<div><\/div>\n<div style=\"text-align: justify;\"><span style=\"font-family: helvetica, arial, sans-serif; font-size: 18px;\">NATALY REYES<\/span><\/div>\n<div style=\"text-align: justify;\"><span style=\"font-family: helvetica, arial, sans-serif; font-size: 18px;\">Hay manos que cuentan historias sin necesidad de palabras. Las de Aristides Ram\u00f3n Brizuela, nacido un 31 de agosto de 1939 en las tierras del Gu\u00e1rico, son manos que han sostenido libros bajo la lluvia, empujado bicicletas por caminos de tierra y, hoy, conectan cables con la precisi\u00f3n de quien est\u00e1 descubriendo el mundo por primera vez.<\/span><\/div>\n<div style=\"text-align: justify;\"><\/div>\n<div style=\"text-align: justify;\"><span style=\"font-family: helvetica, arial, sans-serif; font-size: 18px;\">Aristides no tuvo un camino f\u00e1cil. La orfandad lo alcanz\u00f3 a los dos a\u00f1os, dejando a su madre al mando de un hogar que sali\u00f3 adelante a fuerza de sacrificio. Fue ella quien, al mudarse a Cojedes en 1948, le dio el mandato que regir\u00e1 su vida: \u201cT\u00fa ser\u00e1s un hombre de provecho\u201d.<\/span><\/div>\n<div><\/div>\n<div><\/div>\n<div><img loading=\"lazy\" decoding=\"async\" class=\"aligncenter wp-image-71745 size-full\" src=\"https:\/\/inces.gob.ve\/wp-content\/uploads\/2026\/04\/Gemini_Generated_Image_x5465ex5465ex546-1-e1777311832543.png\" alt=\"\" width=\"800\" height=\"450\" \/><\/div>\n<div style=\"text-align: justify;\"><span style=\"font-family: helvetica, arial, sans-serif; font-size: 18px;\"><b>La escuela de los pies descalzos<\/b><\/span><\/div>\n<div style=\"text-align: justify;\"><span style=\"font-family: helvetica, arial, sans-serif; font-size: 18px;\">Su memoria es un archivo impecable. Recuerda con ternura a la maestra Josefina P\u00e9rez, quien le ense\u00f1\u00f3 lo b\u00e1sico a los 10 a\u00f1os, y relata con orgullo haber sido de los alumnos que estrenaron el Colegio Jos\u00e9 Antonio Anzo\u00e1tegui de Tinaquillo. Pero su verdadera prueba de fuego no fue como estudiante, sino como maestro rural.<\/span><\/div>\n<div style=\"text-align: justify;\"><span style=\"font-family: helvetica, arial, sans-serif; font-size: 18px;\">\u201cMi primer trabajo fue en El Amparo\u201d, rememora con una sonrisa melanc\u00f3lica. \u201cHab\u00eda que cruzar una quebrada todos los d\u00edas. Me quitaba los zapatos y las medias, me pon\u00eda los libros en la cabeza y pasaba el agua. Todo para ir a ense\u00f1ar a leer, devolviendo lo que una vez hicieron conmigo\u201d.<\/span><\/div>\n<div><\/div>\n<\/div>\n<div><\/div>\n<div><img loading=\"lazy\" decoding=\"async\" class=\"aligncenter wp-image-71743 size-full\" src=\"https:\/\/inces.gob.ve\/wp-content\/uploads\/2026\/04\/Gemini_Generated_Image_pikg0tpikg0tpikg-e1777311876370.png\" alt=\"\" width=\"800\" height=\"450\" \/><\/div>\n<div id=\":15p\" class=\"hq gt\">\n<div style=\"text-align: justify;\"><span style=\"font-family: helvetica, arial, sans-serif; font-size: 18px;\">Pas\u00f3 de las zonas frescas de Solano, donde sub\u00eda a pie hasta que logr\u00f3 comprar una bicicleta; hasta La Amarilla de Tinaquillo, Aristides recorri\u00f3 la geograf\u00eda cojede\u00f1a y la humana. En esos 35 kil\u00f3metros que caminaba para llegar a las aulas de La Amarilla, no solo encontr\u00f3 su vocaci\u00f3n, sino el amor: all\u00ed conoci\u00f3 a Felicita, \u201cla mujer m\u00e1s hermosa de Cojedes\u201d, su compa\u00f1era de vida por d\u00e9cadas y madre de sus tres hijos, quien parti\u00f3 hace tres a\u00f1os dejando un vac\u00edo que hoy Aristides llena con conocimiento.<\/span><\/div>\n<div style=\"text-align: justify;\"><span style=\"font-family: helvetica, arial, sans-serif; font-size: 18px;\"><b>El reencuentro con el aula: del pizarr\u00f3n al Arduino<\/b><\/span><\/div>\n<div style=\"text-align: justify;\"><span style=\"font-family: helvetica, arial, sans-serif; font-size: 18px;\">Tras jubilarse con 37 a\u00f1os de servicio, cualquiera pensar\u00eda en el descanso. Pero Aristides Ram\u00f3n no es un hombre de pausas. Hace dos a\u00f1os toc\u00f3 las puertas del Inces en Cojedes y, seg\u00fan sus palabras, fue como llegar a casa.<\/span><\/div>\n<div><\/div>\n<\/div>\n<div><\/div>\n<div><img loading=\"lazy\" decoding=\"async\" class=\"aligncenter wp-image-71744 size-full\" src=\"https:\/\/inces.gob.ve\/wp-content\/uploads\/2026\/04\/Gemini_Generated_Image_jxq53hjxq53hjxq5-e1777311911669.png\" alt=\"\" width=\"800\" height=\"450\" \/><\/div>\n<div id=\":15p\" class=\"hq gt\">\n<div style=\"text-align: justify;\"><span style=\"font-family: helvetica, arial, sans-serif; font-size: 18px;\">\u201cLlegu\u00e9 a los 86 a\u00f1os y recib\u00ed aprecio, respeto y, sobre todo, motivaci\u00f3n\u201d, cuenta mientras manipula componentes electr\u00f3nicos. En esta \u201cuniversidad peque\u00f1a\u00bb, como \u00e9l la llama, el viejo maestro de escuela rural se ha transformado en un aprendiz de la era digital. Ha pasado por formaciones de mec\u00e1nica, rob\u00f3tica, electricidad y electr\u00f3nica, actualmente, se forma como ensamblador de productos electr\u00f3nicos, a trav\u00e8s de la MTP Marisela Medina, su meta actual es clara: dominar el lenguaje de arduino, una tecnolog\u00eda que ya le pidi\u00f3 a su hija para seguir experimentando en casa.<\/span><\/div>\n<\/div>\n<div><\/div>\n<div><\/div>\n<div><img loading=\"lazy\" decoding=\"async\" class=\"aligncenter wp-image-71750 \" src=\"https:\/\/inces.gob.ve\/wp-content\/uploads\/2026\/04\/photo_2026-04-21_14-01-12-e1777312424257.jpg\" alt=\"\" width=\"417\" height=\"608\" \/><\/div>\n<div id=\":15p\" class=\"hq gt\">\n<div style=\"text-align: justify;\"><span style=\"font-family: helvetica, arial, sans-serif; font-size: 18px;\">Hoy, Aristides es capaz de reparar su propia licuadora, la bomba de agua o el televisor, pero su mayor satisfacci\u00f3n es ver a los j\u00f3venes formarse. \u201cAqu\u00ed est\u00e1 la Venezuela chiquita: turismo, textil, industria, construcci\u00f3n, comercio y servicio, j\u00f3venes que salen para la productividad del pa\u00eds\u201d.<\/span><\/div>\n<div style=\"text-align: justify;\"><span style=\"font-family: helvetica, arial, sans-serif; font-size: 18px;\"><b>Un mensaje para la posteridad<\/b><\/span><\/div>\n<div style=\"text-align: justify;\"><span style=\"font-family: helvetica, arial, sans-serif; font-size: 18px;\"><b><br \/>\n<\/b>Para el maestro Aristides, la edad es solo una cifra que palidece ante las ganas de aprender. Mientras camina por los pasillos del CFS \u00abBatalla de Taguanes\u00bb conocido como Inces Industrial,ubicado en la zona industrial de Tinaquillo,\u00a0 los estudiantes no solo le piden la bendici\u00f3n, como en aquellos tiempos de anta\u00f1o, sino que ven en \u00e9l un espejo de lo que significa ser un ciudadano \u00fatil.<\/span><\/div>\n<\/div>\n<div><\/div>\n<div><\/div>\n<div id=\":15p\" class=\"hq gt\">\n<div style=\"text-align: justify;\"><span style=\"font-family: helvetica, arial, sans-serif; font-size: 18px;\">\u201cInvito a la juventud a estudiar, a aprender todo lo que puedan\u201d, concluye con la autoridad que le dan sus a\u00f1os y su presente activo. Aristides Ram\u00f3n es la prueba viviente de que, mientras haya curiosidad en la mente y un sue\u00f1o en las manos, el aula de la vida nunca cierra sus puertas.<\/span><\/div>\n<div class=\"yj6qo\"><\/div>\n<div class=\"adL\"><\/div>\n<\/div>\n","protected":false},"excerpt":{"rendered":"<p>** A sus 86 a\u00f1os, este baluarte de la educaci\u00f3n en Cojedes cambia la tiza y el borrador por circuitos de rob\u00f3tica y electr\u00f3nica en el Inces, demostrando que la curiosidad no tiene fecha de vencimiento.<\/p>\n","protected":false},"author":15,"featured_media":71742,"comment_status":"closed","ping_status":"closed","sticky":false,"template":"","format":"standard","meta":{"footnotes":""},"categories":[2],"tags":[],"class_list":["post-71741","post","type-post","status-publish","format-standard","has-post-thumbnail","hentry","category-blog"],"_links":{"self":[{"href":"https:\/\/inces.gob.ve\/index.php\/wp-json\/wp\/v2\/posts\/71741","targetHints":{"allow":["GET"]}}],"collection":[{"href":"https:\/\/inces.gob.ve\/index.php\/wp-json\/wp\/v2\/posts"}],"about":[{"href":"https:\/\/inces.gob.ve\/index.php\/wp-json\/wp\/v2\/types\/post"}],"author":[{"embeddable":true,"href":"https:\/\/inces.gob.ve\/index.php\/wp-json\/wp\/v2\/users\/15"}],"replies":[{"embeddable":true,"href":"https:\/\/inces.gob.ve\/index.php\/wp-json\/wp\/v2\/comments?post=71741"}],"version-history":[{"count":5,"href":"https:\/\/inces.gob.ve\/index.php\/wp-json\/wp\/v2\/posts\/71741\/revisions"}],"predecessor-version":[{"id":71751,"href":"https:\/\/inces.gob.ve\/index.php\/wp-json\/wp\/v2\/posts\/71741\/revisions\/71751"}],"wp:featuredmedia":[{"embeddable":true,"href":"https:\/\/inces.gob.ve\/index.php\/wp-json\/wp\/v2\/media\/71742"}],"wp:attachment":[{"href":"https:\/\/inces.gob.ve\/index.php\/wp-json\/wp\/v2\/media?parent=71741"}],"wp:term":[{"taxonomy":"category","embeddable":true,"href":"https:\/\/inces.gob.ve\/index.php\/wp-json\/wp\/v2\/categories?post=71741"},{"taxonomy":"post_tag","embeddable":true,"href":"https:\/\/inces.gob.ve\/index.php\/wp-json\/wp\/v2\/tags?post=71741"}],"curies":[{"name":"wp","href":"https:\/\/api.w.org\/{rel}","templated":true}]}}