{"id":71773,"date":"2026-04-27T15:13:04","date_gmt":"2026-04-27T19:13:04","guid":{"rendered":"https:\/\/inces.gob.ve\/?p=71773"},"modified":"2026-04-27T15:15:03","modified_gmt":"2026-04-27T19:15:03","slug":"miranda-inces-y-sector-industrial-fortalecieron-alianza-textil","status":"publish","type":"post","link":"https:\/\/inces.gob.ve\/index.php\/2026\/04\/27\/miranda-inces-y-sector-industrial-fortalecieron-alianza-textil\/","title":{"rendered":"MIRANDA | Inces y Sector industrial fortalecieron alianza textil \u200e"},"content":{"rendered":"<p style=\"font-weight: 400; text-align: justify;\"><em><strong><span style=\"font-family: helvetica, arial, sans-serif; font-size: 18px;\">** Con las acciones tomadas se espera apoyar a los emprendedores mirandinos<\/span><\/strong><\/em><!--more--><\/p>\n<p style=\"font-weight: 400; text-align: justify;\"><span style=\"font-family: helvetica, arial, sans-serif; font-size: 18px;\">El Inces y la Hilandera del Complejo Industrial Tocome articularon planes de formaci\u00f3n t\u00e9cnica para emprendedores de las comunas. \u200e El jefe del \u00c1mbito de Formaci\u00f3n Comunas, Francisco M\u00e9ndez, y la jefa del Centro de F0rmaci\u00f3n Social (CFS) Industrial Textil Miranda, Eleonor Ram\u00edrez, visitaron la Hilandera ubicada en el Complejo Industrial Tocome para consolidar una alianza estrat\u00e9gica de producci\u00f3n nacional.<\/span><\/p>\n<p>&nbsp;<\/p>\n<p><img loading=\"lazy\" decoding=\"async\" class=\"aligncenter wp-image-71776 size-full\" src=\"https:\/\/inces.gob.ve\/wp-content\/uploads\/2026\/04\/photo_5138636376772381787_y-e1777317059695.jpg\" alt=\"\" width=\"800\" height=\"396\" \/><\/p>\n<p style=\"font-weight: 400; text-align: justify;\"><span style=\"font-family: helvetica, arial, sans-serif; font-size: 18px;\">El encuentro permiti\u00f3 establecer los mecanismos de formaci\u00f3n t\u00e9cnica dirigidos a los emprendedores de la zona, con el objetivo de integrar a las organizaciones populares en el ciclo productivo industrial del estado Miranda. \u200e<\/span><\/p>\n<p style=\"font-weight: 400; text-align: justify;\"><span style=\"font-family: helvetica, arial, sans-serif; font-size: 18px;\">La actividad sirvi\u00f3 para definir un cronograma de acompa\u00f1amiento permanente en los procesos de manufactura textil. Durante el recorrido, los representantes institucionales evaluaron las capacidades de la planta y la infraestructura disponible para el aprendizaje pr\u00e1ctico de los participantes.<\/span><\/p>\n<p>&nbsp;<\/p>\n<p style=\"font-weight: 400; text-align: justify;\"><img loading=\"lazy\" decoding=\"async\" class=\"aligncenter wp-image-71774 size-full\" src=\"https:\/\/inces.gob.ve\/wp-content\/uploads\/2026\/04\/photo_5138636376772381786_y-e1777317109333.jpg\" alt=\"\" width=\"800\" height=\"447\" \/><\/p>\n<p style=\"font-weight: 400; text-align: justify;\"><span style=\"font-family: helvetica, arial, sans-serif; font-size: 18px;\">El responsable regional del \u00c1mbito de Formaci\u00f3n Comunas, Francisco M\u00e9ndez, destac\u00f3 la importancia de esta uni\u00f3n. \u00abNuestra ruta se enfoca en brindar formaci\u00f3n t\u00e9cnica de alto nivel para emprendedores comunales, la integraci\u00f3n real de las comunas al ciclo productivo industrial y un acompa\u00f1amiento permanente en cada proceso\u00bb, afirm\u00f3 M\u00e9ndez durante la jornada de articulaci\u00f3n. \u200e<\/span><\/p>\n<p style=\"font-weight: 400; text-align: justify;\"><span style=\"font-family: helvetica, arial, sans-serif; font-size: 18px;\">Por su parte, el ingeniero de la Hilandera, Carlos Palencia, recibi\u00f3 a la delegaci\u00f3n para coordinar los aspectos t\u00e9cnicos del intercambio. Las autoridades presentes coincidieron en que la meta principal fue la dinamizaci\u00f3n del motor textil a trav\u00e9s de la educaci\u00f3n t\u00e9cnica profesional, lo cual garantiz\u00f3 que los proyectos de base cuenten con el respaldo industrial necesario para su sostenibilidad.\u00a0<\/span><\/p>\n","protected":false},"excerpt":{"rendered":"<p>** Con las acciones tomadas se espera apoyar a los emprendedores mirandinos<\/p>\n","protected":false},"author":15,"featured_media":71775,"comment_status":"closed","ping_status":"closed","sticky":false,"template":"","format":"standard","meta":{"footnotes":""},"categories":[2],"tags":[],"class_list":["post-71773","post","type-post","status-publish","format-standard","has-post-thumbnail","hentry","category-blog"],"_links":{"self":[{"href":"https:\/\/inces.gob.ve\/index.php\/wp-json\/wp\/v2\/posts\/71773","targetHints":{"allow":["GET"]}}],"collection":[{"href":"https:\/\/inces.gob.ve\/index.php\/wp-json\/wp\/v2\/posts"}],"about":[{"href":"https:\/\/inces.gob.ve\/index.php\/wp-json\/wp\/v2\/types\/post"}],"author":[{"embeddable":true,"href":"https:\/\/inces.gob.ve\/index.php\/wp-json\/wp\/v2\/users\/15"}],"replies":[{"embeddable":true,"href":"https:\/\/inces.gob.ve\/index.php\/wp-json\/wp\/v2\/comments?post=71773"}],"version-history":[{"count":3,"href":"https:\/\/inces.gob.ve\/index.php\/wp-json\/wp\/v2\/posts\/71773\/revisions"}],"predecessor-version":[{"id":71779,"href":"https:\/\/inces.gob.ve\/index.php\/wp-json\/wp\/v2\/posts\/71773\/revisions\/71779"}],"wp:featuredmedia":[{"embeddable":true,"href":"https:\/\/inces.gob.ve\/index.php\/wp-json\/wp\/v2\/media\/71775"}],"wp:attachment":[{"href":"https:\/\/inces.gob.ve\/index.php\/wp-json\/wp\/v2\/media?parent=71773"}],"wp:term":[{"taxonomy":"category","embeddable":true,"href":"https:\/\/inces.gob.ve\/index.php\/wp-json\/wp\/v2\/categories?post=71773"},{"taxonomy":"post_tag","embeddable":true,"href":"https:\/\/inces.gob.ve\/index.php\/wp-json\/wp\/v2\/tags?post=71773"}],"curies":[{"name":"wp","href":"https:\/\/api.w.org\/{rel}","templated":true}]}}