{"id":71780,"date":"2026-04-27T19:29:36","date_gmt":"2026-04-27T23:29:36","guid":{"rendered":"https:\/\/inces.gob.ve\/?p=71780"},"modified":"2026-04-28T07:53:25","modified_gmt":"2026-04-28T11:53:25","slug":"inces-se-reune-con-gremios-y-empresas-araguenas","status":"publish","type":"post","link":"https:\/\/inces.gob.ve\/index.php\/2026\/04\/27\/inces-se-reune-con-gremios-y-empresas-araguenas\/","title":{"rendered":"Inces se re\u00fane con gremios y empresas arag\u00fce\u00f1as"},"content":{"rendered":"<div class=\"Transition MessageList custom-scroll no-avatars with-default-bg scrolled with-bottom-snap\" data-normal-height=\"597.59375\">\n<div class=\"Transition_slide Transition_slide-active\">\n<div class=\"messages-container\">\n<div class=\"message-date-group\">\n<div id=\"message-26026\" class=\"shown open Message message-list-item first-in-group allow-selection last-in-group last-in-list own\" data-message-id=\"26026\">\n<div class=\"message-content-wrapper can-select-text\">\n<div class=\"message-content peer-color-count-1 text has-shadow has-solid-background has-appendix has-footer\" dir=\"auto\">\n<div class=\"content-inner\" dir=\"auto\">\n<div class=\"text-content clearfix with-meta with-outgoing-icon\" dir=\"auto\" style=\"text-align: justify;\"><em><strong><span style=\"font-family: helvetica, arial, sans-serif; font-size: 18px;\">** El Inces ofert\u00f3 en Maracay un plan para ofrecer formaci\u00f3n y certificaci\u00f3n a trabajadores mediante alianzas con gremios empresariales<\/span><\/strong><\/em><\/div>\n<\/div>\n<\/div>\n<\/div>\n<\/div>\n<\/div>\n<\/div>\n<\/div>\n<\/div>\n<p><!--more--><\/p>\n<div dir=\"auto\"><\/div>\n<div dir=\"auto\"><\/div>\n<div dir=\"auto\"><span style=\"font-family: helvetica, arial, sans-serif;\"><strong>L. TOVAR<\/strong><\/span><\/div>\n<div class=\"Transition MessageList custom-scroll no-avatars with-default-bg scrolled with-bottom-snap\" data-normal-height=\"597.59375\">\n<div class=\"Transition_slide Transition_slide-active\">\n<div class=\"messages-container\">\n<div class=\"message-date-group\">\n<div id=\"message-26026\" class=\"shown open Message message-list-item first-in-group allow-selection last-in-group last-in-list own\" data-message-id=\"26026\">\n<div class=\"message-content-wrapper can-select-text\">\n<div class=\"message-content peer-color-count-1 text has-shadow has-solid-background has-appendix has-footer\" dir=\"auto\">\n<div class=\"content-inner\" dir=\"auto\">\n<div class=\"text-content clearfix with-meta with-outgoing-icon\" dir=\"auto\" style=\"text-align: justify;\"><span style=\"font-family: helvetica, arial, sans-serif; font-size: 18px;\">El Instituto Nacional de Capacitaci\u00f3n y Educaci\u00f3n Socialista (Inces) dio continuidad hoy a una nueva estrategia de vinculaci\u00f3n con el sector productivo del pa\u00eds, desplegando dos jornadas en el estado Aragua para acercar sus programas formativos y herramientas de certificaci\u00f3n a empresarios y trabajadores.<\/span><\/div>\n<div dir=\"auto\"><\/div>\n<div class=\"text-content clearfix with-meta with-outgoing-icon\" dir=\"auto\" style=\"text-align: justify;\">\n<p><img loading=\"lazy\" decoding=\"async\" class=\"aligncenter wp-image-71789 size-full\" src=\"https:\/\/inces.gob.ve\/wp-content\/uploads\/2026\/04\/WhatsApp-Image-2026-04-27-at-3.24.23-PM.jpeg\" alt=\"\" width=\"1000\" height=\"750\" srcset=\"https:\/\/inces.gob.ve\/wp-content\/uploads\/2026\/04\/WhatsApp-Image-2026-04-27-at-3.24.23-PM.jpeg 1000w, https:\/\/inces.gob.ve\/wp-content\/uploads\/2026\/04\/WhatsApp-Image-2026-04-27-at-3.24.23-PM-300x225.jpeg 300w, https:\/\/inces.gob.ve\/wp-content\/uploads\/2026\/04\/WhatsApp-Image-2026-04-27-at-3.24.23-PM-768x576.jpeg 768w, https:\/\/inces.gob.ve\/wp-content\/uploads\/2026\/04\/WhatsApp-Image-2026-04-27-at-3.24.23-PM-136x102.jpeg 136w\" sizes=\"auto, (max-width: 1000px) 100vw, 1000px\" \/><\/p>\n<p><span style=\"font-family: helvetica, arial, sans-serif; font-size: 18px;\">La actividad, liderada por el equipo de Caracas a cargo del director del despacho Alfredo Carquez, se realiz\u00f3 en la ciudad de Maracay con el objetivo de identificar necesidades concretas del tejido empresarial y ofrecer las capacidades t\u00e9cnicas del Inces. <\/span><\/p>\n<p><span style=\"font-family: helvetica, arial, sans-serif; font-size: 18px;\">Durante la ma\u00f1ana, m\u00e1s de 50 representantes de asociaciones gremiales de los sectores industrial, comercial y de servicios participaron en un encuentro donde se present\u00f3 la propuesta del nuevo relacionamiento, basada en diagnosticar requerimientos de formaci\u00f3n t\u00e9cnico-productiva a trav\u00e9s de los gremios.<\/span><\/p>\n<\/div>\n<div dir=\"auto\"><\/div>\n<div class=\"text-content clearfix with-meta with-outgoing-icon\" dir=\"auto\" style=\"text-align: justify;\">\n<p><img loading=\"lazy\" decoding=\"async\" class=\"aligncenter wp-image-71782 size-full\" src=\"https:\/\/inces.gob.ve\/wp-content\/uploads\/2026\/04\/WhatsApp-Image-2026-04-27-at-3.24.28-PM.jpeg\" alt=\"\" width=\"1080\" height=\"810\" srcset=\"https:\/\/inces.gob.ve\/wp-content\/uploads\/2026\/04\/WhatsApp-Image-2026-04-27-at-3.24.28-PM.jpeg 1080w, https:\/\/inces.gob.ve\/wp-content\/uploads\/2026\/04\/WhatsApp-Image-2026-04-27-at-3.24.28-PM-300x225.jpeg 300w, https:\/\/inces.gob.ve\/wp-content\/uploads\/2026\/04\/WhatsApp-Image-2026-04-27-at-3.24.28-PM-1024x768.jpeg 1024w, https:\/\/inces.gob.ve\/wp-content\/uploads\/2026\/04\/WhatsApp-Image-2026-04-27-at-3.24.28-PM-768x576.jpeg 768w, https:\/\/inces.gob.ve\/wp-content\/uploads\/2026\/04\/WhatsApp-Image-2026-04-27-at-3.24.28-PM-136x102.jpeg 136w\" sizes=\"auto, (max-width: 1080px) 100vw, 1080px\" \/><\/p>\n<p><span style=\"font-family: helvetica, arial, sans-serif; font-size: 18px;\">En la tarde, se realiz\u00f3 una segunda sesi\u00f3n con 34 empresarios de los rubros agroindustrial, log\u00edstico, agr\u00edcola y hotelero\u2013tur\u00edstico, ampliando el espectro de interlocuci\u00f3n directa. En total, 84 gremialista asistieron a las dos actividades, seg\u00fan el resumen oficial del evento.<\/span><\/p>\n<p><span style=\"font-family: helvetica, arial, sans-serif; font-size: 18px;\">Entre las figuras gremiales presentes destacaron Francesco Pizzi y Florimar Ontivero (Fedeindustria), Ernesto Tarcani (C\u00e1mara Bolivariana de Industria y Comercio), Edgardo Lali y Vanesa Fern\u00e1ndez (C\u00e1mara de Comercio), Regul\u00f3 Castellanos (Peque\u00f1a y Mediana Industria) y Fidel Barrios (C\u00e1mara de Construcci\u00f3n).<\/span><\/p>\n<\/div>\n<div class=\"text-content clearfix with-meta with-outgoing-icon\" dir=\"auto\" style=\"text-align: justify;\">\n<p><img loading=\"lazy\" decoding=\"async\" class=\"aligncenter wp-image-71791 size-full\" src=\"https:\/\/inces.gob.ve\/wp-content\/uploads\/2026\/04\/Captura-de-pantalla-2026-04-27-192644.png\" alt=\"\" width=\"899\" height=\"432\" srcset=\"https:\/\/inces.gob.ve\/wp-content\/uploads\/2026\/04\/Captura-de-pantalla-2026-04-27-192644.png 899w, https:\/\/inces.gob.ve\/wp-content\/uploads\/2026\/04\/Captura-de-pantalla-2026-04-27-192644-300x144.png 300w, https:\/\/inces.gob.ve\/wp-content\/uploads\/2026\/04\/Captura-de-pantalla-2026-04-27-192644-768x369.png 768w\" sizes=\"auto, (max-width: 899px) 100vw, 899px\" \/><\/p>\n<p><span style=\"font-family: helvetica, arial, sans-serif; font-size: 18px;\">El Inces enfatiz\u00f3 que la certificaci\u00f3n de competencias y la formaci\u00f3n de formadores son ejes centrales de esta estrategia. \u201cProporcionamos a las empresas un instrumento para certificar a sus trabajadores con capacidades t\u00e9cnico-productivas, y a la vez dotamos a esos trabajadores de una metodolog\u00eda para multiplicar el conocimiento\u201d, explic\u00f3 el equipo del Inces durante las jornadas.<\/span><\/p>\n<\/div>\n<div dir=\"auto\"><\/div>\n<div class=\"text-content clearfix with-meta with-outgoing-icon\" dir=\"auto\" style=\"text-align: justify;\">\n<p><span style=\"font-family: helvetica, arial, sans-serif; font-size: 18px;\"><img loading=\"lazy\" decoding=\"async\" class=\"aligncenter wp-image-71788 size-full\" src=\"https:\/\/inces.gob.ve\/wp-content\/uploads\/2026\/04\/WhatsApp-Image-2026-04-27-at-3.24.23-PM-1.jpeg\" alt=\"\" width=\"1000\" height=\"750\" srcset=\"https:\/\/inces.gob.ve\/wp-content\/uploads\/2026\/04\/WhatsApp-Image-2026-04-27-at-3.24.23-PM-1.jpeg 1000w, https:\/\/inces.gob.ve\/wp-content\/uploads\/2026\/04\/WhatsApp-Image-2026-04-27-at-3.24.23-PM-1-300x225.jpeg 300w, https:\/\/inces.gob.ve\/wp-content\/uploads\/2026\/04\/WhatsApp-Image-2026-04-27-at-3.24.23-PM-1-768x576.jpeg 768w, https:\/\/inces.gob.ve\/wp-content\/uploads\/2026\/04\/WhatsApp-Image-2026-04-27-at-3.24.23-PM-1-136x102.jpeg 136w\" sizes=\"auto, (max-width: 1000px) 100vw, 1000px\" \/> <\/span><\/p>\n<p><span style=\"font-family: helvetica, arial, sans-serif; font-size: 18px;\">La meta es que los gremios act\u00faen como canales para permear la informaci\u00f3n hacia sus empresas asociadas y as\u00ed escalar el impacto de la formaci\u00f3n en el pa\u00eds.<\/span><\/p>\n<\/div>\n<\/div>\n<\/div>\n<\/div>\n<\/div>\n<\/div>\n<\/div>\n<\/div>\n<\/div>\n","protected":false},"excerpt":{"rendered":"<p>** El Inces ofert\u00f3 en Maracay un plan para ofrecer formaci\u00f3n y certificaci\u00f3n a trabajadores mediante alianzas con gremios empresariales<\/p>\n","protected":false},"author":4,"featured_media":71781,"comment_status":"closed","ping_status":"closed","sticky":false,"template":"","format":"standard","meta":{"footnotes":""},"categories":[2],"tags":[],"class_list":["post-71780","post","type-post","status-publish","format-standard","has-post-thumbnail","hentry","category-blog"],"_links":{"self":[{"href":"https:\/\/inces.gob.ve\/index.php\/wp-json\/wp\/v2\/posts\/71780","targetHints":{"allow":["GET"]}}],"collection":[{"href":"https:\/\/inces.gob.ve\/index.php\/wp-json\/wp\/v2\/posts"}],"about":[{"href":"https:\/\/inces.gob.ve\/index.php\/wp-json\/wp\/v2\/types\/post"}],"author":[{"embeddable":true,"href":"https:\/\/inces.gob.ve\/index.php\/wp-json\/wp\/v2\/users\/4"}],"replies":[{"embeddable":true,"href":"https:\/\/inces.gob.ve\/index.php\/wp-json\/wp\/v2\/comments?post=71780"}],"version-history":[{"count":5,"href":"https:\/\/inces.gob.ve\/index.php\/wp-json\/wp\/v2\/posts\/71780\/revisions"}],"predecessor-version":[{"id":71796,"href":"https:\/\/inces.gob.ve\/index.php\/wp-json\/wp\/v2\/posts\/71780\/revisions\/71796"}],"wp:featuredmedia":[{"embeddable":true,"href":"https:\/\/inces.gob.ve\/index.php\/wp-json\/wp\/v2\/media\/71781"}],"wp:attachment":[{"href":"https:\/\/inces.gob.ve\/index.php\/wp-json\/wp\/v2\/media?parent=71780"}],"wp:term":[{"taxonomy":"category","embeddable":true,"href":"https:\/\/inces.gob.ve\/index.php\/wp-json\/wp\/v2\/categories?post=71780"},{"taxonomy":"post_tag","embeddable":true,"href":"https:\/\/inces.gob.ve\/index.php\/wp-json\/wp\/v2\/tags?post=71780"}],"curies":[{"name":"wp","href":"https:\/\/api.w.org\/{rel}","templated":true}]}}