{"id":71797,"date":"2026-04-28T14:23:22","date_gmt":"2026-04-28T18:23:22","guid":{"rendered":"https:\/\/inces.gob.ve\/?p=71797"},"modified":"2026-04-28T14:25:36","modified_gmt":"2026-04-28T18:25:36","slug":"bolivar-emprensa-sky-lubricantes-e-inces-establecen-alianza-para-fortalecer-el-sector-mecanico-en-guayana","status":"publish","type":"post","link":"https:\/\/inces.gob.ve\/index.php\/2026\/04\/28\/bolivar-emprensa-sky-lubricantes-e-inces-establecen-alianza-para-fortalecer-el-sector-mecanico-en-guayana\/","title":{"rendered":"BOL\u00cdVAR | Emprensa Sky Lubricantes e Inces establecen alianza para fortalecer el sector mec\u00e1nico en Guayana."},"content":{"rendered":"<p style=\"text-align: justify;\"><span style=\"font-family: helvetica, arial, sans-serif; font-size: 18px;\"><b><i>** Con el objetivo de potenciar el desarrollo industrial y la capacitaci\u00f3n t\u00e9cnica en la regi\u00f3n, representantes de la empresa Sky Lubricantes y del centro de formaci\u00f3n Inces Bol\u00edvar formalizaron una alianza estrat\u00e9gica para impulsar el crecimiento profesional de los mec\u00e1nicos y especialistas locales en el municipio Caron\u00ed<\/i><\/b><!--more--><\/span><\/p>\n<p style=\"text-align: justify;\"><span style=\"font-family: helvetica, arial, sans-serif; font-size: 18px;\"><b><i>\u00a0<\/i><\/b><\/span><\/p>\n<p style=\"text-align: justify;\"><span style=\"font-family: helvetica, arial, sans-serif; font-size: 18px;\">Mediante esta cooperaci\u00f3n institucional se dio inicio a la primera formaci\u00f3n en Sistemas de Lubricaci\u00f3n y Enfriamiento, Combustible Automotriz y Medios de Transporte Terrestre\u201d en la sede del Centro de Formaic\u00f1on Socialista Manuel Piar del Inces, en el sector Altavista de Ciudad Guayana, destinados a la formaci\u00f3n t\u00e9cnica de especialistas del sector mec\u00e1nico en el estado Bol\u00edvar.<\/span><\/p>\n<p>&nbsp;<\/p>\n<p style=\"text-align: justify;\"><span style=\"font-family: helvetica, arial, sans-serif; font-size: 18px;\">El acuerdo inici\u00f3 formalmente con la ejecuci\u00f3n de la primera formaci\u00f3n antes descrita, la cual se basa en un programa dise\u00f1ado para actualizar conocimientos bajo est\u00e1ndares de alta calidad t\u00e9cnica. Esta iniciativa busca proporcionar herramientas especializadas al talento humano del estado Bol\u00edvar, permitiendo una ejecuci\u00f3n m\u00e1s eficiente en los procesos de mantenimiento y operatividad mec\u00e1nica.<\/span><\/p>\n<p>&nbsp;<\/p>\n<p style=\"text-align: justify;\"><img loading=\"lazy\" decoding=\"async\" class=\"aligncenter wp-image-71799 \" src=\"https:\/\/inces.gob.ve\/wp-content\/uploads\/2026\/04\/3.-sky-e1777400569392.jpeg\" alt=\"\" width=\"514\" height=\"631\" \/><\/p>\n<p style=\"text-align: justify;\"><span style=\"font-family: helvetica, arial, sans-serif; font-size: 18px;\">De acuerdo con las autoridades de ambas instituciones, este convenio representa el punto de partida de una serie de proyectos formativos que pretenden fortalecer el tejido industrial regional. El plan de trabajo conjunto se enfoca en tres ejes fundamentales: la capacitaci\u00f3n t\u00e9cnica avanzada, el fomento de la productividad local y la creaci\u00f3n de nuevas oportunidades de inserci\u00f3n o mejora laboral para los participantes.<\/span><\/p>\n<p>&nbsp;<\/p>\n<p style=\"text-align: justify;\"><span style=\"font-family: helvetica, arial, sans-serif; font-size: 18px;\">\u00abEste esfuerzo compartido entre el sector privado y el Inces permite que la formaci\u00f3n profesional responda a las demandas reales del mercado industrial\u00bb, se\u00f1alaron los voceros durante el encuentro. Con este tipo de sinergias, se busca consolidar un modelo de aprendizaje continuo que contribuya directamente al desarrollo econ\u00f3mico de Ciudad Guayana y sus zonas de influencia.<\/span><\/p>\n","protected":false},"excerpt":{"rendered":"<p>** Con el objetivo de potenciar el desarrollo industrial y la capacitaci\u00f3n t\u00e9cnica en la regi\u00f3n, representantes de la empresa Sky Lubricantes y del centro de formaci\u00f3n Inces Bol\u00edvar formalizaron una alianza estrat\u00e9gica para impulsar el crecimiento profesional de los mec\u00e1nicos y especialistas locales en el municipio Caron\u00ed<\/p>\n","protected":false},"author":15,"featured_media":71798,"comment_status":"closed","ping_status":"closed","sticky":false,"template":"","format":"standard","meta":{"footnotes":""},"categories":[2],"tags":[],"class_list":["post-71797","post","type-post","status-publish","format-standard","has-post-thumbnail","hentry","category-blog"],"_links":{"self":[{"href":"https:\/\/inces.gob.ve\/index.php\/wp-json\/wp\/v2\/posts\/71797","targetHints":{"allow":["GET"]}}],"collection":[{"href":"https:\/\/inces.gob.ve\/index.php\/wp-json\/wp\/v2\/posts"}],"about":[{"href":"https:\/\/inces.gob.ve\/index.php\/wp-json\/wp\/v2\/types\/post"}],"author":[{"embeddable":true,"href":"https:\/\/inces.gob.ve\/index.php\/wp-json\/wp\/v2\/users\/15"}],"replies":[{"embeddable":true,"href":"https:\/\/inces.gob.ve\/index.php\/wp-json\/wp\/v2\/comments?post=71797"}],"version-history":[{"count":3,"href":"https:\/\/inces.gob.ve\/index.php\/wp-json\/wp\/v2\/posts\/71797\/revisions"}],"predecessor-version":[{"id":71802,"href":"https:\/\/inces.gob.ve\/index.php\/wp-json\/wp\/v2\/posts\/71797\/revisions\/71802"}],"wp:featuredmedia":[{"embeddable":true,"href":"https:\/\/inces.gob.ve\/index.php\/wp-json\/wp\/v2\/media\/71798"}],"wp:attachment":[{"href":"https:\/\/inces.gob.ve\/index.php\/wp-json\/wp\/v2\/media?parent=71797"}],"wp:term":[{"taxonomy":"category","embeddable":true,"href":"https:\/\/inces.gob.ve\/index.php\/wp-json\/wp\/v2\/categories?post=71797"},{"taxonomy":"post_tag","embeddable":true,"href":"https:\/\/inces.gob.ve\/index.php\/wp-json\/wp\/v2\/tags?post=71797"}],"curies":[{"name":"wp","href":"https:\/\/api.w.org\/{rel}","templated":true}]}}