{"id":71812,"date":"2026-04-28T15:35:35","date_gmt":"2026-04-28T19:35:35","guid":{"rendered":"https:\/\/inces.gob.ve\/?p=71812"},"modified":"2026-04-28T15:52:48","modified_gmt":"2026-04-28T19:52:48","slug":"guarico-juventud-del-circuito-bicentenario-consolida-su-casa-de-emprendimiento-con-el-acompanamiento-tecnico-del-inces","status":"publish","type":"post","link":"https:\/\/inces.gob.ve\/index.php\/2026\/04\/28\/guarico-juventud-del-circuito-bicentenario-consolida-su-casa-de-emprendimiento-con-el-acompanamiento-tecnico-del-inces\/","title":{"rendered":"GU\u00c1RICO | Juventud del Circuito Bicentenario consolida su Casa de Emprendimiento con el acompa\u00f1amiento t\u00e9cnico del Inces"},"content":{"rendered":"<p style=\"font-weight: 400; text-align: justify;\"><span style=\"font-family: helvetica, arial, sans-serif; font-size: 18px;\"><em><strong>*** Se consolid\u00f3 la inauguraci\u00f3n de la Casa de Emprendimiento de la Juventud en el Circuito Comunal Bicentenario, donde 34 j\u00f3venes iniciaron su proceso de formaci\u00f3n t\u00e9cnica gracias a este proyecto nacido de la Consulta Popular Nacional.<\/strong><\/em><!--more--><\/span><\/p>\n<p>&nbsp;<\/p>\n<p style=\"font-weight: 400; text-align: justify;\"><span style=\"font-family: helvetica, arial, sans-serif; font-size: 18px;\"><strong>MAR\u00cdA SANTIAGO<\/strong><\/span><\/p>\n<p style=\"font-weight: 400; text-align: justify;\"><span style=\"font-family: helvetica, arial, sans-serif; font-size: 18px;\">En un despliegue de organizaci\u00f3n popular y compromiso, se llev\u00f3 a cabo la inauguraci\u00f3n de la Casa de Emprendimiento de la Juventud en la urbanizaci\u00f3n Pariap\u00e1n, municipio Juan Germ\u00e1n Roscio Nieves, del estado Gu\u00e1rico. Este nuevo espacio se erige como el segundo proyecto materializado mediante la Consulta Popular Nacional en la zona, posicion\u00e1ndose como el epicentro estrat\u00e9gico para la formaci\u00f3n t\u00e9cnica y el impulso de proyectos productivos del circuito comunal Bicentenario.<\/span><\/p>\n<p>&nbsp;<\/p>\n<p style=\"font-weight: 400; text-align: justify;\"><span style=\"font-family: helvetica, arial, sans-serif; font-size: 18px;\">El Instituto Nacional de Capacitaci\u00f3n y Educaci\u00f3n Socialista (Inces), fiel a su misi\u00f3n de fortalecer la soberan\u00eda econ\u00f3mica, acompa\u00f1a esta iniciativa a trav\u00e9s de la Escuela de Medios y Comunicaci\u00f3n del Inces (EMCI) y Juventud Productiva del Inces. Esta alianza busca brindar herramientas pedag\u00f3gicas y tecnol\u00f3gicas a 34 j\u00f3venes que ya se encuentran listos para transformar su realidad territorial.<\/span><\/p>\n<p>&nbsp;<\/p>\n<p style=\"font-weight: 400; text-align: justify;\"><span style=\"font-family: helvetica, arial, sans-serif; font-size: 18px;\">Mar\u00eda Santiago, responsable de Juventud Productiva, destac\u00f3 la importancia de territorializar la formaci\u00f3n t\u00e9cnica profesional para responder a las necesidades reales de los sectores populares: \u00abEsta Casa de Emprendimiento es un centro de resistencia creativa. Desde el Inces, estamos brindando todo el respaldo para que estos j\u00f3venes no solo aprendan una ocupaci\u00f3n, sino que se conviertan en los nuevos actores de la econom\u00eda\u201d, Puntualiz\u00f3 Santiago.<\/span><\/p>\n<p>&nbsp;<\/p>\n<p style=\"font-weight: 400; text-align: justify;\"><span style=\"font-family: helvetica, arial, sans-serif; font-size: 18px;\">El proyecto, que nace del mandato de la base popular, representa un hito para el Circuito Comunal Bicentenario. Para Yohanny Uribe, integrante de la estructura de la Comuna Joven, la inauguraci\u00f3n es el resultado de la confianza en la capacidad de gesti\u00f3n de los nuevos cuadros productivos: \u00abHoy vemos materializado un sue\u00f1o que naci\u00f3 en la consulta popular. Como juventud del circuito, asumimos el compromiso de convertir este espacio en un motor de desarrollo. Aqu\u00ed no solo vamos a formarnos, vamos a producir para nuestra comunidad\u201d, expres\u00f3 Uribe con entusiasmo.<\/span><\/p>\n<p>&nbsp;<\/p>\n<p style=\"font-weight: 400; text-align: justify;\"><span style=\"font-family: helvetica, arial, sans-serif; font-size: 18px;\">La Casa de Emprendimiento contar\u00e1 con \u00e1reas dotadas para la formaci\u00f3n en diversas unidades curriculares, permitiendo que el talento de relevo se vincule directamente con los motores productivos de la naci\u00f3n.<\/span><\/p>\n<p>&nbsp;<\/p>\n<p style=\"font-weight: 400; text-align: justify;\"><span style=\"font-family: helvetica, arial, sans-serif; font-size: 18px;\">\u00bfQuieres ser parte de la nueva generaci\u00f3n de emprendedores certificados? El Inces te invita a inscribirte en las diversas opciones formativas adaptadas a las necesidades del pa\u00eds. Ya sea en el \u00e1rea textil, industrial, administrativa o de servicios, existe un espacio para ti.<\/span><\/p>\n<p>&nbsp;<\/p>\n<p style=\"font-weight: 400; text-align: justify;\"><span style=\"font-family: helvetica, arial, sans-serif; font-size: 18px;\">Para conocer la oferta acad\u00e9mica, procesos de inscripci\u00f3n y mantenerte al d\u00eda con las noticias de la formaci\u00f3n productiva en todo el territorio nacional, visita el portal oficial:\u00a0<a href=\"http:\/\/inces.gob.ve\/\" data-saferedirecturl=\"https:\/\/www.google.com\/url?q=http:\/\/inces.gob.ve&amp;source=gmail&amp;ust=1777485899179000&amp;usg=AOvVaw0Q_vdIRxDWr8q3oPwAGgGT\">inces.gob.ve<\/a>.<\/span><\/p>\n","protected":false},"excerpt":{"rendered":"<p>*** Se consolid\u00f3 la inauguraci\u00f3n de la Casa de Emprendimiento de la Juventud en el Circuito Comunal Bicentenario, donde 34 j\u00f3venes iniciaron su proceso de formaci\u00f3n t\u00e9cnica gracias a este proyecto nacido de la Consulta Popular Nacional.<\/p>\n","protected":false},"author":15,"featured_media":71813,"comment_status":"closed","ping_status":"closed","sticky":false,"template":"","format":"standard","meta":{"footnotes":""},"categories":[2],"tags":[],"class_list":["post-71812","post","type-post","status-publish","format-standard","has-post-thumbnail","hentry","category-blog"],"_links":{"self":[{"href":"https:\/\/inces.gob.ve\/index.php\/wp-json\/wp\/v2\/posts\/71812","targetHints":{"allow":["GET"]}}],"collection":[{"href":"https:\/\/inces.gob.ve\/index.php\/wp-json\/wp\/v2\/posts"}],"about":[{"href":"https:\/\/inces.gob.ve\/index.php\/wp-json\/wp\/v2\/types\/post"}],"author":[{"embeddable":true,"href":"https:\/\/inces.gob.ve\/index.php\/wp-json\/wp\/v2\/users\/15"}],"replies":[{"embeddable":true,"href":"https:\/\/inces.gob.ve\/index.php\/wp-json\/wp\/v2\/comments?post=71812"}],"version-history":[{"count":1,"href":"https:\/\/inces.gob.ve\/index.php\/wp-json\/wp\/v2\/posts\/71812\/revisions"}],"predecessor-version":[{"id":71814,"href":"https:\/\/inces.gob.ve\/index.php\/wp-json\/wp\/v2\/posts\/71812\/revisions\/71814"}],"wp:featuredmedia":[{"embeddable":true,"href":"https:\/\/inces.gob.ve\/index.php\/wp-json\/wp\/v2\/media\/71813"}],"wp:attachment":[{"href":"https:\/\/inces.gob.ve\/index.php\/wp-json\/wp\/v2\/media?parent=71812"}],"wp:term":[{"taxonomy":"category","embeddable":true,"href":"https:\/\/inces.gob.ve\/index.php\/wp-json\/wp\/v2\/categories?post=71812"},{"taxonomy":"post_tag","embeddable":true,"href":"https:\/\/inces.gob.ve\/index.php\/wp-json\/wp\/v2\/tags?post=71812"}],"curies":[{"name":"wp","href":"https:\/\/api.w.org\/{rel}","templated":true}]}}