{"id":71815,"date":"2026-04-28T15:57:27","date_gmt":"2026-04-28T19:57:27","guid":{"rendered":"https:\/\/inces.gob.ve\/?p=71815"},"modified":"2026-04-28T16:10:47","modified_gmt":"2026-04-28T20:10:47","slug":"miranda-inces-y-fundayacucho-continuan-formacion-academica-en-miranda","status":"publish","type":"post","link":"https:\/\/inces.gob.ve\/index.php\/2026\/04\/28\/miranda-inces-y-fundayacucho-continuan-formacion-academica-en-miranda\/","title":{"rendered":"MIRANDA | Inces y Fundayacucho contin\u00faan formaci\u00f3n acad\u00e9mica en Miranda \u200e"},"content":{"rendered":"<p style=\"text-align: justify;\"><em><strong><span style=\"font-family: helvetica, arial, sans-serif; font-size: 18px;\">** La actividad benefici\u00f3 a estudiantes becarios de diversas universidades<\/span><\/strong><\/em><!--more--><\/p>\n<p>&nbsp;<\/p>\n<p style=\"text-align: justify;\"><span style=\"font-family: helvetica, arial, sans-serif; font-size: 18px;\">Estudiantes universitarios de los Altos Mirandinos iniciaron formaci\u00f3n de ingl\u00e9s conversacional para fortalecer su perfil profesional. \u200e \u200eLa gerente tegional del Inces, Mag. Noris Soto, el director de Fundayacucho Miranda polit\u00f3logo Lusscheser Marquina, continuaron la formaci\u00f3n de ingl\u00e9s conversacional en Los Teques.<\/span><\/p>\n<p>&nbsp;<\/p>\n<p style=\"text-align: justify;\"><span style=\"font-family: helvetica, arial, sans-serif; font-size: 18px;\">La actividad benefici\u00f3 a estudiantes becarios de diversas universidades con el objetivo de promover la territorializaci\u00f3n de saberes y brindar acompa\u00f1amiento acad\u00e9mico integral en la regi\u00f3n. \u200e \u200eEsta iniciativa respondi\u00f3 a las pol\u00edticas de ambas instituciones para dar cumplimiento a las instrucciones de la presidenta encargada, Delcy Rodr\u00edguez, y el gobernador, Elio Serrano. El proyecto busca vincular estrategias complementarias a la formaci\u00f3n regular de los j\u00f3venes preparando profesionales con cualidades para el desarrollo nacional. \u200e \u200e<\/span><\/p>\n<p>&nbsp;<\/p>\n<p><img loading=\"lazy\" decoding=\"async\" class=\"aligncenter wp-image-71817 size-full\" src=\"https:\/\/inces.gob.ve\/wp-content\/uploads\/2026\/04\/photo_5138636376772381792_y-e1777406191309.jpg\" alt=\"\" width=\"800\" height=\"332\" \/><\/p>\n<p style=\"text-align: justify;\"><span style=\"font-family: helvetica, arial, sans-serif; font-size: 18px;\">El polit\u00f3logo Lusscheser Marquina destac\u00f3 la importancia de la articulaci\u00f3n institucional durante el evento: \u201cEstamos en despliegue acad\u00e9mico por todo el estado Miranda, en articulaci\u00f3n perfecta para la atenci\u00f3n de nuestros becarios Ayacucho enmarcados en la agenda pautada por Jessica Bello, presidenta de Fundayacucho, y Wuilkelman Angel Paredes, presidente del Inces\u201d. \u200e\u00a0<\/span><\/p>\n<p>&nbsp;<\/p>\n<p style=\"text-align: justify;\"><span style=\"font-family: helvetica, arial, sans-serif; font-size: 18px;\">\u200ePor su parte, Noris Soto, se\u00f1al\u00f3 que la instituci\u00f3n cont\u00f3 con diversas opciones formativas bajo est\u00e1ndares internacionales. Soto invit\u00f3 a los estudiantes de las universidades y comunidades a \u00abcontinuar sum\u00e1ndose en las actividades que complementan los saberes profesionales\u00bb. \u200e\u00a0<\/span><\/p>\n","protected":false},"excerpt":{"rendered":"<p>** La actividad benefici\u00f3 a estudiantes becarios de diversas universidades<\/p>\n","protected":false},"author":15,"featured_media":71816,"comment_status":"closed","ping_status":"closed","sticky":false,"template":"","format":"standard","meta":{"footnotes":""},"categories":[2],"tags":[],"class_list":["post-71815","post","type-post","status-publish","format-standard","has-post-thumbnail","hentry","category-blog"],"_links":{"self":[{"href":"https:\/\/inces.gob.ve\/index.php\/wp-json\/wp\/v2\/posts\/71815","targetHints":{"allow":["GET"]}}],"collection":[{"href":"https:\/\/inces.gob.ve\/index.php\/wp-json\/wp\/v2\/posts"}],"about":[{"href":"https:\/\/inces.gob.ve\/index.php\/wp-json\/wp\/v2\/types\/post"}],"author":[{"embeddable":true,"href":"https:\/\/inces.gob.ve\/index.php\/wp-json\/wp\/v2\/users\/15"}],"replies":[{"embeddable":true,"href":"https:\/\/inces.gob.ve\/index.php\/wp-json\/wp\/v2\/comments?post=71815"}],"version-history":[{"count":1,"href":"https:\/\/inces.gob.ve\/index.php\/wp-json\/wp\/v2\/posts\/71815\/revisions"}],"predecessor-version":[{"id":71818,"href":"https:\/\/inces.gob.ve\/index.php\/wp-json\/wp\/v2\/posts\/71815\/revisions\/71818"}],"wp:featuredmedia":[{"embeddable":true,"href":"https:\/\/inces.gob.ve\/index.php\/wp-json\/wp\/v2\/media\/71816"}],"wp:attachment":[{"href":"https:\/\/inces.gob.ve\/index.php\/wp-json\/wp\/v2\/media?parent=71815"}],"wp:term":[{"taxonomy":"category","embeddable":true,"href":"https:\/\/inces.gob.ve\/index.php\/wp-json\/wp\/v2\/categories?post=71815"},{"taxonomy":"post_tag","embeddable":true,"href":"https:\/\/inces.gob.ve\/index.php\/wp-json\/wp\/v2\/tags?post=71815"}],"curies":[{"name":"wp","href":"https:\/\/api.w.org\/{rel}","templated":true}]}}