{"id":71819,"date":"2026-04-28T16:20:50","date_gmt":"2026-04-28T20:20:50","guid":{"rendered":"https:\/\/inces.gob.ve\/?p=71819"},"modified":"2026-04-28T16:26:38","modified_gmt":"2026-04-28T20:26:38","slug":"amazonas-inces-fortalece-formacion-tecnica-profesional-de-la-clase-trabajadora","status":"publish","type":"post","link":"https:\/\/inces.gob.ve\/index.php\/2026\/04\/28\/amazonas-inces-fortalece-formacion-tecnica-profesional-de-la-clase-trabajadora\/","title":{"rendered":"AMAZONAS | \u200eInces fortalece formaci\u00f3n t\u00e9cnica profesional de la clase trabajadora"},"content":{"rendered":"<div dir=\"auto\" style=\"text-align: justify;\"><span style=\"font-family: helvetica, arial, sans-serif; font-size: 18px;\"><em><strong>**Personal de Inces Amazonas se despliega en la regional con abordajes a las entidades de trabajo\u00a0<\/strong><\/em><\/span><\/div>\n<p style=\"text-align: justify;\"><span style=\"font-family: helvetica, arial, sans-serif; font-size: 18px;\"><!--more--><\/span><\/p>\n<div dir=\"auto\" style=\"text-align: justify;\"><\/div>\n<div dir=\"auto\" style=\"text-align: justify;\"><span style=\"font-family: helvetica, arial, sans-serif; font-size: 18px;\">\u200eEl Instituto Nacional de Capacitaci\u00f3n y Educaci\u00f3n Socialista (Inces) realiza abordajes a las diferentes entidades de \u200eInces Amazonas fortalece formaci\u00f3n t\u00e9cnica profesional de la clase trabajadora\u00a0de la regi\u00f3n amazonense con el objetivo de sumarse a los planes de formaci\u00f3n que el Inces imparte en este espacio. El presidente de la instituci\u00f3n, Wuikelman Angel Paredes, hizo el llamado e inst\u00f3 a incrementar los encuentros con las empresas\u00a0 e instituciones p\u00fablicas con el fin de garantizar la formaci\u00f3n t\u00e9cnica profesional de la clase trabajadora, dando respuesta a este llamo el Inces Amazonas, liderado por el gerente regional Tomas Vivas, a orientado el despliegue y abordaje de las entidades de trabajo regionales.<\/span><\/div>\n<div dir=\"auto\"><\/div>\n<div dir=\"auto\"><\/div>\n<div dir=\"auto\"><img loading=\"lazy\" decoding=\"async\" class=\"aligncenter wp-image-71821 size-full\" src=\"https:\/\/inces.gob.ve\/wp-content\/uploads\/2026\/04\/1001554823-e1777407362601.jpg\" alt=\"\" width=\"800\" height=\"500\" \/><\/div>\n<div dir=\"auto\" style=\"text-align: justify;\"><span style=\"font-family: helvetica, arial, sans-serif; font-size: 18px;\">\u200e<\/span><\/div>\n<div dir=\"auto\" style=\"text-align: justify;\"><span style=\"font-family: helvetica, arial, sans-serif; font-size: 18px;\">\u200eIginia Silva, responsable del \u00e1mbito Entidades de Trabajo en compa\u00f1\u00eda de la coordinadora de encadenamiento productivo, Kenny Ortega\u00a0 han realizado visitar a diversa instituciones en las cuales podemos destacar; el Tribunal supremo de Justicia(TSJ) m\u00e1ximo \u00f3rgano del sistema judicial de Venezuela, donde fueron atendidas por la Abogada Mailen Jordan, la Fundaci\u00f3n para la Promoci\u00f3n de la Diversidad Cultural de Amazonas donde fueron recibidas por Marilu Dacosta, PDVSA Marina Puerto Ayacucho, Gobernacion del estado Amazonas, el Servicio Administrativo deI dentificaci\u00f3n, Migraci\u00f3n y Extranjer\u00eda (Saime) y la empresa Hidroven Amazonas( Hidrol\u00f3gica Venezolana).<\/span><\/div>\n<div dir=\"auto\"><\/div>\n<div dir=\"auto\"><\/div>\n<div dir=\"auto\"><img loading=\"lazy\" decoding=\"async\" class=\"aligncenter wp-image-71822 size-full\" src=\"https:\/\/inces.gob.ve\/wp-content\/uploads\/2026\/04\/1001554821-e1777407392828.jpg\" alt=\"\" width=\"800\" height=\"600\" \/><\/div>\n<div dir=\"auto\" style=\"text-align: justify;\"><span style=\"font-family: helvetica, arial, sans-serif; font-size: 18px;\">\u200e<\/span><\/div>\n<div dir=\"auto\" style=\"text-align: justify;\"><span style=\"font-family: helvetica, arial, sans-serif; font-size: 18px;\">\u200eTodas estas visitas fue con el prop\u00f3sito de presentar el catalogo formativo de nuestra instituci\u00f3n adem\u00e1s de la planificaci\u00f3n estrat\u00e9gica formativa de los trabajadores.<\/span><\/div>\n<div dir=\"auto\"><\/div>\n<div dir=\"auto\"><img loading=\"lazy\" decoding=\"async\" class=\"aligncenter wp-image-71823 size-full\" src=\"https:\/\/inces.gob.ve\/wp-content\/uploads\/2026\/04\/1001554824-e1777407454633.jpg\" alt=\"\" width=\"800\" height=\"574\" \/><\/div>\n","protected":false},"excerpt":{"rendered":"<p>**Personal de Inces Amazonas se despliega en la regional con abordajes a las entidades de trabajo\u00a0<\/p>\n","protected":false},"author":15,"featured_media":71820,"comment_status":"closed","ping_status":"closed","sticky":false,"template":"","format":"standard","meta":{"footnotes":""},"categories":[2],"tags":[],"class_list":["post-71819","post","type-post","status-publish","format-standard","has-post-thumbnail","hentry","category-blog"],"_links":{"self":[{"href":"https:\/\/inces.gob.ve\/index.php\/wp-json\/wp\/v2\/posts\/71819","targetHints":{"allow":["GET"]}}],"collection":[{"href":"https:\/\/inces.gob.ve\/index.php\/wp-json\/wp\/v2\/posts"}],"about":[{"href":"https:\/\/inces.gob.ve\/index.php\/wp-json\/wp\/v2\/types\/post"}],"author":[{"embeddable":true,"href":"https:\/\/inces.gob.ve\/index.php\/wp-json\/wp\/v2\/users\/15"}],"replies":[{"embeddable":true,"href":"https:\/\/inces.gob.ve\/index.php\/wp-json\/wp\/v2\/comments?post=71819"}],"version-history":[{"count":1,"href":"https:\/\/inces.gob.ve\/index.php\/wp-json\/wp\/v2\/posts\/71819\/revisions"}],"predecessor-version":[{"id":71824,"href":"https:\/\/inces.gob.ve\/index.php\/wp-json\/wp\/v2\/posts\/71819\/revisions\/71824"}],"wp:featuredmedia":[{"embeddable":true,"href":"https:\/\/inces.gob.ve\/index.php\/wp-json\/wp\/v2\/media\/71820"}],"wp:attachment":[{"href":"https:\/\/inces.gob.ve\/index.php\/wp-json\/wp\/v2\/media?parent=71819"}],"wp:term":[{"taxonomy":"category","embeddable":true,"href":"https:\/\/inces.gob.ve\/index.php\/wp-json\/wp\/v2\/categories?post=71819"},{"taxonomy":"post_tag","embeddable":true,"href":"https:\/\/inces.gob.ve\/index.php\/wp-json\/wp\/v2\/tags?post=71819"}],"curies":[{"name":"wp","href":"https:\/\/api.w.org\/{rel}","templated":true}]}}