{"id":71825,"date":"2026-04-28T16:38:24","date_gmt":"2026-04-28T20:38:24","guid":{"rendered":"https:\/\/inces.gob.ve\/?p=71825"},"modified":"2026-04-28T16:43:14","modified_gmt":"2026-04-28T20:43:14","slug":"apure-avanza-la-educacion-en-apure-con-el-sistema-de-formacion-y-capacitacion-profesional","status":"publish","type":"post","link":"https:\/\/inces.gob.ve\/index.php\/2026\/04\/28\/apure-avanza-la-educacion-en-apure-con-el-sistema-de-formacion-y-capacitacion-profesional\/","title":{"rendered":"APURE | Avanza la educaci\u00f3n en Apure con el Sistema de Formaci\u00f3n y Capacitaci\u00f3n Profesional"},"content":{"rendered":"<p style=\"text-align: justify;\"><em><strong><span style=\"font-family: helvetica, arial, sans-serif; font-size: 18px;\">** La mesa interinstitucional estadal impulsa la capacitaci\u00f3n de la clase trabajadora en el sector industrial<\/span><\/strong><\/em><!--more--><\/p>\n<p style=\"text-align: justify;\"><span style=\"font-family: helvetica, arial, sans-serif; font-size: 18px;\">La mesa interinstitucional estadal para el Sistema de Formaci\u00f3n y Capacitaci\u00f3n Profesional para la Industria y las Comunas, realiz\u00f3 una visita a las plantas procesadoras de harina La Apure\u00f1a y Aba, ubicadas en el municipio Achaguas como parte del abordaje planificado a las industrias b\u00e1sicas del estado. Esta actividad se llev\u00f3 a cabo tras dos mesas de trabajo realizadas en el municipio San Fernando.<\/span><\/p>\n<p style=\"text-align: justify;\"><img loading=\"lazy\" decoding=\"async\" class=\"aligncenter wp-image-71826 \" src=\"https:\/\/inces.gob.ve\/wp-content\/uploads\/2026\/04\/Sencamer-e1777408539423.jpg\" alt=\"\" width=\"710\" height=\"663\" \/><\/p>\n<p>&nbsp;<\/p>\n<p style=\"text-align: justify;\"><span style=\"font-family: helvetica, arial, sans-serif; font-size: 18px;\">El objetivo principal de la visita fue identificar las necesidades formativas de la clase trabajadora, con miras a avanzar en el sistema de formaci\u00f3n y capacitaci\u00f3n profesional en el sector industrial.<\/span><\/p>\n<p style=\"text-align: justify;\"><span style=\"font-family: helvetica, arial, sans-serif; font-size: 18px;\">Es importante resaltar que, la mesa de trabajo que lleva adelante esta articulaci\u00f3n est\u00e1 compuesta por representantes del Ministerio de Industrias y Comercio Nacional, junto con sus entes adscritos como Sundee, Sencamer, Inapyme, el Inces, el Ministerio de Educaci\u00f3n Universitaria, y el Ministerio de Proceso Social del Trabajo, adem\u00e1s de la Universidad Nacional de las Comunas y Movimientos Sociales, la Misi\u00f3n Ribas, la Direcci\u00f3n de Industrias de la Gobernaci\u00f3n del Estado Apure, y la Secretar\u00eda de Participaci\u00f3n Comunal de la Gobernaci\u00f3n del estado Apure.<\/span><\/p>\n","protected":false},"excerpt":{"rendered":"<p>** La mesa interinstitucional estadal impulsa la capacitaci\u00f3n de la clase trabajadora en el sector industrial<\/p>\n","protected":false},"author":15,"featured_media":71827,"comment_status":"closed","ping_status":"closed","sticky":false,"template":"","format":"standard","meta":{"footnotes":""},"categories":[2],"tags":[],"class_list":["post-71825","post","type-post","status-publish","format-standard","has-post-thumbnail","hentry","category-blog"],"_links":{"self":[{"href":"https:\/\/inces.gob.ve\/index.php\/wp-json\/wp\/v2\/posts\/71825","targetHints":{"allow":["GET"]}}],"collection":[{"href":"https:\/\/inces.gob.ve\/index.php\/wp-json\/wp\/v2\/posts"}],"about":[{"href":"https:\/\/inces.gob.ve\/index.php\/wp-json\/wp\/v2\/types\/post"}],"author":[{"embeddable":true,"href":"https:\/\/inces.gob.ve\/index.php\/wp-json\/wp\/v2\/users\/15"}],"replies":[{"embeddable":true,"href":"https:\/\/inces.gob.ve\/index.php\/wp-json\/wp\/v2\/comments?post=71825"}],"version-history":[{"count":2,"href":"https:\/\/inces.gob.ve\/index.php\/wp-json\/wp\/v2\/posts\/71825\/revisions"}],"predecessor-version":[{"id":71829,"href":"https:\/\/inces.gob.ve\/index.php\/wp-json\/wp\/v2\/posts\/71825\/revisions\/71829"}],"wp:featuredmedia":[{"embeddable":true,"href":"https:\/\/inces.gob.ve\/index.php\/wp-json\/wp\/v2\/media\/71827"}],"wp:attachment":[{"href":"https:\/\/inces.gob.ve\/index.php\/wp-json\/wp\/v2\/media?parent=71825"}],"wp:term":[{"taxonomy":"category","embeddable":true,"href":"https:\/\/inces.gob.ve\/index.php\/wp-json\/wp\/v2\/categories?post=71825"},{"taxonomy":"post_tag","embeddable":true,"href":"https:\/\/inces.gob.ve\/index.php\/wp-json\/wp\/v2\/tags?post=71825"}],"curies":[{"name":"wp","href":"https:\/\/api.w.org\/{rel}","templated":true}]}}