{"id":71830,"date":"2026-04-28T16:53:50","date_gmt":"2026-04-28T20:53:50","guid":{"rendered":"https:\/\/inces.gob.ve\/?p=71830"},"modified":"2026-04-28T16:57:48","modified_gmt":"2026-04-28T20:57:48","slug":"la-oac-del-inces-realizo-un-operativo-de-embellecimiento-en-el-cmapp-de-coche","status":"publish","type":"post","link":"https:\/\/inces.gob.ve\/index.php\/2026\/04\/28\/la-oac-del-inces-realizo-un-operativo-de-embellecimiento-en-el-cmapp-de-coche\/","title":{"rendered":"La OAC del Inces realiz\u00f3 un operativo de embellecimiento en el CMAPP de Coche"},"content":{"rendered":"<p style=\"text-align: justify;\"><strong><em><span style=\"font-family: helvetica, arial, sans-serif; font-size: 18px;\">**\u00a0El Inces realiz\u00f3 un operativo de corte, afeitado y depilaci\u00f3n gratuitos para vecinos de la parroquia Coche.<\/span><\/em><\/strong><!--more--><\/p>\n<p style=\"text-align: justify;\"><span style=\"font-family: helvetica, arial, sans-serif; font-size: 18px;\">DIMAS P\u00c1EZ<\/span><\/p>\n<p style=\"text-align: justify;\"><span style=\"font-family: helvetica, arial, sans-serif; font-size: 18px;\">F\/ Rafael Urbina<\/span><\/p>\n<p style=\"text-align: justify;\"><span style=\"font-family: helvetica, arial, sans-serif; font-size: 18px;\">La Oficina de Atenci\u00f3n al Ciudadano (OAC) del Instituto Nacional de Capacitaci\u00f3n y Educaci\u00f3n Socialista (Inces), junto con el Centro Municipal de Apoyo al Poder Popular de Coche (CMAPP) de la alcald\u00eda de Caracas, llev\u00f3 a cabo un operativo de embellecimiento dirigido a las damas y caballeros de la comunidad de esa parroquia. La actividad estuvo supervisada por la gerente general de la OAC, Johana Carolina Ospino Hern\u00e1ndez.<\/span><\/p>\n<p>&nbsp;<\/p>\n<p><img loading=\"lazy\" decoding=\"async\" class=\"aligncenter wp-image-71831 size-full\" src=\"https:\/\/inces.gob.ve\/wp-content\/uploads\/2026\/04\/DSC_3605-scaled-e1777409341218.jpg\" alt=\"\" width=\"800\" height=\"536\" \/><\/p>\n<p style=\"text-align: justify;\"><span style=\"font-family: helvetica, arial, sans-serif; font-size: 18px;\">Durante la jornada, se realizaron servicios de corte, secado y afeitado de cabello, as\u00ed como depilaci\u00f3n y delineado de cejas. Participaron estudiantes de la Unidad Curricular de Peluquer\u00eda del Centro de Formaci\u00f3n Socialista (CFS), Jorge Rodr\u00edguez, acompa\u00f1ados por el maestro t\u00e9cnico productivo (MTP) Kesimir Bernal.\u00a0<\/span><\/p>\n<p>&nbsp;<\/p>\n<p><img loading=\"lazy\" decoding=\"async\" class=\"aligncenter wp-image-71832 size-full\" src=\"https:\/\/inces.gob.ve\/wp-content\/uploads\/2026\/04\/DSC_3610-scaled-e1777409398454.jpg\" alt=\"\" width=\"800\" height=\"536\" \/><\/p>\n<p style=\"text-align: justify;\"><span style=\"font-family: helvetica, arial, sans-serif; font-size: 18px;\">Testimonios de los beneficiarios<\/span><\/p>\n<p style=\"text-align: justify;\"><span style=\"font-family: helvetica, arial, sans-serif; font-size: 18px;\">El se\u00f1or Juan Carlos Gonz\u00e1lez expres\u00f3: \u201cEstos operativos son importantes para las comunidades, ya que podemos cambiar nuestra apariencia sin ning\u00fan costo y quedar muy bien\u201d.<\/span><\/p>\n<p>&nbsp;<\/p>\n<p><img loading=\"lazy\" decoding=\"async\" class=\"aligncenter wp-image-71836 size-full\" src=\"https:\/\/inces.gob.ve\/wp-content\/uploads\/2026\/04\/Juan-Carlos-Gonzalez-y-partcipate-Inces-scaled-e1777409444778.jpg\" alt=\"\" width=\"800\" height=\"536\" \/><\/p>\n<p style=\"text-align: justify;\"><span style=\"font-family: helvetica, arial, sans-serif; font-size: 18px;\">Por su parte, la vecina Yuder Fern\u00e1ndez agradeci\u00f3: \u201cEsta atenci\u00f3n por parte del Inces es muy placentera para los habitantes del sector, porque nos ahorramos dinero y renovamos nuestro aspecto. A m\u00ed me realizaron la depilaci\u00f3n y me dieron forma a las cejas; adem\u00e1s, me cortaron y secaron el cabello. Estoy muy agradecida con el personal del Inces por esta atenci\u00f3n\u201d.<\/span><\/p>\n<p>&nbsp;<\/p>\n<p><img loading=\"lazy\" decoding=\"async\" class=\"aligncenter wp-image-71834 size-full\" src=\"https:\/\/inces.gob.ve\/wp-content\/uploads\/2026\/04\/DSC_3613-scaled-e1777409479224.jpg\" alt=\"\" width=\"800\" height=\"536\" \/><\/p>\n<p style=\"text-align: justify;\"><span style=\"font-family: helvetica, arial, sans-serif; font-size: 18px;\">La jornada fue supervisada por el personal de la Oficina de Atenci\u00f3n al Ciudadano y del Centro Municipal de Apoyo al Poder Popular de Coche.\u00a0<\/span><\/p>\n<p>&nbsp;<\/p>\n<p>&nbsp;<\/p>\n","protected":false},"excerpt":{"rendered":"<p>**\u00a0El Inces realiz\u00f3 un operativo de corte, afeitado y depilaci\u00f3n gratuitos para vecinos de la parroquia Coche.<\/p>\n","protected":false},"author":15,"featured_media":71835,"comment_status":"closed","ping_status":"closed","sticky":false,"template":"","format":"standard","meta":{"footnotes":""},"categories":[2],"tags":[],"class_list":["post-71830","post","type-post","status-publish","format-standard","has-post-thumbnail","hentry","category-blog"],"_links":{"self":[{"href":"https:\/\/inces.gob.ve\/index.php\/wp-json\/wp\/v2\/posts\/71830","targetHints":{"allow":["GET"]}}],"collection":[{"href":"https:\/\/inces.gob.ve\/index.php\/wp-json\/wp\/v2\/posts"}],"about":[{"href":"https:\/\/inces.gob.ve\/index.php\/wp-json\/wp\/v2\/types\/post"}],"author":[{"embeddable":true,"href":"https:\/\/inces.gob.ve\/index.php\/wp-json\/wp\/v2\/users\/15"}],"replies":[{"embeddable":true,"href":"https:\/\/inces.gob.ve\/index.php\/wp-json\/wp\/v2\/comments?post=71830"}],"version-history":[{"count":2,"href":"https:\/\/inces.gob.ve\/index.php\/wp-json\/wp\/v2\/posts\/71830\/revisions"}],"predecessor-version":[{"id":71838,"href":"https:\/\/inces.gob.ve\/index.php\/wp-json\/wp\/v2\/posts\/71830\/revisions\/71838"}],"wp:featuredmedia":[{"embeddable":true,"href":"https:\/\/inces.gob.ve\/index.php\/wp-json\/wp\/v2\/media\/71835"}],"wp:attachment":[{"href":"https:\/\/inces.gob.ve\/index.php\/wp-json\/wp\/v2\/media?parent=71830"}],"wp:term":[{"taxonomy":"category","embeddable":true,"href":"https:\/\/inces.gob.ve\/index.php\/wp-json\/wp\/v2\/categories?post=71830"},{"taxonomy":"post_tag","embeddable":true,"href":"https:\/\/inces.gob.ve\/index.php\/wp-json\/wp\/v2\/tags?post=71830"}],"curies":[{"name":"wp","href":"https:\/\/api.w.org\/{rel}","templated":true}]}}