{"id":71839,"date":"2026-04-28T17:03:50","date_gmt":"2026-04-28T21:03:50","guid":{"rendered":"https:\/\/inces.gob.ve\/?p=71839"},"modified":"2026-04-28T17:03:50","modified_gmt":"2026-04-28T21:03:50","slug":"la-escuela-de-medios-y-comunicacion-inces-impulsa-la-transformacion-digital-con-una-clase-magistral","status":"publish","type":"post","link":"https:\/\/inces.gob.ve\/index.php\/2026\/04\/28\/la-escuela-de-medios-y-comunicacion-inces-impulsa-la-transformacion-digital-con-una-clase-magistral\/","title":{"rendered":"La Escuela de Medios y Comunicaci\u00f3n Inces impulsa la transformaci\u00f3n digital con una clase magistral"},"content":{"rendered":"<p style=\"text-align: justify;\"><em><strong><span style=\"font-family: helvetica, arial, sans-serif; font-size: 18px;\">** La Escuela de Medios y Comunicaci\u00f3n Inces impulsa la transformaci\u00f3n digital con una clase magistral<\/span><\/strong><\/em><!--more--><\/p>\n<p style=\"text-align: justify;\">\n<p style=\"font-weight: 400; text-align: justify;\"><span style=\"font-family: helvetica, arial, sans-serif; font-size: 18px;\">Mar\u00eda F. Vargas<\/span><\/p>\n<p style=\"font-weight: 400; text-align: justify;\"><span style=\"font-family: helvetica, arial, sans-serif; font-size: 18px;\">Extendiendo su compromiso con la formaci\u00f3n t\u00e9cnica profesional del pa\u00eds en el \u00e1rea de la comunicaci\u00f3n digital, la Escuela de Medios y Comunicaci\u00f3n del Inces (EMCI) realiz\u00f3 la clase magistral\u00a0<strong>Redacci\u00f3n SEO<\/strong>. La formaci\u00f3n acad\u00e9mica cont\u00f3 con la participaci\u00f3n de 37 participantes en las instalaciones de la mencionada escuela.<\/span><\/p>\n<p>&nbsp;<\/p>\n<p><img loading=\"lazy\" decoding=\"async\" class=\"aligncenter wp-image-71842 size-full\" src=\"https:\/\/inces.gob.ve\/wp-content\/uploads\/2026\/04\/FOTO-III-e1777410022993.jpeg\" alt=\"\" width=\"800\" height=\"498\" \/><\/p>\n<p style=\"font-weight: 400; text-align: justify;\"><span style=\"font-family: helvetica, arial, sans-serif; font-size: 18px;\">El plan de estudio impartido por la facilitadora Zulma Galindez, fue dise\u00f1ado para desarrollar y fortalecer en los participantes las herramientas necesarias para profesionalizar la redacci\u00f3n aplicando las estrategias SEO en plataformas digitales. Durante la actividad, se profundiz\u00f3 en la creaci\u00f3n de contenido bajo un enfoque t\u00e9cnico y estrat\u00e9gico, orientado a maximizar la visibilidad en los motores de b\u00fasqueda, lograr el alcance a la audiencia ideal y destacar en el marketing digital.<\/span><\/p>\n<p>&nbsp;<\/p>\n<p><img loading=\"lazy\" decoding=\"async\" class=\"aligncenter wp-image-71841 size-full\" src=\"https:\/\/inces.gob.ve\/wp-content\/uploads\/2026\/04\/FOTO-II-e1777410098784.jpeg\" alt=\"\" width=\"800\" height=\"482\" \/><\/p>\n<p style=\"font-weight: 400; text-align: justify;\"><span style=\"font-family: helvetica, arial, sans-serif; font-size: 18px;\">En el transcurso de la jornada, se abordaron puntos relevantes sobre SEO, objetivos principales, nicho, algoritmo de b\u00fasqueda de Google, palabras claves,\u00a0 longitud, estructura de un art\u00edculo SEO, la importancia de la estructura t\u00e9cnica del texto, herramientas de an\u00e1lisis para optimizar el alcance y el posicionamiento org\u00e1nico en la web y el uso correcto de (H1, H2, H3).\u00a0 Asimismo, los participantes realizaron cuatro ejercicios a lo largo de la clase magistral.\u00a0<\/span><\/p>\n<p>&nbsp;<\/p>\n<p style=\"font-weight: 400; text-align: justify;\"><span style=\"font-family: helvetica, arial, sans-serif; font-size: 18px;\">Esta formaci\u00f3n brind\u00f3 conocimientos t\u00e9cnicos y pr\u00e1cticos fortaleciendo una visi\u00f3n cr\u00edtica sobre el lenguaje, la calidad del contenido y la responsabilidad comunicativa, adapt\u00e1ndose a las exigencias de los algoritmos y usuarios.<\/span><\/p>\n<p>&nbsp;<\/p>\n<p><img loading=\"lazy\" decoding=\"async\" class=\"aligncenter wp-image-71843 size-full\" src=\"https:\/\/inces.gob.ve\/wp-content\/uploads\/2026\/04\/FOTO-IV-e1777410143694.jpeg\" alt=\"\" width=\"800\" height=\"498\" \/><\/p>\n<p style=\"font-weight: 400; text-align: justify;\"><span style=\"font-family: helvetica, arial, sans-serif; font-size: 18px;\">Un redactor SEO exitoso, es una combinaci\u00f3n de un excelente escritor, un an\u00e1lisis de datos audaz y un estratega de marketing digital que siempre pone al usuario en el centro de su trabajo. Zulma Galindez<\/span><\/p>\n","protected":false},"excerpt":{"rendered":"<p>** La Escuela de Medios y Comunicaci\u00f3n Inces impulsa la transformaci\u00f3n digital con una clase magistral<\/p>\n","protected":false},"author":15,"featured_media":71840,"comment_status":"closed","ping_status":"closed","sticky":false,"template":"","format":"standard","meta":{"footnotes":""},"categories":[2],"tags":[],"class_list":["post-71839","post","type-post","status-publish","format-standard","has-post-thumbnail","hentry","category-blog"],"_links":{"self":[{"href":"https:\/\/inces.gob.ve\/index.php\/wp-json\/wp\/v2\/posts\/71839","targetHints":{"allow":["GET"]}}],"collection":[{"href":"https:\/\/inces.gob.ve\/index.php\/wp-json\/wp\/v2\/posts"}],"about":[{"href":"https:\/\/inces.gob.ve\/index.php\/wp-json\/wp\/v2\/types\/post"}],"author":[{"embeddable":true,"href":"https:\/\/inces.gob.ve\/index.php\/wp-json\/wp\/v2\/users\/15"}],"replies":[{"embeddable":true,"href":"https:\/\/inces.gob.ve\/index.php\/wp-json\/wp\/v2\/comments?post=71839"}],"version-history":[{"count":1,"href":"https:\/\/inces.gob.ve\/index.php\/wp-json\/wp\/v2\/posts\/71839\/revisions"}],"predecessor-version":[{"id":71844,"href":"https:\/\/inces.gob.ve\/index.php\/wp-json\/wp\/v2\/posts\/71839\/revisions\/71844"}],"wp:featuredmedia":[{"embeddable":true,"href":"https:\/\/inces.gob.ve\/index.php\/wp-json\/wp\/v2\/media\/71840"}],"wp:attachment":[{"href":"https:\/\/inces.gob.ve\/index.php\/wp-json\/wp\/v2\/media?parent=71839"}],"wp:term":[{"taxonomy":"category","embeddable":true,"href":"https:\/\/inces.gob.ve\/index.php\/wp-json\/wp\/v2\/categories?post=71839"},{"taxonomy":"post_tag","embeddable":true,"href":"https:\/\/inces.gob.ve\/index.php\/wp-json\/wp\/v2\/tags?post=71839"}],"curies":[{"name":"wp","href":"https:\/\/api.w.org\/{rel}","templated":true}]}}