{"id":71845,"date":"2026-04-29T09:40:44","date_gmt":"2026-04-29T13:40:44","guid":{"rendered":"https:\/\/inces.gob.ve\/?p=71845"},"modified":"2026-04-29T10:34:50","modified_gmt":"2026-04-29T14:34:50","slug":"apure-aprendices-de-la-ocupacion-tecnico-en-operaciones-de-calderas-realizaron-un-encuentro-de-experiencias-significativas","status":"publish","type":"post","link":"https:\/\/inces.gob.ve\/index.php\/2026\/04\/29\/apure-aprendices-de-la-ocupacion-tecnico-en-operaciones-de-calderas-realizaron-un-encuentro-de-experiencias-significativas\/","title":{"rendered":"APURE | Aprendices de la ocupaci\u00f3n T\u00e9cnico en Operaciones de Calderas realizaron un encuentro de experiencias significativas"},"content":{"rendered":"<p style=\"text-align: justify;\"><span style=\"font-family: helvetica, arial, sans-serif; font-size: 18px;\"><em><strong>** Con esta formaci\u00f3n el Programa Nacional de Aprendizaje capacita a los j\u00f3venes en fundamentos de combusti\u00f3n, operaci\u00f3n de calderas, seguridad industrial y mantenimiento<\/strong><\/em><!--more--><\/span><\/p>\n<p>&nbsp;<\/p>\n<p style=\"text-align: justify;\"><span style=\"font-family: helvetica, arial, sans-serif; font-size: 18px;\">23 aprendices de la ocupaci\u00f3n T\u00e9cnicos en Operaciones de Calderas, realizaron un encuentro de experiencias significativas como parte del cierre de su formaci\u00f3n te\u00f3rica en el ambiente de formaci\u00f3n R\u00edo Cunaviche. En el cierre los aprendices demostraron los conocimientos obtenidos durante la formaci\u00f3n te\u00f3rica con diversas disertaciones realizadas en el acto, iniciando por que era el Inces hasta la defensa de un prototipo de caldera el\u00e9ctrica.<\/span><\/p>\n<p>&nbsp;<\/p>\n<p style=\"text-align: justify;\"><img loading=\"lazy\" decoding=\"async\" class=\"aligncenter wp-image-71846 size-full\" src=\"https:\/\/inces.gob.ve\/wp-content\/uploads\/2026\/04\/pna2-e1777469975845.jpg\" alt=\"\" width=\"800\" height=\"509\" \/><\/p>\n<p style=\"text-align: justify;\"><span style=\"font-family: helvetica, arial, sans-serif; font-size: 18px;\">Durante la actividad, destaco la defensa de un modelo el\u00e9ctrico de caldera, por el aprendiz, Wilfredo Chac\u00f3n detallando sus partes y funcionamiento. Cabe se\u00f1alar, que esta formaci\u00f3n es la primera del programa ejecutada en la entidad llanera.<\/span><\/p>\n<p style=\"text-align: justify;\"><span style=\"font-family: helvetica, arial, sans-serif; font-size: 18px;\">El cierre cont\u00f3 con la presencia de la gerente regional del Inces en Apure, Maneilis P\u00e9rez, la coordinadora del Programa Nacional de Aprendizaje, Dariana P\u00e9rez, el analista del programa, Daniel Castillo, la formadora, Dameris Mejias y las tutoras empresariales Marlin Le\u00f3n y Reina Velizario.<\/span><\/p>\n<p style=\"text-align: justify;\"><span style=\"font-family: helvetica, arial, sans-serif; font-size: 18px;\">Ahora los j\u00f3venes avanzaran en su dualidad cumpliendo con 512 horas de sus practica de servicio.<\/span><\/p>\n<p style=\"text-align: justify;\">\n","protected":false},"excerpt":{"rendered":"<p>** Con esta formaci\u00f3n el Programa Nacional de Aprendizaje capacita a los j\u00f3venes en fundamentos de combusti\u00f3n, operaci\u00f3n de calderas, seguridad industrial y mantenimiento<\/p>\n","protected":false},"author":15,"featured_media":71847,"comment_status":"closed","ping_status":"closed","sticky":false,"template":"","format":"standard","meta":{"footnotes":""},"categories":[2],"tags":[],"class_list":["post-71845","post","type-post","status-publish","format-standard","has-post-thumbnail","hentry","category-blog"],"_links":{"self":[{"href":"https:\/\/inces.gob.ve\/index.php\/wp-json\/wp\/v2\/posts\/71845","targetHints":{"allow":["GET"]}}],"collection":[{"href":"https:\/\/inces.gob.ve\/index.php\/wp-json\/wp\/v2\/posts"}],"about":[{"href":"https:\/\/inces.gob.ve\/index.php\/wp-json\/wp\/v2\/types\/post"}],"author":[{"embeddable":true,"href":"https:\/\/inces.gob.ve\/index.php\/wp-json\/wp\/v2\/users\/15"}],"replies":[{"embeddable":true,"href":"https:\/\/inces.gob.ve\/index.php\/wp-json\/wp\/v2\/comments?post=71845"}],"version-history":[{"count":2,"href":"https:\/\/inces.gob.ve\/index.php\/wp-json\/wp\/v2\/posts\/71845\/revisions"}],"predecessor-version":[{"id":71849,"href":"https:\/\/inces.gob.ve\/index.php\/wp-json\/wp\/v2\/posts\/71845\/revisions\/71849"}],"wp:featuredmedia":[{"embeddable":true,"href":"https:\/\/inces.gob.ve\/index.php\/wp-json\/wp\/v2\/media\/71847"}],"wp:attachment":[{"href":"https:\/\/inces.gob.ve\/index.php\/wp-json\/wp\/v2\/media?parent=71845"}],"wp:term":[{"taxonomy":"category","embeddable":true,"href":"https:\/\/inces.gob.ve\/index.php\/wp-json\/wp\/v2\/categories?post=71845"},{"taxonomy":"post_tag","embeddable":true,"href":"https:\/\/inces.gob.ve\/index.php\/wp-json\/wp\/v2\/tags?post=71845"}],"curies":[{"name":"wp","href":"https:\/\/api.w.org\/{rel}","templated":true}]}}