{"id":71850,"date":"2026-04-29T10:39:40","date_gmt":"2026-04-29T14:39:40","guid":{"rendered":"https:\/\/inces.gob.ve\/?p=71850"},"modified":"2026-04-29T10:50:37","modified_gmt":"2026-04-29T14:50:37","slug":"anzoategui-inces-impulsa-la-formacion-radial-en-alianza-con-la-iglesia-adventista-de-barcelona","status":"publish","type":"post","link":"https:\/\/inces.gob.ve\/index.php\/2026\/04\/29\/anzoategui-inces-impulsa-la-formacion-radial-en-alianza-con-la-iglesia-adventista-de-barcelona\/","title":{"rendered":"ANZO\u00c1TEGUI | Inces impulsa la formaci\u00f3n radial en alianza con la Iglesia Adventista de Barcelona"},"content":{"rendered":"<p style=\"text-align: justify;\"><span style=\"font-family: helvetica, arial, sans-serif; font-size: 18px;\"><em><strong>** El objetivo principal es brindar los conocimientos necesarios para la activaci\u00f3n de nuevos programas radiales<\/strong><\/em><\/span><br \/>\n<span style=\"font-family: helvetica, arial, sans-serif; font-size: 18px;\"><!--more--><\/span><\/p>\n<div dir=\"auto\" style=\"text-align: justify;\"><\/div>\n<div dir=\"auto\" style=\"text-align: justify;\"><span style=\"font-family: helvetica, arial, sans-serif; font-size: 18px;\">A trav\u00e9s de la Escuela de Medios y Comunicaci\u00f3n Inces, los sujetos de aprendizaje adquieren herramientas t\u00e9cnicas y te\u00f3ricas para la creaci\u00f3n de contenidos radiof\u00f3nicos que fortalezcan la comunicaci\u00f3n comunitaria y espiritual. En cumplimiento con las pol\u00edticas de formaci\u00f3n t\u00e9cnica profesional que lidera el Instituto Nacional de Capacitaci\u00f3n y Educaci\u00f3n Socialista (Inces), se dio inicio al proceso de formaci\u00f3n de nuevos talentos radiales en las instalaciones de la Iglesia Adventista Central de Barcelona.<\/span><\/div>\n<div dir=\"auto\" style=\"text-align: justify;\"><\/div>\n<div dir=\"auto\" style=\"text-align: justify;\">\n<p><img loading=\"lazy\" decoding=\"async\" class=\"wp-image-71851 aligncenter\" src=\"https:\/\/inces.gob.ve\/wp-content\/uploads\/2026\/04\/1001162008-scaled-e1777473447762.jpg\" alt=\"\" width=\"681\" height=\"636\" \/><\/p>\n<\/div>\n<div dir=\"auto\" style=\"text-align: justify;\"><span style=\"font-family: helvetica, arial, sans-serif; font-size: 18px;\">Esta iniciativa, enmarcada en los talleres que desarrolla la Escuela de Medios y Comunicaci\u00f3n del Inces, tiene como objetivo principal brindar los conocimientos necesarios para la activaci\u00f3n de nuevos programas radiales, entre los que destaca la propuesta de la Radio Adventista, la cual se prepara para salir pr\u00f3ximamente al aire con una programaci\u00f3n cargada de contenido formativo y valores.<\/span><\/div>\n<div dir=\"auto\" style=\"text-align: justify;\"><\/div>\n<div dir=\"auto\" style=\"text-align: justify;\"><\/div>\n<div dir=\"auto\" style=\"text-align: justify;\"><span style=\"font-family: helvetica, arial, sans-serif; font-size: 18px;\">Durante el desarrollo de estos procesos formativos, los sujetos de aprendizaje reciben talleres referentes a locuci\u00f3n, producci\u00f3n radial y oratoria, herramientas fundamentales para garantizar un producto comunicacional de alta calidad y con impacto social.<\/span><\/div>\n<div dir=\"auto\" style=\"text-align: justify;\"><\/div>\n<div dir=\"auto\" style=\"text-align: justify;\">\n<p><img loading=\"lazy\" decoding=\"async\" class=\"wp-image-71852 aligncenter\" src=\"https:\/\/inces.gob.ve\/wp-content\/uploads\/2026\/04\/1001161906-scaled-e1777473492872.jpg\" alt=\"\" width=\"694\" height=\"626\" \/><\/p>\n<\/div>\n<div dir=\"auto\" style=\"text-align: justify;\"><\/div>\n<div dir=\"auto\" style=\"text-align: justify;\"><span style=\"font-family: helvetica, arial, sans-serif; font-size: 18px;\">La actividad cuenta con el acompa\u00f1amiento directo de Luis Freites, asesor comunicacional y responsable de la Escuela de Medios y Comunicaci\u00f3n del Inces Anzo\u00e1tegui, junto al facilitador \u00c1ngel Ojeda. Ambos expertos lideran la formaci\u00f3n, asegurando que cada participante logre los perfiles productivos requeridos para dinamizar la comunicaci\u00f3n desde sus propios espacios de acci\u00f3n.<\/span><\/div>\n","protected":false},"excerpt":{"rendered":"<p>** El objetivo principal es brindar los conocimientos necesarios para la activaci\u00f3n de nuevos programas radiales<\/p>\n","protected":false},"author":15,"featured_media":71853,"comment_status":"closed","ping_status":"closed","sticky":false,"template":"","format":"standard","meta":{"footnotes":""},"categories":[2],"tags":[],"class_list":["post-71850","post","type-post","status-publish","format-standard","has-post-thumbnail","hentry","category-blog"],"_links":{"self":[{"href":"https:\/\/inces.gob.ve\/index.php\/wp-json\/wp\/v2\/posts\/71850","targetHints":{"allow":["GET"]}}],"collection":[{"href":"https:\/\/inces.gob.ve\/index.php\/wp-json\/wp\/v2\/posts"}],"about":[{"href":"https:\/\/inces.gob.ve\/index.php\/wp-json\/wp\/v2\/types\/post"}],"author":[{"embeddable":true,"href":"https:\/\/inces.gob.ve\/index.php\/wp-json\/wp\/v2\/users\/15"}],"replies":[{"embeddable":true,"href":"https:\/\/inces.gob.ve\/index.php\/wp-json\/wp\/v2\/comments?post=71850"}],"version-history":[{"count":4,"href":"https:\/\/inces.gob.ve\/index.php\/wp-json\/wp\/v2\/posts\/71850\/revisions"}],"predecessor-version":[{"id":71857,"href":"https:\/\/inces.gob.ve\/index.php\/wp-json\/wp\/v2\/posts\/71850\/revisions\/71857"}],"wp:featuredmedia":[{"embeddable":true,"href":"https:\/\/inces.gob.ve\/index.php\/wp-json\/wp\/v2\/media\/71853"}],"wp:attachment":[{"href":"https:\/\/inces.gob.ve\/index.php\/wp-json\/wp\/v2\/media?parent=71850"}],"wp:term":[{"taxonomy":"category","embeddable":true,"href":"https:\/\/inces.gob.ve\/index.php\/wp-json\/wp\/v2\/categories?post=71850"},{"taxonomy":"post_tag","embeddable":true,"href":"https:\/\/inces.gob.ve\/index.php\/wp-json\/wp\/v2\/tags?post=71850"}],"curies":[{"name":"wp","href":"https:\/\/api.w.org\/{rel}","templated":true}]}}