{"id":71858,"date":"2026-04-29T11:06:19","date_gmt":"2026-04-29T15:06:19","guid":{"rendered":"https:\/\/inces.gob.ve\/?p=71858"},"modified":"2026-04-29T12:24:47","modified_gmt":"2026-04-29T16:24:47","slug":"falcon-inces-llega-con-formacion-tecnica-profesional-al-municipio-federacion-del-estado-falcon","status":"publish","type":"post","link":"https:\/\/inces.gob.ve\/index.php\/2026\/04\/29\/falcon-inces-llega-con-formacion-tecnica-profesional-al-municipio-federacion-del-estado-falcon\/","title":{"rendered":"FALC\u00d3N | Inces llega con formaci\u00f3n t\u00e9cnica profesional al municipio Federaci\u00f3n del estado Falc\u00f3n"},"content":{"rendered":"<p style=\"text-align: justify;\" align=\"center\"><em><strong><span style=\"font-family: helvetica, arial, sans-serif; font-size: 18px;\">**La instituci\u00f3n reafirma su compromiso de territorializar la formaci\u00f3n en\u00a0la regi\u00f3n<\/span><\/strong><\/em><!--more--><\/p>\n<p style=\"text-align: justify;\" align=\"justify\"><span style=\"font-size: 18px; font-family: helvetica, arial, sans-serif;\"><b>MIRIAM GONZ\u00c1LEZ VILLARROEL<\/b><\/span><\/p>\n<p style=\"text-align: justify;\" align=\"justify\"><span style=\"font-family: helvetica, arial, sans-serif; font-size: 18px;\">El Instituto Nacional de Capacitaci\u00f3n y Educaci\u00f3n Socialista (Inces) contin\u00faa saliendo de sus espacios para llevar la formaci\u00f3n t\u00e9cnica profesional a todos los rincones del estado Falc\u00f3n. En este contexto el equipo integrado por la jefa del centro de formaci\u00f3n socialista (CFS) Ali Primera, Elis Colina Bracho y el equipo de maestros t\u00e9cnicos productivos (MTP) Luis Fernando Cordero, Soilivi Molleja y Miguel Gauna, se traslad\u00f3 al municipio Federaci\u00f3n para desplegar un abordaje integral que vincula al sector p\u00fablico y al poder comunal.<\/span><\/p>\n<p align=\"justify\"><img loading=\"lazy\" decoding=\"async\" class=\"aligncenter wp-image-71859 size-full\" src=\"https:\/\/inces.gob.ve\/wp-content\/uploads\/2026\/04\/federacion-8.jpg\" alt=\"\" width=\"800\" height=\"496\" srcset=\"https:\/\/inces.gob.ve\/wp-content\/uploads\/2026\/04\/federacion-8.jpg 800w, https:\/\/inces.gob.ve\/wp-content\/uploads\/2026\/04\/federacion-8-300x186.jpg 300w, https:\/\/inces.gob.ve\/wp-content\/uploads\/2026\/04\/federacion-8-768x476.jpg 768w\" sizes=\"auto, (max-width: 800px) 100vw, 800px\" \/><\/p>\n<p style=\"text-align: justify;\" align=\"justify\"><span style=\"font-family: helvetica, arial, sans-serif; font-size: 18px;\">Estas acciones, orientadas por la gerente regional, Eneyda Mart\u00ednez Rodr\u00edguez, buscan consolidar alianzas estrat\u00e9gicas que favorezcan directamente a los trabajadores de las entidades de trabajo, en el caso particular, a los de la Alcald\u00eda de Federaci\u00f3n, asimismo, articular esfuerzos con las diferentes comunas y entidades educativas. En este recorrido, el equipo del Inces se reuni\u00f3 con representantes de las Comunas y Entidades Educativas p\u00fablicas y privadas de la localidad, demostrando el compromiso de la instituci\u00f3n y la alcald\u00eda por expandir oportunidades de formaci\u00f3n y desarrollo a toda la comunidad.<\/span><\/p>\n<p style=\"text-align: justify;\" align=\"center\"><img loading=\"lazy\" decoding=\"async\" class=\"aligncenter wp-image-71862 size-full\" src=\"https:\/\/inces.gob.ve\/wp-content\/uploads\/2026\/04\/federacion-4.jpg\" alt=\"\" width=\"800\" height=\"600\" srcset=\"https:\/\/inces.gob.ve\/wp-content\/uploads\/2026\/04\/federacion-4.jpg 800w, https:\/\/inces.gob.ve\/wp-content\/uploads\/2026\/04\/federacion-4-300x225.jpg 300w, https:\/\/inces.gob.ve\/wp-content\/uploads\/2026\/04\/federacion-4-768x576.jpg 768w, https:\/\/inces.gob.ve\/wp-content\/uploads\/2026\/04\/federacion-4-136x102.jpg 136w\" sizes=\"auto, (max-width: 800px) 100vw, 800px\" \/><\/p>\n<p style=\"text-align: justify;\" align=\"center\"><span style=\"font-family: helvetica, arial, sans-serif; font-size: 18px;\"><b>Formaci\u00f3n T\u00e9cnica Profesional para los trabajadores de la Alcald\u00eda<\/b><\/span><\/p>\n<p style=\"text-align: justify;\" align=\"justify\"><span style=\"font-family: helvetica, arial, sans-serif; font-size: 18px;\">Expres\u00f3 Elis Colina Bracho, la Alcald\u00eda del municipio Federaci\u00f3n ha dado un paso importante en el fortalecimiento de su capital humano, dando inicio al perfil productivo laboral: Gestor Empresarial de Talento Humano, en el cual m\u00e1s de 30 trabajadores participan activamente, potenciando sus habilidades y conocimientos con las unidades curriculares: Oratoria y Habilidades Socioemocionales, con el talento del maestro t\u00e9cnico productivo Luis Fernando Cordero y bajo la programaci\u00f3n del CFS Ali Primera.<\/span><\/p>\n<p style=\"text-align: justify;\" align=\"justify\"><span style=\"font-family: helvetica, arial, sans-serif; font-size: 18px;\">Igualmente,\u00a0con 30 participantes,\u00a0se instal\u00f3 el perfil\u00a0productivo: Electricista de Mantenimiento industrial, con las unidades curriculares: Electricidad B\u00e1sica y Seguridad y Salud Laboral, contando para esta acci\u00f3n, con\u00a0la experiencia y conocimientos\u00a0del maestro Miguel Gauna Pastr\u00e1n.<\/span><\/p>\n<p align=\"justify\"><img loading=\"lazy\" decoding=\"async\" class=\"aligncenter wp-image-71862 size-full\" src=\"https:\/\/inces.gob.ve\/wp-content\/uploads\/2026\/04\/federacion-4.jpg\" alt=\"\" width=\"800\" height=\"600\" srcset=\"https:\/\/inces.gob.ve\/wp-content\/uploads\/2026\/04\/federacion-4.jpg 800w, https:\/\/inces.gob.ve\/wp-content\/uploads\/2026\/04\/federacion-4-300x225.jpg 300w, https:\/\/inces.gob.ve\/wp-content\/uploads\/2026\/04\/federacion-4-768x576.jpg 768w, https:\/\/inces.gob.ve\/wp-content\/uploads\/2026\/04\/federacion-4-136x102.jpg 136w\" sizes=\"auto, (max-width: 800px) 100vw, 800px\" \/><\/p>\n<p style=\"text-align: justify;\" align=\"justify\"><span style=\"font-family: helvetica, arial, sans-serif; font-size: 18px;\">Al respecto, el alcalde del municipio Federaci\u00f3n Jean Carlos Salero Morillo, expres\u00f3 su agradecimiento al Inces Falc\u00f3n y a su gerente regional, Eneyda Mart\u00ednez Rodr\u00edguez, por esta alianza estrat\u00e9gica que busca mejorar la calidad de vida de los trabajadores. Dijo: \u201cEl objetivo es convertir a la alcald\u00eda en una universidad para los trabajadores, ofreci\u00e9ndoles oportunidades, para quienes no han podido acceder a la educaci\u00f3n formal, permiti\u00e9ndoles terminar el bachillerato y formarse o perfeccionarse en \u00e1reas t\u00e9cnicas profesionales\u201d.<\/span><\/p>\n<p align=\"justify\"><img loading=\"lazy\" decoding=\"async\" class=\"aligncenter wp-image-71863 \" src=\"https:\/\/inces.gob.ve\/wp-content\/uploads\/2026\/04\/federacion-2-e1777474874521.jpg\" alt=\"\" width=\"698\" height=\"620\" srcset=\"https:\/\/inces.gob.ve\/wp-content\/uploads\/2026\/04\/federacion-2-e1777474874521.jpg 756w, https:\/\/inces.gob.ve\/wp-content\/uploads\/2026\/04\/federacion-2-e1777474874521-300x267.jpg 300w\" sizes=\"auto, (max-width: 698px) 100vw, 698px\" \/><\/p>\n<p style=\"text-align: justify;\" align=\"justify\"><span style=\"font-family: helvetica, arial, sans-serif; font-size: 18px;\">Destac\u00f3 el alcalde la experiencia y capacidad del Inces, \u201cespero que esta colaboraci\u00f3n beneficie tanto a los trabajadores de la alcald\u00eda como a la poblaci\u00f3n en general, y estoy muy agradecido, porque se est\u00e1n retomando las formaciones que el Inces ha ofrecido hist\u00f3ricamente en toda la regi\u00f3n y en el pa\u00eds\u201d.<\/span><\/p>\n","protected":false},"excerpt":{"rendered":"<p>**La instituci\u00f3n reafirma su compromiso de territorializar la formaci\u00f3n en\u00a0la regi\u00f3n<\/p>\n","protected":false},"author":15,"featured_media":71860,"comment_status":"closed","ping_status":"closed","sticky":false,"template":"","format":"standard","meta":{"footnotes":""},"categories":[2],"tags":[],"class_list":["post-71858","post","type-post","status-publish","format-standard","has-post-thumbnail","hentry","category-blog"],"_links":{"self":[{"href":"https:\/\/inces.gob.ve\/index.php\/wp-json\/wp\/v2\/posts\/71858","targetHints":{"allow":["GET"]}}],"collection":[{"href":"https:\/\/inces.gob.ve\/index.php\/wp-json\/wp\/v2\/posts"}],"about":[{"href":"https:\/\/inces.gob.ve\/index.php\/wp-json\/wp\/v2\/types\/post"}],"author":[{"embeddable":true,"href":"https:\/\/inces.gob.ve\/index.php\/wp-json\/wp\/v2\/users\/15"}],"replies":[{"embeddable":true,"href":"https:\/\/inces.gob.ve\/index.php\/wp-json\/wp\/v2\/comments?post=71858"}],"version-history":[{"count":3,"href":"https:\/\/inces.gob.ve\/index.php\/wp-json\/wp\/v2\/posts\/71858\/revisions"}],"predecessor-version":[{"id":71866,"href":"https:\/\/inces.gob.ve\/index.php\/wp-json\/wp\/v2\/posts\/71858\/revisions\/71866"}],"wp:featuredmedia":[{"embeddable":true,"href":"https:\/\/inces.gob.ve\/index.php\/wp-json\/wp\/v2\/media\/71860"}],"wp:attachment":[{"href":"https:\/\/inces.gob.ve\/index.php\/wp-json\/wp\/v2\/media?parent=71858"}],"wp:term":[{"taxonomy":"category","embeddable":true,"href":"https:\/\/inces.gob.ve\/index.php\/wp-json\/wp\/v2\/categories?post=71858"},{"taxonomy":"post_tag","embeddable":true,"href":"https:\/\/inces.gob.ve\/index.php\/wp-json\/wp\/v2\/tags?post=71858"}],"curies":[{"name":"wp","href":"https:\/\/api.w.org\/{rel}","templated":true}]}}